{"id":21836825,"date":"2017-07-10T11:29:34","date_gmt":"2017-07-10T11:29:34","guid":{"rendered":"https:\/\/www.upo.es\/diario\/?p=21836825"},"modified":"2017-07-10T11:29:34","modified_gmt":"2017-07-10T11:29:34","slug":"sobresaliente-cum-laude-para-la-tesis-la-complejidad-sintactica-en-la-escritura-academica-un-estudio-comparativo-entre-contexto-bilingue-y-contexto-ele","status":"publish","type":"post","link":"https:\/\/www.upo.es\/diario\/tesis\/2017\/07\/sobresaliente-cum-laude-para-la-tesis-la-complejidad-sintactica-en-la-escritura-academica-un-estudio-comparativo-entre-contexto-bilingue-y-contexto-ele\/","title":{"rendered":"Sobresaliente Cum Laude para la tesis \u201cLa complejidad sint\u00e1ctica en la escritura acad\u00e9mica. Un estudio comparativo entre contexto biling\u00fce y contexto ELE\u201d"},"content":{"rendered":"<p><span style=\"color: #000000; font-family: Times New Roman;\">El viernes pasado tuvo lugar en la Sala de Tesis del Edificio 45 la defensa p\u00fablica de la tesis doctoral titulada \u201cLa complejidad sint\u00e1ctica en la escritura acad\u00e9mica. Un estudio comparativo entre contexto biling\u00fce y contexto ELE\u201d, de la que es autora Magdalena Jim\u00e9nez Naharro. Esta tesis doctoral, dirigida por el profesor Francisco Jos\u00e9 Lorenzo Berguillos de la Universidad Pablo de Olavide en el marco del programa de doctorado \u201cHistoria y Estudios Human\u00edsticos: Europa, Am\u00e9rica, Arte y Lenguas\u201d, ha obtenido la calificaci\u00f3n de Sobresaliente Cum Laude y la menci\u00f3n de Doctor Internacional. <\/span><\/p>\n<p><span style=\"color: #000000; font-family: Times New Roman;\">\u00a0<\/span><\/p>\n","protected":false},"excerpt":{"rendered":"<p>El viernes pasado tuvo lugar en la Sala de Tesis del Edificio 45 la defensa p\u00fablica de la tesis doctoral titulada \u201cLa complejidad sint\u00e1ctica en la escritura acad\u00e9mica. Un estudio comparativo entre contexto biling\u00fce y contexto ELE\u201d, de la que es autora Magdalena Jim\u00e9nez Naharro. Esta tesis doctoral, dirigida por el profesor Francisco Jos\u00e9 Lorenzo Berguillos de la Universidad Pablo de Olavide en el marco del programa de doctorado \u201cHistoria y Estudios Human\u00edsticos: Europa, Am\u00e9rica, Arte y Lenguas\u201d, ha obtenido la calificaci\u00f3n de Sobresaliente Cum Laude y la menci\u00f3n de Doctor Internacional. <\/p>\n","protected":false},"author":5,"featured_media":0,"comment_status":"closed","ping_status":"open","sticky":false,"template":"","format":"standard","meta":{"_monsterinsights_skip_tracking":false,"_monsterinsights_sitenote_active":false,"_monsterinsights_sitenote_note":"","_monsterinsights_sitenote_category":0,"footnotes":""},"categories":[119],"tags":[2495,973,3470,707,4261],"class_list":["post-21836825","post","type-post","status-publish","format-standard","hentry","category-tesis","tag-bilinguismo","tag-doctorado","tag-ele","tag-filologia","tag-naharro"],"_links":{"self":[{"href":"https:\/\/www.upo.es\/diario\/wp-json\/wp\/v2\/posts\/21836825","targetHints":{"allow":["GET"]}}],"collection":[{"href":"https:\/\/www.upo.es\/diario\/wp-json\/wp\/v2\/posts"}],"about":[{"href":"https:\/\/www.upo.es\/diario\/wp-json\/wp\/v2\/types\/post"}],"author":[{"embeddable":true,"href":"https:\/\/www.upo.es\/diario\/wp-json\/wp\/v2\/users\/5"}],"replies":[{"embeddable":true,"href":"https:\/\/www.upo.es\/diario\/wp-json\/wp\/v2\/comments?post=21836825"}],"version-history":[{"count":1,"href":"https:\/\/www.upo.es\/diario\/wp-json\/wp\/v2\/posts\/21836825\/revisions"}],"predecessor-version":[{"id":21836826,"href":"https:\/\/www.upo.es\/diario\/wp-json\/wp\/v2\/posts\/21836825\/revisions\/21836826"}],"wp:attachment":[{"href":"https:\/\/www.upo.es\/diario\/wp-json\/wp\/v2\/media?parent=21836825"}],"wp:term":[{"taxonomy":"category","embeddable":true,"href":"https:\/\/www.upo.es\/diario\/wp-json\/wp\/v2\/categories?post=21836825"},{"taxonomy":"post_tag","embeddable":true,"href":"https:\/\/www.upo.es\/diario\/wp-json\/wp\/v2\/tags?post=21836825"}],"curies":[{"name":"wp","href":"https:\/\/api.w.org\/{rel}","templated":true}]}}