{"id":21863523,"date":"2017-07-12T06:13:43","date_gmt":"2017-07-12T04:13:43","guid":{"rendered":"https:\/\/www.upo.es\/diario\/?p=21863523"},"modified":"2020-10-27T16:41:57","modified_gmt":"2020-10-27T15:41:57","slug":"la-periodista-beatriz-jarrin-participara-manana-en-el-curso-iniciacion-a-la-produccion-de-moda-y-direccion-creativa","status":"publish","type":"post","link":"https:\/\/www.upo.es\/diario\/institucional\/2017\/07\/la-periodista-beatriz-jarrin-participara-manana-en-el-curso-iniciacion-a-la-produccion-de-moda-y-direccion-creativa\/","title":{"rendered":"La periodista Beatriz Jarr\u00edn participa en el curso \u201cIniciaci\u00f3n a la producci\u00f3n de moda y direcci\u00f3n creativa\u201d"},"content":{"rendered":"<figure id=\"attachment_21863524\" aria-describedby=\"caption-attachment-21863524\" style=\"width: 320px\" class=\"wp-caption alignright\"><a href=\"https:\/\/www.upo.es\/diario\/wp-content\/uploads\/2017\/07\/BeatrizJarrin.jpg\"><img loading=\"lazy\" decoding=\"async\" class=\"size-medium wp-image-21863524\" alt=\"Beatriz Jarr\u00edn\" src=\"https:\/\/www.upo.es\/diario\/wp-content\/uploads\/2017\/07\/BeatrizJarrin-320x320.jpg\" width=\"320\" height=\"320\" \/><\/a><figcaption id=\"caption-attachment-21863524\" class=\"wp-caption-text\">Beatriz Jarr\u00edn<\/figcaption><\/figure>\n<p>La periodista Beatriz Jarr\u00edn, del programa Hora Punta de TVE, ofrecer\u00e1 una conferencia hoy mi\u00e9rcoles a las 16:00 horas en la Casa Palacio de los Briones enmarcada en el curso \u201cIniciaci\u00f3n a la producci\u00f3n de moda y direcci\u00f3n creativa\u201d que se viene celebrando en Carmona desde el lunes y lo har\u00e1 con la conferencia \u201cBrand Ambassador\u201d. A las 17:00 horas le seguir\u00e1 la ponencia que pronunciar\u00e1 Emmanuel Rola, fot\u00f3grafo de moda, titulada \u201cLaboratorio digital. Iniciaci\u00f3n al retoque fotogr\u00e1fico\u201d.<\/p>\n<p>A lo largo del d\u00eda, este curso se desarrollar\u00e1 en Aldebar\u00e1n Estudio, en la localidad sevillana de Camas, con la conferencia a las 9:00 horas de Emmanuel Rola titulada \u201cIniciaci\u00f3n a la sesi\u00f3n fotogr\u00e1fica\u201d y, a continuaci\u00f3n, seguir\u00e1 Natalia S\u00e1nchez, maquilladora, con la ponencia \u201cMua y sus peculiaridades\u201d. A las 11:15 horas se celebrar\u00e1 el taller \u201cDesarrollo de una sesi\u00f3n fotogr\u00e1fica\u201d en el que participar\u00e1n Susana Granados, ayudante de producci\u00f3n; Tala \u00c1lvarez, directora del curso; Natalia S\u00e1nchez y Emmanuel Rola.<\/p>\n<p>Por otro lado, hoy mi\u00e9rcoles se inaugura el curso \u201cVinos de Andaluc\u00eda, sus maridajes y sus levaduras. 2\u00aa Edici\u00f3n: Vinos de Jerez\u201d que se celebrar\u00e1 en el aula 6 de la Casa Palacio de los Briones hasta el pr\u00f3ximo viernes, 14 de julio. Inaugurar\u00e1 el curso el profesor Juan Jim\u00e9nez Mart\u00ednez, catedr\u00e1tico de Gen\u00e9tica de la Universidad Pablo de Olavide y presidente del colectivo Olavidium, a las 9:30 horas. A continuaci\u00f3n, C\u00e9sar Salda\u00f1a, director general de los Consejos Reguladores del Vino y del Brandy de Jerez, ofrecer\u00e1 la ponencia \u201cEl origen de los vinos de la regi\u00f3n de Jerez, m\u00e9todos de producci\u00f3n y su regulaci\u00f3n; y a las 11:30 horas, Tah\u00eda Ben\u00edtez, catedr\u00e1tica de Gen\u00e9tica de la Universidad de Sevilla, la ponencia titulada \u201cTratamientos biol\u00f3gicos de la uva en la comarca de Jerez\u201d.<\/p>\n<p>A las 12:30 horas, Ignacio Ibeas, investigador principal del Centro Andaluz de Biolog\u00eda del Desarrollo, hablar\u00e1 sobre \u201cLas levaduras de fermentaci\u00f3n y de crianza biol\u00f3gica\u201d y concluir\u00e1 el d\u00eda con los talleres de bodega: \u201cLevaduras especiales para vinos especiales\u201d, del profesor Juan Jim\u00e9nez Mart\u00ednez; \u201cLevaduras del vino in situ\u201d de Ram\u00f3n Ramos, de la Universidad Pablo de Olavide; y \u201cCata y maridaje de vino \u2018Olavidium\u201d, coordinada por Andr\u00e9s Garz\u00f3n, profesor de la UPO.<\/p>\n<p>Entre los seminarios que concluyen este mi\u00e9rcoles se encuentra el \u201cCurso internacional \u201cTraducir el cine\u201d. 1\u00aa Edici\u00f3n: las series, nuevas ficciones cinematogr\u00e1ficas\u201d y lo har\u00e1 con una conferencia, un taller y una mesa redonda. En primer lugar a las 10:00 horas, Jos\u00e9 Duarte, del Centro de Estudios Ingleses de la Universidad de Lisboa, ofrecer\u00e1 la conferencia \u201cTradici\u00f3n cultural cinematogr\u00e1fica: True detective y Six feet under\u201d; posteriormente, a las 12:00 horas la profesora Ana Coelho, de la Universidad de Lisboa impartir\u00e1 el taller \u201cAdaptar el canon al espectador del siglo 21: el caso de Jane Austen\u00a0 y por \u00faltimo a las 15:00 horas, el seminario concluir\u00e1 con la mesa redonda \u201c\u00bfHacia d\u00f3nde va el sector audiovisual? El caso de las series\u201d en la que participar\u00e1n Jos\u00e9 Duarte, Ana Coelho y Paula Camacho, directora del curso.<\/p>\n<p>El curso \u201cCoaching, comunicaci\u00f3n y liderazgo. Aplicaci\u00f3n en el \u00e1mbito personal y empresarial\u201d concluye tambi\u00e9n con una conferencia-taller y una mesa redonda. En primer lugar a las 9:00 horas, en el aula 4 se llevar\u00e1 a cabo la conferencia-taller \u201cDin\u00e1micas en el laboratorio emocional\u201d y, a continuaci\u00f3n, la mesa redonda \u201cConclusiones finales del curso Coaching, Comunicaci\u00f3n y Liderazgo\u201d en la que participar\u00e1n Samantha Mu\u00f1oz Vera, directora del curso; Marina G. D\u00edaz-Jarg\u00fcin, experta universitaria en coaching personal; y Mar\u00eda Falc\u00f3n, coach y experta en PNL.<\/p>\n<p>Por otro lado, tambi\u00e9n finalizar\u00e1 hoy el seminario \u201cHerramientas de comunicaci\u00f3n para organizaciones, instituciones o empresas. La importancia de conocerlas y saberlas usar\u201d, que comenzar\u00e1 su \u00faltima jornada con la conferencia de Jos\u00e9 Manuel Torres Ayala, responsable de comunicaci\u00f3n de CC.OO. de Sevilla, titulada \u201cElementos y estrategias de comunicaci\u00f3n a trav\u00e9s de Facebook y Twitter: el ejemplo de CC.OO. de Sevilla\u201d. A las 11:30 horas proseguir\u00e1 el curso con el taller \u201cLa cueva de IU: comunicaci\u00f3n pol\u00edtica en redes sociales\u201d en el que participar\u00e1n Alejo Sanz y Carlos S\u00e1nchez, del equipo de comunicaci\u00f3n y redes sociales de Izquierda Unida. Y por \u00faltimo, a las 13:00 horas, Nuria L\u00f3pez Mar\u00edn, secretaria general de CC.OO. en Andaluc\u00eda; Alfonso Vid\u00e1n Mart\u00ednez, secretario general de CC.OO. de Sevilla, y Alberto Barrios Gonz\u00e1lez, secretario de comunicaci\u00f3n de CC.OO. de Andaluc\u00eda pondr\u00e1n punto y final al seminario con la entrega de diplomas.<\/p>\n<p>Asimismo, otro de los seminarios que cierra su programaci\u00f3n es el de \u201cAlimentaci\u00f3n vegetariana: actualizaci\u00f3n, mitos y claves\u201d que desde el lunes se desarrolla en el Hotel Alc\u00e1zar de la Reina. En primer lugar, a las 10:00 horas, Griselda Herrero, directora del curso ofrecer\u00e1 el taller \u201cSer vegetariano y no morir en el intento\u201d. A continuaci\u00f3n, Naira Fern\u00e1ndez, especialista en nutrici\u00f3n deportiva vegetariana, pronunciar\u00e1 la conferencia \u201cDeporte y alimentaci\u00f3n vegetariana son compatibles\u201d y para terminar la ma\u00f1ana, Manuel Soto Al\u00e9s, entrenador de Norte Salud Nutrici\u00f3n, ofrecer\u00e1 la ponencia \u201c\u00bfPuede un deportista de \u00e9lite ser vegetariano?\u201d. Por la tarde, a las 16:00 horas, Griselda Herrero ofrecer\u00e1 el taller \u201cC\u00f3mo adaptar platos cl\u00e1sicos a una dieta vegetariana y vegana\u201d y, para concluir, Jos\u00e9 Mar\u00eda Capit\u00e1n, dietista-nutricionista en el Observatorio de la Salud del Servicio de Salud del Ayuntamiento de Sevilla, clausurar\u00e1 con la conferencia \u201cLas instituciones y su implicaci\u00f3n con el vegetarianismo\u201d.<\/p>\n","protected":false},"excerpt":{"rendered":"<p>La periodista Beatriz Jarr\u00edn, del programa Hora Punta de TVE, participa en el curso \u201cIniciaci\u00f3n a la producci\u00f3n de moda y direcci\u00f3n creativa\u201d celebrado en Carmona con la conferencia \u201cBrand Ambassador\u201d. <\/p>\n","protected":false},"author":14,"featured_media":0,"comment_status":"closed","ping_status":"open","sticky":false,"template":"","format":"standard","meta":{"_monsterinsights_skip_tracking":false,"_monsterinsights_sitenote_active":false,"_monsterinsights_sitenote_note":"","_monsterinsights_sitenote_category":0,"footnotes":""},"categories":[6],"tags":[4280,22,60,1610,519,4281],"class_list":["post-21863523","post","type-post","status-publish","format-standard","hentry","category-institucional","tag-beatriz-jarrin","tag-cursos-de-verano","tag-fotografia","tag-moda","tag-olavide-en-carmona","tag-vinos-de-andalucia"],"_links":{"self":[{"href":"https:\/\/www.upo.es\/diario\/wp-json\/wp\/v2\/posts\/21863523","targetHints":{"allow":["GET"]}}],"collection":[{"href":"https:\/\/www.upo.es\/diario\/wp-json\/wp\/v2\/posts"}],"about":[{"href":"https:\/\/www.upo.es\/diario\/wp-json\/wp\/v2\/types\/post"}],"author":[{"embeddable":true,"href":"https:\/\/www.upo.es\/diario\/wp-json\/wp\/v2\/users\/14"}],"replies":[{"embeddable":true,"href":"https:\/\/www.upo.es\/diario\/wp-json\/wp\/v2\/comments?post=21863523"}],"version-history":[{"count":1,"href":"https:\/\/www.upo.es\/diario\/wp-json\/wp\/v2\/posts\/21863523\/revisions"}],"predecessor-version":[{"id":30862192,"href":"https:\/\/www.upo.es\/diario\/wp-json\/wp\/v2\/posts\/21863523\/revisions\/30862192"}],"wp:attachment":[{"href":"https:\/\/www.upo.es\/diario\/wp-json\/wp\/v2\/media?parent=21863523"}],"wp:term":[{"taxonomy":"category","embeddable":true,"href":"https:\/\/www.upo.es\/diario\/wp-json\/wp\/v2\/categories?post=21863523"},{"taxonomy":"post_tag","embeddable":true,"href":"https:\/\/www.upo.es\/diario\/wp-json\/wp\/v2\/tags?post=21863523"}],"curies":[{"name":"wp","href":"https:\/\/api.w.org\/{rel}","templated":true}]}}