{"id":21889110,"date":"2017-07-13T02:14:08","date_gmt":"2017-07-13T00:14:08","guid":{"rendered":"https:\/\/www.upo.es\/diario\/?p=21889110"},"modified":"2020-10-27T16:42:08","modified_gmt":"2020-10-27T15:42:08","slug":"hoy-comienza-el-curso-mediacion-concursal-y-civil-liquidacion-societaria-liquidacion-concursal","status":"publish","type":"post","link":"https:\/\/www.upo.es\/diario\/institucional\/2017\/07\/hoy-comienza-el-curso-mediacion-concursal-y-civil-liquidacion-societaria-liquidacion-concursal\/","title":{"rendered":"Comienza el curso \u201cMediaci\u00f3n concursal y civil. Liquidaci\u00f3n societaria-liquidaci\u00f3n concursal\u201d"},"content":{"rendered":"<p><a href=\"https:\/\/www.upo.es\/diario\/wp-content\/uploads\/2017\/07\/hammer-1506538_960_720.jpg\"><img loading=\"lazy\" decoding=\"async\" class=\"alignright size-medium wp-image-21889112\" alt=\"hammer-1506538_960_720\" src=\"https:\/\/www.upo.es\/diario\/wp-content\/uploads\/2017\/07\/hammer-1506538_960_720-320x223.jpg\" width=\"320\" height=\"223\" \/><\/a>Hoy jueves, 13 de julio, comienza un nuevo curso de la programaci\u00f3n de la XV Edici\u00f3n de los Cursos de Verano de la Universidad Pablo de Olavide que se celebran en la sede universitaria Olavide en Carmona-Rectora Rosario Valpuesta. Se trata del curso \u201cMediaci\u00f3n concursal y civil. Liquidaci\u00f3n societaria-liquidaci\u00f3n concursal\u201d que se llevar\u00e1 a cabo hasta el viernes en el aula 2 de la Casa Palacio de los Briones. El seminario comienza a las 10:00 horas con la inauguraci\u00f3n y, a continuaci\u00f3n, a las 11:00 horas, el notario Pablo Guti\u00e9rrez-Alviz Conradi ofrece la primera conferencia, titulada \u201cMediaci\u00f3n concursal y acuerdo extrajudicial de pago\u201d. A las 12:30 horas, la economista Mar\u00eda Dolores Baz Herrera aportar\u00e1 su visi\u00f3n con la ponencia \u201cPlan de viabilidad. Aspectos pr\u00e1cticos\u201d.<\/p>\n<p>Por la tarde, el curso continuar\u00e1 a las 16:00 horas con el taller \u201cAcuerdo extrajudicial de pago. Caso pr\u00e1ctico\u201d y posteriormente la mesa redonda \u201cExoneraci\u00f3n de pasivo\u201d, a las 18:00 horas. Ambos espacios contar\u00e1n con la presencia de Jos\u00e9 Mar\u00eda Ortega y Segura, abogado y administrador concursal; y Mar\u00eda Dolores Guti\u00e9rrez-Alviz, administradora y abogada. La mesa redonda estar\u00e1 moderada por Cecilia Franco Romero, directora del curso.<\/p>\n<p>Por otro lado, contin\u00faa hoy jueves el curso \u201cVinos de Andaluc\u00eda, sus maridajes y sus levaduras. 2\u00aa edici\u00f3n: vinos de Jerez\u201d que en su segunda jornada comienza a las 9:30 horas con la conferencia \u201cLos vinos generosos de la regi\u00f3n, su composici\u00f3n y sus variaciones locales\u201d que imparte Francisco Perdigones, de Bodegas Osborne. A las 11:00 horas, los alumnos parten hacia Jerez para realizar una visita a las Bodegas Gonz\u00e1lez Byass en las que realizar\u00e1n dos talleres: \u201cVisita a Bodegas Gonz\u00e1lez Byass\u201d de la mano de Jos\u00e9 Argudo, jefe de marketing de las bodegas y \u201cCata maridada de vinos de bodega\u201d que impartir\u00e1 Antonio Flores, <i>master blender<\/i> de las bodegas, con la colaboraci\u00f3n de Virginia Miller, <i>discovery sherry<\/i>. A las 16:30 horas, partir\u00e1n hacia el Puerto de Santa Mar\u00eda para visitar la Bodega Guti\u00e9rrez-Colos\u00eda de la mano de su propietario, el bodeguero Juan Carlos Guti\u00e9rrez-Colos\u00eda.<\/p>\n<p>Otro de los cursos que contin\u00faa hoy jueves es el de \u201cIniciaci\u00f3n a la producci\u00f3n de moda y direcci\u00f3n creativa\u201d que desde el lunes analiza en la sede Olavide en Carmona los retos de la producci\u00f3n de moda. Lo hace en esta jornada, la cuarta, con la conferencia \u201cEl trabajo de la Booker\u201d de Pedro Gonz\u00e1lez, de la agencia Doble Erre a las 10:00 horas en el aula 3 de la Casa Palacio de los Briones. A las 12:15 horas, Manuela Montes, directora de MM Expression, impartir\u00e1 el taller \u201cPasarela\u201d.<\/p>\n","protected":false},"excerpt":{"rendered":"<p>Hoy jueves, 13 de julio, comienza un nuevo curso de la programaci\u00f3n de la XV Edici\u00f3n de los Cursos de Verano de la Universidad Pablo de Olavide que se celebran en la sede universitaria Olavide en Carmona-Rectora Rosario Valpuesta. Se trata del curso \u201cMediaci\u00f3n concursal y civil. Liquidaci\u00f3n societaria-liquidaci\u00f3n concursal\u201d que se llevar\u00e1 a cabo hasta el viernes en el aula 2 de la Casa Palacio de los Briones. El seminario comienza a las 10:00 horas con la inauguraci\u00f3n y, a continuaci\u00f3n, a las 11:00 horas, el notario Pablo Guti\u00e9rrez-Alviz Conradi ofrece la primera conferencia, titulada \u201cMediaci\u00f3n concursal y acuerdo extrajudicial de pago\u201d.<\/p>\n","protected":false},"author":14,"featured_media":0,"comment_status":"closed","ping_status":"open","sticky":false,"template":"","format":"standard","meta":{"_monsterinsights_skip_tracking":false,"_monsterinsights_sitenote_active":false,"_monsterinsights_sitenote_note":"","_monsterinsights_sitenote_category":0,"footnotes":""},"categories":[6],"tags":[4288,2658,4289,1610,519,4281],"class_list":["post-21889110","post","type-post","status-publish","format-standard","hentry","category-institucional","tag-cursos-de-ver","tag-mediacion-civil","tag-mediacion-concursal","tag-moda","tag-olavide-en-carmona","tag-vinos-de-andalucia"],"_links":{"self":[{"href":"https:\/\/www.upo.es\/diario\/wp-json\/wp\/v2\/posts\/21889110","targetHints":{"allow":["GET"]}}],"collection":[{"href":"https:\/\/www.upo.es\/diario\/wp-json\/wp\/v2\/posts"}],"about":[{"href":"https:\/\/www.upo.es\/diario\/wp-json\/wp\/v2\/types\/post"}],"author":[{"embeddable":true,"href":"https:\/\/www.upo.es\/diario\/wp-json\/wp\/v2\/users\/14"}],"replies":[{"embeddable":true,"href":"https:\/\/www.upo.es\/diario\/wp-json\/wp\/v2\/comments?post=21889110"}],"version-history":[{"count":3,"href":"https:\/\/www.upo.es\/diario\/wp-json\/wp\/v2\/posts\/21889110\/revisions"}],"predecessor-version":[{"id":30862198,"href":"https:\/\/www.upo.es\/diario\/wp-json\/wp\/v2\/posts\/21889110\/revisions\/30862198"}],"wp:attachment":[{"href":"https:\/\/www.upo.es\/diario\/wp-json\/wp\/v2\/media?parent=21889110"}],"wp:term":[{"taxonomy":"category","embeddable":true,"href":"https:\/\/www.upo.es\/diario\/wp-json\/wp\/v2\/categories?post=21889110"},{"taxonomy":"post_tag","embeddable":true,"href":"https:\/\/www.upo.es\/diario\/wp-json\/wp\/v2\/tags?post=21889110"}],"curies":[{"name":"wp","href":"https:\/\/api.w.org\/{rel}","templated":true}]}}