{"id":2189116,"date":"2013-12-05T10:35:44","date_gmt":"2013-12-05T10:35:44","guid":{"rendered":"https:\/\/www.upo.es\/diario\/?p=2189116"},"modified":"2013-12-10T07:22:39","modified_gmt":"2013-12-10T07:22:39","slug":"las-alumnas-alba-maria-romero-y-carmen-maria-crespo-reciben-un-premio-por-participar-en-las-encuestas-sobre-docencia","status":"publish","type":"post","link":"https:\/\/www.upo.es\/diario\/institucional\/2013\/12\/las-alumnas-alba-maria-romero-y-carmen-maria-crespo-reciben-un-premio-por-participar-en-las-encuestas-sobre-docencia\/","title":{"rendered":"Las alumnas Alba Mar\u00eda Romero y Carmen Mar\u00eda Crespo reciben un premio por participar en las encuestas sobre docencia"},"content":{"rendered":"<figure id=\"attachment_2189117\" aria-describedby=\"caption-attachment-2189117\" style=\"width: 320px\" class=\"wp-caption alignright\"><a href=\"https:\/\/www.upo.es\/diario\/wp-content\/uploads\/2013\/12\/albamariaromero_grado.jpg\"><img loading=\"lazy\" decoding=\"async\" class=\"size-medium wp-image-2189117\" alt=\"Alba Mar\u00eda Romero, estudiante del grado en Geograf\u00eda e Historia, junto con el rector y la vicerrectora de TIC, Calidad e Innovaci\u00f3n\" src=\"https:\/\/www.upo.es\/diario\/wp-content\/uploads\/2013\/12\/albamariaromero_grado-320x208.jpg\" width=\"320\" height=\"208\" srcset=\"https:\/\/www.upo.es\/diario\/wp-content\/uploads\/2013\/12\/albamariaromero_grado-320x208.jpg 320w, https:\/\/www.upo.es\/diario\/wp-content\/uploads\/2013\/12\/albamariaromero_grado-1024x668.jpg 1024w, https:\/\/www.upo.es\/diario\/wp-content\/uploads\/2013\/12\/albamariaromero_grado-600x391.jpg 600w, https:\/\/www.upo.es\/diario\/wp-content\/uploads\/2013\/12\/albamariaromero_grado.jpg 2004w\" sizes=\"auto, (max-width: 320px) 100vw, 320px\" \/><\/a><figcaption id=\"caption-attachment-2189117\" class=\"wp-caption-text\">Alba Mar\u00eda Romero, estudiante del grado en Geograf\u00eda e Historia, junto con el rector y la vicerrectora de TIC, Calidad e Innovaci\u00f3n<\/figcaption><\/figure>\n<p style=\"text-align: justify;\">Las estudiantes de la UPO Alba Mar\u00eda Romero Mart\u00edn, del grado en Geograf\u00eda e Historia, y Carmen Mar\u00eda Crespo Sabido, del master universitario en Gerontolog\u00eda y Direcci\u00f3n y Gesti\u00f3n de Centros Gerontol\u00f3gicos, han recibido esta ma\u00f1ana de manos del rector, Vicente Guzm\u00e1n, y de la vicerrectora de TIC, Calidad e Innovaci\u00f3n, Alicia Troncoso, un iPod y iPad, respectivamente, fruto del sorteo realizado entre el alumnado que han cumplimentado todas las encuestas sobre docencia. La opini\u00f3n del alumnado es un elemento esencial para la mejora de la calidad de la docencia impartida, lo que a su vez revierte de manera directa en la calidad de los t\u00edtulos de la Universidad Pablo de Olavide.<\/p>\n<figure id=\"attachment_2189118\" aria-describedby=\"caption-attachment-2189118\" style=\"width: 320px\" class=\"wp-caption alignright\"><a href=\"https:\/\/www.upo.es\/diario\/wp-content\/uploads\/2013\/12\/carmencrespo_master.jpg\"><img loading=\"lazy\" decoding=\"async\" class=\"size-medium wp-image-2189118\" alt=\"Carmen Crespo , del master universitario en Gerontolog\u00eda y Direcci\u00f3n y Gesti\u00f3n de Centros Gerontol\u00f3gicos, junto con el rector y la vicerrectora de TIC, Calidad e Innovaci\u00f3n\" src=\"https:\/\/www.upo.es\/diario\/wp-content\/uploads\/2013\/12\/carmencrespo_master-320x216.jpg\" width=\"320\" height=\"216\" srcset=\"https:\/\/www.upo.es\/diario\/wp-content\/uploads\/2013\/12\/carmencrespo_master-320x216.jpg 320w, https:\/\/www.upo.es\/diario\/wp-content\/uploads\/2013\/12\/carmencrespo_master-1024x691.jpg 1024w, https:\/\/www.upo.es\/diario\/wp-content\/uploads\/2013\/12\/carmencrespo_master-600x405.jpg 600w, https:\/\/www.upo.es\/diario\/wp-content\/uploads\/2013\/12\/carmencrespo_master.jpg 2025w\" sizes=\"auto, (max-width: 320px) 100vw, 320px\" \/><\/a><figcaption id=\"caption-attachment-2189118\" class=\"wp-caption-text\">Carmen Crespo, del master universitario en Gerontolog\u00eda y Direcci\u00f3n y Gesti\u00f3n de Centros Gerontol\u00f3gicos, junto con el rector y la vicerrectora de TIC, Calidad e Innovaci\u00f3n<\/figcaption><\/figure>\n<p style=\"text-align: justify;\">Por ello, desde el Vicerrectorado de TIC, Calidad e Innovaci\u00f3n se eval\u00faa la docencia de forma online, facilitando as\u00ed a los estudiantes de la UPO que puedan evaluar a sus profesores desde cualquier lugar, a trav\u00e9s de una plataforma cercana para ellos como es el Aula Virtual. De esta manera, se impulsa el uso de un servicio efectivo, r\u00e1pido y econ\u00f3mico. Con objeto de incentivar la participaci\u00f3n y reconocer el esfuerzo realizado por los estudiantes que han cumplimentado todas las encuestas que les corresponden, el Vicerrectorado ha sorteado un iPod en el caso de los estudiantes de grado y un iPad para los de masteres, el pasado 2 de julio en la Secretar\u00eda General de la UPO con la presencia de dos testigos.<\/p>\n<p>&nbsp;<\/p>\n","protected":false},"excerpt":{"rendered":"<p>Las estudiantes de la UPO Alba Mar\u00eda Romero Mart\u00edn, del grado en Geograf\u00eda e Historia, y Carmen Mar\u00eda Crespo Sabido, del master universitario en Gerontolog\u00eda y Direcci\u00f3n y Gesti\u00f3n de Centros Gerontol\u00f3gicos, han recibido  de manos del rector, Vicente Guzm\u00e1n, y de la vicerrectora de TIC, Calidad e Innovaci\u00f3n, Alicia Troncoso, un iPod y iPad, respectivamente, fruto del sorteo realizado entre el alumnado que han cumplimentado todas las encuestas sobre docencia. <\/p>\n","protected":false},"author":4,"featured_media":0,"comment_status":"closed","ping_status":"open","sticky":false,"template":"","format":"standard","meta":{"_monsterinsights_skip_tracking":false,"_monsterinsights_sitenote_active":false,"_monsterinsights_sitenote_note":"","_monsterinsights_sitenote_category":0,"footnotes":""},"categories":[6],"tags":[740,238,1030,38,442],"class_list":["post-2189116","post","type-post","status-publish","format-standard","hentry","category-institucional","tag-calidad","tag-encuesta","tag-premios","tag-rector","tag-vicerrectorado"],"_links":{"self":[{"href":"https:\/\/www.upo.es\/diario\/wp-json\/wp\/v2\/posts\/2189116","targetHints":{"allow":["GET"]}}],"collection":[{"href":"https:\/\/www.upo.es\/diario\/wp-json\/wp\/v2\/posts"}],"about":[{"href":"https:\/\/www.upo.es\/diario\/wp-json\/wp\/v2\/types\/post"}],"author":[{"embeddable":true,"href":"https:\/\/www.upo.es\/diario\/wp-json\/wp\/v2\/users\/4"}],"replies":[{"embeddable":true,"href":"https:\/\/www.upo.es\/diario\/wp-json\/wp\/v2\/comments?post=2189116"}],"version-history":[{"count":5,"href":"https:\/\/www.upo.es\/diario\/wp-json\/wp\/v2\/posts\/2189116\/revisions"}],"predecessor-version":[{"id":2228879,"href":"https:\/\/www.upo.es\/diario\/wp-json\/wp\/v2\/posts\/2189116\/revisions\/2228879"}],"wp:attachment":[{"href":"https:\/\/www.upo.es\/diario\/wp-json\/wp\/v2\/media?parent=2189116"}],"wp:term":[{"taxonomy":"category","embeddable":true,"href":"https:\/\/www.upo.es\/diario\/wp-json\/wp\/v2\/categories?post=2189116"},{"taxonomy":"post_tag","embeddable":true,"href":"https:\/\/www.upo.es\/diario\/wp-json\/wp\/v2\/tags?post=2189116"}],"curies":[{"name":"wp","href":"https:\/\/api.w.org\/{rel}","templated":true}]}}