{"id":2190608,"date":"2013-12-05T14:24:54","date_gmt":"2013-12-05T14:24:54","guid":{"rendered":"https:\/\/www.upo.es\/diario\/?p=2190608"},"modified":"2013-12-05T14:24:54","modified_gmt":"2013-12-05T14:24:54","slug":"aprobadas-las-candidaturas-electas-provisionales-tras-las-elecciones-del-4-de-diciembre","status":"publish","type":"post","link":"https:\/\/www.upo.es\/diario\/infoupo\/2013\/12\/aprobadas-las-candidaturas-electas-provisionales-tras-las-elecciones-del-4-de-diciembre\/","title":{"rendered":"Aprobadas las candidaturas electas provisionales tras las elecciones del 4 de diciembre"},"content":{"rendered":"<p>La Comisi\u00f3n Electoral de la Universidad Pablo de Olavide, en su reuni\u00f3n de hoy, ha aprobado las <b>candidaturas electas provisionales<\/b>, tanto de las <b>elecciones directas<\/b> a representantes de estudiantes en Claustro y consejos de departamento, como de las <b>indirectas<\/b> en las que los delegados y subdelegados de grupo eligieron a sus representantes en las juntas de centro de la Universidad, al delegado y subdelegado de cada centro y a los restantes puestos que corresponden al alumnado en los consejos de departamento.<\/p>\n<p>La Comisi\u00f3n ha acordado tambi\u00e9n que el <b>plazo de reclamaciones para ambas candidaturas provisionales sea el pr\u00f3ximo martes 10 de diciembre<\/b>, pudi\u00e9ndose presentar tanto en el Registro General de la Universidad como a trav\u00e9s de su <a href=\"https:\/\/upo.gob.es\/\">sede electr\u00f3nica<\/a>.<\/p>\n<p>M\u00e1s informaci\u00f3n y consulta de las candidaturas electas provisionales en:\u00a0<b><a href=\"https:\/\/www1.upo.es\/elecciones\/\">www1.upo.es\/elecciones<\/a><\/b><\/p>\n","protected":false},"excerpt":{"rendered":"<p>La Comisi\u00f3n Electoral de la Universidad Pablo de Olavide, en su reuni\u00f3n de hoy, ha aprobado las candidaturas electas provisionales, tanto de las elecciones directas a representantes de estudiantes en Claustro y consejos de departamento, como de las indirectas en las que los delegados y subdelegados de grupo eligieron a sus representantes en las juntas de centro de la Universidad, al delegado y subdelegado de cada centro y a los restantes puestos que corresponden al alumnado en los consejos de departamento.<\/p>\n","protected":false},"author":6,"featured_media":0,"comment_status":"closed","ping_status":"open","sticky":false,"template":"","format":"standard","meta":{"_monsterinsights_skip_tracking":false,"_monsterinsights_sitenote_active":false,"_monsterinsights_sitenote_note":"","_monsterinsights_sitenote_category":0,"footnotes":""},"categories":[5],"tags":[508,488,69,21],"class_list":["post-2190608","post","type-post","status-publish","format-standard","hentry","category-infoupo","tag-centro","tag-departamento","tag-elecciones","tag-estudiantes"],"_links":{"self":[{"href":"https:\/\/www.upo.es\/diario\/wp-json\/wp\/v2\/posts\/2190608","targetHints":{"allow":["GET"]}}],"collection":[{"href":"https:\/\/www.upo.es\/diario\/wp-json\/wp\/v2\/posts"}],"about":[{"href":"https:\/\/www.upo.es\/diario\/wp-json\/wp\/v2\/types\/post"}],"author":[{"embeddable":true,"href":"https:\/\/www.upo.es\/diario\/wp-json\/wp\/v2\/users\/6"}],"replies":[{"embeddable":true,"href":"https:\/\/www.upo.es\/diario\/wp-json\/wp\/v2\/comments?post=2190608"}],"version-history":[{"count":2,"href":"https:\/\/www.upo.es\/diario\/wp-json\/wp\/v2\/posts\/2190608\/revisions"}],"predecessor-version":[{"id":2190610,"href":"https:\/\/www.upo.es\/diario\/wp-json\/wp\/v2\/posts\/2190608\/revisions\/2190610"}],"wp:attachment":[{"href":"https:\/\/www.upo.es\/diario\/wp-json\/wp\/v2\/media?parent=2190608"}],"wp:term":[{"taxonomy":"category","embeddable":true,"href":"https:\/\/www.upo.es\/diario\/wp-json\/wp\/v2\/categories?post=2190608"},{"taxonomy":"post_tag","embeddable":true,"href":"https:\/\/www.upo.es\/diario\/wp-json\/wp\/v2\/tags?post=2190608"}],"curies":[{"name":"wp","href":"https:\/\/api.w.org\/{rel}","templated":true}]}}