{"id":21914705,"date":"2017-07-13T10:56:17","date_gmt":"2017-07-13T08:56:17","guid":{"rendered":"https:\/\/www.upo.es\/diario\/?p=21914705"},"modified":"2020-10-27T16:42:19","modified_gmt":"2020-10-27T15:42:19","slug":"hacer-una-pelicula-es-tan-complicado-como-hacer-cualquier-obra-que-te-implique-la-vida-segun-alfonso-sanchez","status":"publish","type":"post","link":"https:\/\/www.upo.es\/diario\/cursos-verano\/2017\/07\/hacer-una-pelicula-es-tan-complicado-como-hacer-cualquier-obra-que-te-implique-la-vida-segun-alfonso-sanchez\/","title":{"rendered":"Hacer una pel\u00edcula \u201ces tan complicado como hacer cualquier obra que te implique la vida\u201d, seg\u00fan Alfonso S\u00e1nchez"},"content":{"rendered":"<figure id=\"attachment_21914706\" aria-describedby=\"caption-attachment-21914706\" style=\"width: 600px\" class=\"wp-caption aligncenter\"><a href=\"https:\/\/www.upo.es\/diario\/wp-content\/uploads\/2017\/07\/Alfonso-S\u00e1nchez.jpg\"><img loading=\"lazy\" decoding=\"async\" class=\"size-large wp-image-21914706\" alt=\"Alfonso S\u00e1nchez en los Cursos de Verano de la UPO\" src=\"https:\/\/www.upo.es\/diario\/wp-content\/uploads\/2017\/07\/Alfonso-S\u00e1nchez-600x337.jpg\" width=\"600\" height=\"337\" \/><\/a><figcaption id=\"caption-attachment-21914706\" class=\"wp-caption-text\">Alfonso S\u00e1nchez en los Cursos de Verano de la UPO<\/figcaption><\/figure>\n<p>El director de cine Alfonso S\u00e1nchez, en el marco de los Cursos de Verano de la UPO en Carmona, ha explicado las dificultades que existen a la hora de realizar una pel\u00edcula como \u2018El mundo es nuestro\u2019: \u201cEs tan complicado como hacer cualquier obra que te implique la vida, es el nivel de esfuerzo que le quieras poner, son los compromisos que tienes que cumplir con mucha gente, es generar mucha ilusi\u00f3n, muchas expectativas, arriesgar dinero, familia y amigos, es no tener miedo al fracaso\u201d.<\/p>\n<p>Dentro de la mesa redonda \u201cLos directores ante el reto del futuro\u201d, en el curso \u201cDe las web series a las plataformas digitales. El futuro del audiovisual\u201d en la Sede Olavide en Carmona-Rectora Rosario Valpuesta, S\u00e1nchez ha se\u00f1alado que: \u201cSi todos esos ingredientes los metes en una cazuela y los mezclas y te compensa tomarlos, entonces para adelante porque es cierto que es muy gratificante y es lo m\u00e1s bonito que te puede ocurrir\u201d.<\/p>\n<p>S\u00e1nchez se dio a conocer a trav\u00e9s de Youtube con sus cortos sobre la idiosincrasia sevillana que cuentan con m\u00e1s de quince millones de visualizaciones. Su primera pel\u00edcula, \u2018El mundo es nuestro\u2019, producida por Mundoficci\u00f3n, a pesar de ser \u00e9xito de cr\u00edtica y p\u00fablico, tuvo que financiarla con crowdfunding y peque\u00f1as donaciones de mecenas an\u00f3nimos.<\/p>\n<p>En este sentido, el director ha indicado que debido a que sus pel\u00edculas \u201cno entran dentro de los par\u00e1metros del mainstream que espera el sistema cinematogr\u00e1fico espa\u00f1ol\u201d es dif\u00edcil acceder a las v\u00edas de financiaci\u00f3n tradicionales y \u201cse limita el acceso a posibles ayudas p\u00fablicas, es la pescadilla que se muerde la cola. Se ha formado un sistema que beneficia mayoritariamente a las pel\u00edculas que pertenecen al mainstream y que surgen del mainstream\u201d.<\/p>\n<p>Gracias a no sentir las ataduras de los m\u00e9todos de financiaci\u00f3n tradicionales, para su nueva pel\u00edcula \u2018El mundo es suyo\u2019, S\u00e1nchez ha resaltado la libertad creativa que est\u00e1n teniendo y que esa libertad repercute en la financiaci\u00f3n \u00a0de car\u00e1cter \u201cmuy artesanal\u201d. Gervasio Iglesias \u2013productor de \u2018La Isla M\u00ednima\u2019, \u2018Grupo 7\u2019 o \u2018El hombre de las mil caras\u2019\u2013, a\u00f1ade el director, \u201cest\u00e1 haciendo un trabajo excepcional y estamos contando con capital privado y con alguna televisi\u00f3n que quiere apostar a riesgo en un producto que demanda el p\u00fablico. No son las m\u00e1s populares o mayoritarias, pero s\u00ed suficientes para poder hacer un producto m\u00e1s medido y cuidado en el que tenemos que ser mucho m\u00e1s inteligentes\u201d.<\/p>\n<p>Sobre los referentes a la hora de dirigir, Alfonso S\u00e1nchez ha citado a Billy Wilder \u201cpor su sentido del ritmo y por el modo que tiene de construir historias cotidianas que de repente cogen dimensi\u00f3n de gran epopeya\u2019; a Ernst Lubitsch \u201cque deber\u00eda de ser un referente para cualquier persona que se quiera dedicar a la comedia\u201d; Sidney Lumet, por su manera de \u201cacercarse a la cotidianeidad de las cosas con una verdad y tempo cinematogr\u00e1fico inconmensurable\u201d, Emir Kasturica con \u201cese realismo m\u00e1gico mediterr\u00e1neo violento maravilloso\u201d o Quentin Tarantino que \u201cme parece un director que no tiene ning\u00fan tipo de complejo de ninguna clase\u201d. Adem\u00e1s del director espa\u00f1ol Luis Garc\u00eda Berlanga y el guionista Rafael Azcona.<\/p>\n<p>En \u2018El mundo es suyo\u2019, ha afirmado S\u00e1nchez, al igual que en \u2018El mundo es nuestro\u2019, cada plano que est\u00e1 en la pel\u00edcula \u201ces porque tiene que estar y eso le da una riqueza a la pel\u00edcula que quiz\u00e1s no tengan otras\u201d. Sobre las fechas para su estreno: \u201cLa preproducci\u00f3n empieza a saco el 15 de agosto, comenzamos a rodar el 25 de septiembre, acabamos de rodar el 27 de octubre y estrenaremos la pel\u00edcula en primavera de 2018. Esperamos que el estreno se produzca en el Festival de Cine Espa\u00f1ol de M\u00e1laga\u201d, ha concluido el director.<\/p>\n","protected":false},"excerpt":{"rendered":"<p>El director de cine Alfonso S\u00e1nchez, en el marco de los Cursos de Verano de la UPO en Carmona, ha explicado las dificultades que existen a la hora de realizar una pel\u00edcula como \u2018El mundo es nuestro\u2019: \u201cEs tan complicado como hacer cualquier obra que te implique la vida, es el nivel de esfuerzo que le quieras poner, son los compromisos que tienes que cumplir con mucha gente, es generar mucha ilusi\u00f3n, muchas expectativas, arriesgar dinero, familia y amigos, es no tener miedo al fracaso\u201d.<\/p>\n","protected":false},"author":14,"featured_media":0,"comment_status":"closed","ping_status":"open","sticky":false,"template":"","format":"standard","meta":{"_monsterinsights_skip_tracking":false,"_monsterinsights_sitenote_active":false,"_monsterinsights_sitenote_note":"","_monsterinsights_sitenote_category":0,"footnotes":""},"categories":[729],"tags":[937,22,4298,519,4273],"class_list":["post-21914705","post","type-post","status-publish","format-standard","hentry","category-cursos-verano","tag-cine","tag-cursos-de-verano","tag-direccion-de-cine","tag-olavide-en-carmona","tag-sector-audiovisual"],"_links":{"self":[{"href":"https:\/\/www.upo.es\/diario\/wp-json\/wp\/v2\/posts\/21914705","targetHints":{"allow":["GET"]}}],"collection":[{"href":"https:\/\/www.upo.es\/diario\/wp-json\/wp\/v2\/posts"}],"about":[{"href":"https:\/\/www.upo.es\/diario\/wp-json\/wp\/v2\/types\/post"}],"author":[{"embeddable":true,"href":"https:\/\/www.upo.es\/diario\/wp-json\/wp\/v2\/users\/14"}],"replies":[{"embeddable":true,"href":"https:\/\/www.upo.es\/diario\/wp-json\/wp\/v2\/comments?post=21914705"}],"version-history":[{"count":1,"href":"https:\/\/www.upo.es\/diario\/wp-json\/wp\/v2\/posts\/21914705\/revisions"}],"predecessor-version":[{"id":30862903,"href":"https:\/\/www.upo.es\/diario\/wp-json\/wp\/v2\/posts\/21914705\/revisions\/30862903"}],"wp:attachment":[{"href":"https:\/\/www.upo.es\/diario\/wp-json\/wp\/v2\/media?parent=21914705"}],"wp:term":[{"taxonomy":"category","embeddable":true,"href":"https:\/\/www.upo.es\/diario\/wp-json\/wp\/v2\/categories?post=21914705"},{"taxonomy":"post_tag","embeddable":true,"href":"https:\/\/www.upo.es\/diario\/wp-json\/wp\/v2\/tags?post=21914705"}],"curies":[{"name":"wp","href":"https:\/\/api.w.org\/{rel}","templated":true}]}}