{"id":21940321,"date":"2017-07-17T08:03:23","date_gmt":"2017-07-17T06:03:23","guid":{"rendered":"https:\/\/www.upo.es\/diario\/?p=21940321"},"modified":"2020-10-27T16:42:45","modified_gmt":"2020-10-27T15:42:45","slug":"mayor-zaragoza-debatira-el-lunes-sobre-el-cambio-climatico-en-los-cursos-de-verano-de-olavide-en-carmona","status":"publish","type":"post","link":"https:\/\/www.upo.es\/diario\/institucional\/2017\/07\/mayor-zaragoza-debatira-el-lunes-sobre-el-cambio-climatico-en-los-cursos-de-verano-de-olavide-en-carmona\/","title":{"rendered":"Mayor Zaragoza debate sobre el cambio clim\u00e1tico en los Cursos de Verano de Olavide en Carmona"},"content":{"rendered":"<p><a href=\"https:\/\/www.upo.es\/diario\/wp-content\/uploads\/2017\/07\/environment-2443922__340.jpg\"><img loading=\"lazy\" decoding=\"async\" class=\"alignright size-medium wp-image-21940322\" alt=\"environment-2443922__340\" src=\"https:\/\/www.upo.es\/diario\/wp-content\/uploads\/2017\/07\/environment-2443922__340-320x240.jpg\" width=\"320\" height=\"240\" \/><\/a>El ex director general de la Unesco, Federico Mayor Zaragoza, participa hoy lunes en el curso<strong> \u201cCambio clim\u00e1tico y seguridad alimentaria. In memoriam Cinta Castillo Jim\u00e9nez\u201d<\/strong>. Lo har\u00e1 a las 11:45 horas con la conferencia \u201cHambre, seguridad alimentaria y cambio clim\u00e1tico\u201d, que se desarrollar\u00e1 en el aula 1 de la Casa Palacio de los Briones. Antes, el consejero de Medio Ambiente de la Junta de Andaluc\u00eda, Jos\u00e9 Fiscal L\u00f3pez, ser\u00e1 el encargado de inaugurar el seminario a las 10:30 horas con la ponencia \u201cAndaluc\u00eda ante la amenaza del cambio clim\u00e1tico\u201d. Se trata de un curso que se realiza en memoria de Cinta Castillo, quien fue consejera de Medio Ambiente entre 2008 y 2010 y que falleci\u00f3 en 2013. Dicho curso tiene como principal objetivo analizar c\u00f3mo influye el cambio clim\u00e1tico en la alimentaci\u00f3n en los diferentes pa\u00edses.<\/p>\n<p>El seminario estar\u00e1 dirigido por \u00c1lvaro S\u00e1nchez Bravo, profesor del Departamento de Filosof\u00eda del Derecho de la Universidad de Sevilla y presidente de la Asociaci\u00f3n Andaluza de Derecho, Medio Ambiente y Desarrollo Sostenible y por Ezequiel Mart\u00ednez Jim\u00e9nez, escritor, periodista licenciado por la Universidad Complutense de Madrid, m\u00e1ster en Educaci\u00f3n Ambiental y ex director del programa \u201cTierra y Mar\u201d de Canal Sur TV.<\/p>\n<p>Por la tarde, el curso continuar\u00e1 con la mesa de debate titulada \u201cEl medio rural garante de la alimentaci\u00f3n\u201d, en la que participar\u00e1n Francisco Casero, presidente de la Fundaci\u00f3n Savia; Juan Romero, de Ecologistas en Acci\u00f3n; Desire\u00e9 Rubio, secretaria general de Ecovalia; y Clemente Mata, catedr\u00e1tico de Producci\u00f3n Animal y C\u00e1tedra de Ganader\u00eda Ecol\u00f3gica de la Universidad de C\u00f3rdoba, en una mesa que estar\u00e1 moderada por Ezequiel Mart\u00ednez.<\/p>\n<p>Otro de los seminarios que se inaugura en Carmona es el de <strong>\u201cArteterapia, g\u00e9nero y cuerpo\u201d<\/strong>, que est\u00e1 dirigido por Mar\u00eda Antonia Hidalgo Rubio, directora ejecutiva y coordinadora del M\u00e1ster en Arteterapia y Aplicaciones del Arte para el Di\u00e1logo y la Integraci\u00f3n Social de la Universidad Pablo de Olavide. Dicho curso se celebrar\u00e1 en el Sal\u00f3n Puerta de la Sedia del Hotel Alc\u00e1zar de la Reina y comienza a las 11:00 horas con la conferencia \u201cEstereotipos y desigualdades de g\u00e9nero\u201d, que ser\u00e1 impartida por la profesora M\u00aa Carmen Monreal Gimeno, directora acad\u00e9mica del M\u00e1ster en Arteterapia y Aplicaciones del Arte para el Di\u00e1logo y la Integraci\u00f3n Social de la Universidad Pablo de Olavide. A las 12:30 horas el curso continuar\u00e1 con el taller \u201cCreaci\u00f3n y s\u00edmbolo\u201d, que realizar\u00e1 Mar\u00eda Antonia Hidalgo, directora del curso. En la sesi\u00f3n de tarde, el seminario proseguir\u00e1 con otro taller, \u201cMovimiento consciente\u201d, en el que la danzaterapeuta y core\u00f3grafa Luc\u00eda Reula Baquero mostrar\u00e1 la importancia del movimiento consciente.<\/p>\n<p>Por \u00faltimo, el tercero de los cursos que empieza en esta tercera semana de los Cursos de Verano de Olavide en Carmona es el de <strong>\u201cCoaching educativo y educaci\u00f3n deportiva\u201d<\/strong>, dirigido por Gema Sancho Zamora, coach certificado por la International Coach Federation y m\u00e1ster en Psicolog\u00eda del Coaching por la UNED. Comienza en el aula 4 de la Casa Palacio de los Briones, a las 11:00 horas, con la conferencia \u201cEl deporte como herramienta educativa\u201d y a continuaci\u00f3n con el taller \u201c\u00bfQu\u00e9 est\u00e1 pasando en el deporte de base?\u201d. A las 16:00 horas el curso se volver\u00e1 a retomar con dos nuevos talleres: \u201cTomando conciencia de nuestra comunicaci\u00f3n\u201d y \u201cLas emociones tambi\u00e9n juegan\u201d.<\/p>\n","protected":false},"excerpt":{"rendered":"<p>El ex director general de la Unesco, Federico Mayor Zaragoza, participa en el curso \u201cCambio clim\u00e1tico y seguridad alimentaria. In memoriam Cinta Castillo Jim\u00e9nez\u201d. El seminario est\u00e1 dirigido por \u00c1lvaro S\u00e1nchez Bravo, profesor del Departamento de Filosof\u00eda del Derecho de la US y presidente de la Asociaci\u00f3n Andaluza de Derecho, Medio Ambiente y Desarrollo Sostenible y por el escritor y periodista Ezequiel Mart\u00ednez Jim\u00e9nez.<\/p>\n","protected":false},"author":14,"featured_media":0,"comment_status":"closed","ping_status":"open","sticky":false,"template":"","format":"standard","meta":{"_monsterinsights_skip_tracking":false,"_monsterinsights_sitenote_active":false,"_monsterinsights_sitenote_note":"","_monsterinsights_sitenote_category":0,"footnotes":""},"categories":[6],"tags":[674,593,3654,22,429,519],"class_list":["post-21940321","post","type-post","status-publish","format-standard","hentry","category-institucional","tag-alimentacion","tag-cambio-climatico","tag-consejeria-de-medio-ambiente","tag-cursos-de-verano","tag-medio-ambiente","tag-olavide-en-carmona"],"_links":{"self":[{"href":"https:\/\/www.upo.es\/diario\/wp-json\/wp\/v2\/posts\/21940321","targetHints":{"allow":["GET"]}}],"collection":[{"href":"https:\/\/www.upo.es\/diario\/wp-json\/wp\/v2\/posts"}],"about":[{"href":"https:\/\/www.upo.es\/diario\/wp-json\/wp\/v2\/types\/post"}],"author":[{"embeddable":true,"href":"https:\/\/www.upo.es\/diario\/wp-json\/wp\/v2\/users\/14"}],"replies":[{"embeddable":true,"href":"https:\/\/www.upo.es\/diario\/wp-json\/wp\/v2\/comments?post=21940321"}],"version-history":[{"count":9,"href":"https:\/\/www.upo.es\/diario\/wp-json\/wp\/v2\/posts\/21940321\/revisions"}],"predecessor-version":[{"id":30862206,"href":"https:\/\/www.upo.es\/diario\/wp-json\/wp\/v2\/posts\/21940321\/revisions\/30862206"}],"wp:attachment":[{"href":"https:\/\/www.upo.es\/diario\/wp-json\/wp\/v2\/media?parent=21940321"}],"wp:term":[{"taxonomy":"category","embeddable":true,"href":"https:\/\/www.upo.es\/diario\/wp-json\/wp\/v2\/categories?post=21940321"},{"taxonomy":"post_tag","embeddable":true,"href":"https:\/\/www.upo.es\/diario\/wp-json\/wp\/v2\/tags?post=21940321"}],"curies":[{"name":"wp","href":"https:\/\/api.w.org\/{rel}","templated":true}]}}