{"id":22042643,"date":"2017-07-18T07:48:38","date_gmt":"2017-07-18T05:48:38","guid":{"rendered":"https:\/\/www.upo.es\/diario\/?p=22042643"},"modified":"2020-10-27T16:43:22","modified_gmt":"2020-10-27T15:43:22","slug":"el-g7-no-solo-ha-tenido-la-desverguenza-de-incrementar-el-gasto-militar-ha-quitado-de-la-agenda-el-cambio-climatico","status":"publish","type":"post","link":"https:\/\/www.upo.es\/diario\/cursos-verano\/2017\/07\/el-g7-no-solo-ha-tenido-la-desverguenza-de-incrementar-el-gasto-militar-ha-quitado-de-la-agenda-el-cambio-climatico\/","title":{"rendered":"\u201cEl G7 no s\u00f3lo ha tenido la desverg\u00fcenza de incrementar el gasto militar, ha quitado de la agenda el cambio clim\u00e1tico\u201d"},"content":{"rendered":"<figure id=\"attachment_22043687\" aria-describedby=\"caption-attachment-22043687\" style=\"width: 320px\" class=\"wp-caption alignright\"><a href=\"https:\/\/www.upo.es\/diario\/wp-content\/uploads\/2017\/07\/ConfeMZaragoza.jpg\"><img loading=\"lazy\" decoding=\"async\" class=\"size-medium wp-image-22043687\" alt=\"Federico Mayor Zaragoza durante su conferencia\" src=\"https:\/\/www.upo.es\/diario\/wp-content\/uploads\/2017\/07\/ConfeMZaragoza-320x212.jpg\" width=\"320\" height=\"212\" \/><\/a><figcaption id=\"caption-attachment-22043687\" class=\"wp-caption-text\">Federico Mayor Zaragoza durante su conferencia<\/figcaption><\/figure>\n<p>El ex director general de la UNESCO Federico Mayor Zaragoza, en el marco de los Cursos de Verano de la Universidad Pablo de Olavide, se ha mostrado muy cr\u00edtico con la situaci\u00f3n actual que atraviesa la humanidad, se\u00f1alando que es intolerable que los pa\u00edses del G7 \u201cque hace poco se han reunido en Roma, no s\u00f3lo han tenido la desverg\u00fcenza de incrementar el gasto militar a petici\u00f3n del se\u00f1or Trump, sino que han quitado de la agenda el cambio clim\u00e1tico y los objetivos de desarrollo sostenible\u201d.<\/p>\n<p>Mayor Zaragoza ha participado en el curso \u2018Cambio clim\u00e1tico y seguridad alimentaria. In memorian a Cinta Castillo Jim\u00e9nez\u2019, con la conferencia \u2018Hambre, seguridad alimentaria y cambio clim\u00e1tico\u2019 en la Sede Olavide en Carmona \u2013 Rectora Rosario Valpuesta.<\/p>\n<p>\u201cLa total sumisi\u00f3n de todos los pa\u00edses pr\u00f3speros, donde mandan los mercados, a las directrices del se\u00f1or Trump de no cumplir los acuerdos de Par\u00eds sobre desarrollo sostenible deber\u00edan producir una reacci\u00f3n inmediata popular\u201d, ha se\u00f1alado el alto funcionario que observa c\u00f3mo Europa es la que \u201cha aumentado su presupuesto militar, la que deja que los inmigrantes se ahoguen y a los refugiados los guarda en campos de concentraci\u00f3n vergonzantes en Turqu\u00eda\u201d.<\/p>\n<p>Mayor Zaragoza ha apuntado que Espa\u00f1a es un pa\u00eds que aportaba mucho presupuesto para el desarrollo, \u201cque siempre ha servido, seg\u00fan las Naciones Unidas, para que la gente viva dignamente en los pa\u00edses de origen y no tenga que emigrar. \u00bfQu\u00e9 quieren, que mueran de hambre? Como muere de hambre la gente, tiene que salir. Y al salir, nosotros lo que hacemos es abandonarlos\u201d.<\/p>\n<p>El diplom\u00e1tico se\u00f1ala que en el a\u00f1o 2016 m\u00e1s de 6.000 personas murieron ahogadas y que en 2017 ya han fallecido casi 2.000 en las mismas circunstancias. Mayor Zaragoza se\u00f1ala que esta problem\u00e1tica es \u201cmuy grave, tanto que necesita una reacci\u00f3n popular y deber\u00eda de ser muy clara: \u201cSe\u00f1or Trump, o usted observa los acuerdos de Paris porque en ellos nos va la calidad de vida de nuestros nietos o bisnietos, o bien nosotros dejaremos ma\u00f1ana de comprar productos norteamericanos\u201d.<\/p>\n<p>\u201cDesde el a\u00f1o 1947, tenemos programas de concienciaci\u00f3n del Medio Ambiente para la conservaci\u00f3n de la naturaleza, el programa geol\u00f3gico internacional, el programa hidrol\u00f3gico internacional, el programa oceanogr\u00e1fico y el hombre y la biosfera, y todo eso para nada porque llega el se\u00f1or Trump y dice que no va a seguir con eso. \u00bfPero qu\u00e9 es eso? Y se acepta y la se\u00f1ora Cospedal va corriendo hacia el Pent\u00e1gono y dice: \u201cQue s\u00ed, que vamos a gastar m\u00e1s en conceptos militares\u201d, o sea, que nos van a proteger muy bien las fronteras, pero \u00bfy los que hay dentro?\u201d, ha insistido Mayor Zaragoza.<\/p>\n<p>El ex director de la UNESCO se ha mostrado muy cr\u00edtico con el sistema actual se\u00f1alando que \u201cpara los mercaderes, lo que menos importa es el ser humano porque antes ten\u00edamos en las Naciones Unidas lo que llam\u00e1bamos los grandes principios \u00e9ticos y democr\u00e1ticos que est\u00e1n en la constituci\u00f3n de la Unesco, la cual tuve el honor de dirigir muchos a\u00f1os, que dice que la humanidad ser\u00e1 guiada por los principios democr\u00e1ticos de la justicia y de la igual dignidad\u201d.<\/p>\n<p>Las pol\u00edticas \u201cque impulsaron Ronald Reagan y Margaret Thatcher han sido las que han dado todo el poder a los mercados. Neoliberales y cortoplacistas, estas pol\u00edticas son las que han sustituidos los valores \u00e9ticos por los valores mercantiles\u201d, apunta Zaragoza, que considera que la sociedad se encuentra distra\u00edda. \u201cSoledad Gallego ha dicho que en la actualidad no hay armas de destrucci\u00f3n masiva, sino de distracci\u00f3n masiva. Ella dice que estamos distra\u00eddos, demasiado distra\u00eddos. Ha llegado el momento en que tenemos que decir que no. Hoy ya podemos expresarnos, pero hace unos a\u00f1os no pod\u00edamos, ni sab\u00edamos lo que pasaba m\u00e1s all\u00e1 de unos kil\u00f3metros cuadrados. Entonces las mujeres no pintaban nada. Ahora, y esta es mi esperanza, las mujeres empiezan a tener un papel importante en la toma de decisiones en el orden mundial. Ya sabemos lo que sucede, ya podemos expresarnos. \u00bfA qu\u00e9 esperamos para decir que no? Hay que tomar medias muy contundentes frente a estos problemas\u201d.<\/p>\n<p>Para finalizar, el ex director general de la Unesco ha manifestado: \u201cYo viv\u00ed a finales del a\u00f1o 89 momentos en los que dec\u00eda: \u201cAhora ha llegado el momento\u201d. Gorbachov, en lugar de representar la URSS del silencio, de la fuerza, de la carrera militar, es capaz sin una gota de sangre, de transformar a toda la Uni\u00f3n Sovi\u00e9tica en la Comunidad de Estados Independientes; es el momento en que Nelson Mandela es capaz en seis meses, despu\u00e9s de 27 a\u00f1os de estar en la c\u00e1rcel, de cambiar la venganza por el abrazo, hace una conciliaci\u00f3n y logra que el racismo desparezca. Y se logra la paz en El Salvador y en Mozambique y comienza el proceso de paz en Guatemala; pero surgen el Se\u00f1or Reagan y la Se\u00f1ora Thatcher y dicen no, ahora aqu\u00ed los mercados, y ahora aqu\u00ed el dinero y el cortoplacismo, y aqu\u00ed tenemos el resultado. Los ciudadanos tenemos que decir que no y tenemos que adoptar un papel muy activo. Lo dec\u00eda Jos\u00e9 Luis Sampedro, tendr\u00e9is que cambiar de rumbo y de nave\u201d ha concluido Mayor Zaragoza.<\/p>\n","protected":false},"excerpt":{"rendered":"<p>El ex director general de la UNESCO Federico Mayor Zaragoza, en el marco de los Cursos de Verano de la Universidad Pablo de Olavide, se ha mostrado muy cr\u00edtico con la situaci\u00f3n actual que atraviesa la humanidad, se\u00f1alando que es intolerable que los pa\u00edses del G7 \u201cque hace poco se han reunido en Roma, no s\u00f3lo han tenido la desverg\u00fcenza de incrementar el gasto militar a petici\u00f3n del se\u00f1or Trump, sino que han quitado de la agenda el cambio clim\u00e1tico y los objetivos de desarrollo sostenible\u201d.<\/p>\n","protected":false},"author":14,"featured_media":0,"comment_status":"closed","ping_status":"open","sticky":false,"template":"","format":"standard","meta":{"_monsterinsights_skip_tracking":false,"_monsterinsights_sitenote_active":false,"_monsterinsights_sitenote_note":"","_monsterinsights_sitenote_category":0,"footnotes":""},"categories":[729],"tags":[593,227,22,4282,4313,4141,519],"class_list":["post-22042643","post","type-post","status-publish","format-standard","hentry","category-cursos-verano","tag-cambio-climatico","tag-conferencia","tag-cursos-de-verano","tag-federico-mayor-zaragoza","tag-g7","tag-objetivos-de-desarrollo-sostenible","tag-olavide-en-carmona"],"_links":{"self":[{"href":"https:\/\/www.upo.es\/diario\/wp-json\/wp\/v2\/posts\/22042643","targetHints":{"allow":["GET"]}}],"collection":[{"href":"https:\/\/www.upo.es\/diario\/wp-json\/wp\/v2\/posts"}],"about":[{"href":"https:\/\/www.upo.es\/diario\/wp-json\/wp\/v2\/types\/post"}],"author":[{"embeddable":true,"href":"https:\/\/www.upo.es\/diario\/wp-json\/wp\/v2\/users\/14"}],"replies":[{"embeddable":true,"href":"https:\/\/www.upo.es\/diario\/wp-json\/wp\/v2\/comments?post=22042643"}],"version-history":[{"count":1,"href":"https:\/\/www.upo.es\/diario\/wp-json\/wp\/v2\/posts\/22042643\/revisions"}],"predecessor-version":[{"id":30862902,"href":"https:\/\/www.upo.es\/diario\/wp-json\/wp\/v2\/posts\/22042643\/revisions\/30862902"}],"wp:attachment":[{"href":"https:\/\/www.upo.es\/diario\/wp-json\/wp\/v2\/media?parent=22042643"}],"wp:term":[{"taxonomy":"category","embeddable":true,"href":"https:\/\/www.upo.es\/diario\/wp-json\/wp\/v2\/categories?post=22042643"},{"taxonomy":"post_tag","embeddable":true,"href":"https:\/\/www.upo.es\/diario\/wp-json\/wp\/v2\/tags?post=22042643"}],"curies":[{"name":"wp","href":"https:\/\/api.w.org\/{rel}","templated":true}]}}