{"id":22047948,"date":"2017-07-18T11:27:55","date_gmt":"2017-07-18T09:27:55","guid":{"rendered":"https:\/\/www.upo.es\/diario\/?p=22047948"},"modified":"2020-10-27T16:43:27","modified_gmt":"2020-10-27T15:43:27","slug":"la-arteterapia-una-plataforma-para-generar-sensibilidad-conciencia-y-encontrarnos-con-nosotros-mismos","status":"publish","type":"post","link":"https:\/\/www.upo.es\/diario\/cursos-verano\/2017\/07\/la-arteterapia-una-plataforma-para-generar-sensibilidad-conciencia-y-encontrarnos-con-nosotros-mismos\/","title":{"rendered":"La arteterapia, una plataforma para generar sensibilidad, conciencia y encontrarnos con nosotros mismos"},"content":{"rendered":"<figure id=\"attachment_22047949\" aria-describedby=\"caption-attachment-22047949\" style=\"width: 320px\" class=\"wp-caption alignright\"><a href=\"https:\/\/www.upo.es\/diario\/wp-content\/uploads\/2017\/07\/Mar\u00eda-Antonia-Hidalgo.jpg\"><img loading=\"lazy\" decoding=\"async\" class=\"size-medium wp-image-22047949\" alt=\"Mar\u00eda Antonia Hidalgo en la sede de la UPO en Carmona\" src=\"https:\/\/www.upo.es\/diario\/wp-content\/uploads\/2017\/07\/Mar\u00eda-Antonia-Hidalgo-320x213.jpg\" width=\"320\" height=\"213\" \/><\/a><figcaption id=\"caption-attachment-22047949\" class=\"wp-caption-text\">Mar\u00eda Antonia Hidalgo en la sede de la UPO en Carmona<\/figcaption><\/figure>\n<p>La arteterapia, una plataforma para generar sensibilidad y conciencia. Esta disciplina comprende el uso de las artes y sus procesos con el fin de atendernos, mejorar nuestra creatividad, entrar en relaci\u00f3n con la escucha personal, social y aumentar nuestra consciencia. De esta manera lo explica Mar\u00eda Antonia Hidalgo, directora del curso \u201cArteterapia, g\u00e9nero y cuerpo\u201d, que se est\u00e1 celebrando en la sede de la Universidad Pablo de Olavide en Carmona, dentro del marco de la XV Edici\u00f3n de los Cursos de Verano.<\/p>\n<p>Este seminario invita a una reflexi\u00f3n en torno a la relaci\u00f3n g\u00e9nero-cuerpo a trav\u00e9s de la arteterapia y el movimiento, abriendo espacio a otras formas de conocer promovidas por las artes, la creatividad, la escucha corporal y social. \u201cVivimos en un mundo agitado, enrarecido, con desigualdades de g\u00e9nero evidentes, de espaldas a la escucha propia y ajena. El trabajo con el cuerpo en arteterapia consiste precisamente en reconocerlo, orientar la pr\u00e1ctica del arte para organizar aspectos de nuestra propia subjetividad, entendiendo el cuerpo como territorio donde confluyen determinadas categor\u00edas como la clase, el g\u00e9nero, la raza o la sexualidad\u201d, asegura Mar\u00eda Antonia.<\/p>\n<p>La pr\u00e1ctica de la arteterapia puede aportar m\u00faltiples beneficios a las personas que la practican, puesto que proporciona un espacio lento, de escucha consciente y con grandes silencios, sobre todo \u201cen una sociedad de aceleraci\u00f3n y aturdimiento continuo\u201d, apunta la profesora.<\/p>\n<p>La funci\u00f3n primera de la arteterapia es llevar a la persona a un estado de escucha, creatividad y disponibilidad para s\u00ed misma en un espacio de tiempo. \u201cEsta vida fren\u00e9tica nos impide tomar distancia de las cosas, pensar, saber d\u00f3nde se ubican nuestros deseos y lo que ha quedado de ellos. Necesitamos espacios para la sensibilidad, para conectar con lo sutil, con nuestras propias vulnerabilidades, darles un lugar en nosotros, reconocer nuestro propio cuerpo en todas sus vertientes, f\u00edsica y emocionalmente, dar paso a la mente para construirnos y no destruirnos, crear y disfrutar de la experiencia est\u00e9tica presente en todos los \u00f3rdenes de la vida. Estos aspectos son vivenciados y facilitados en arteterapia, dando paso a la expresio\u0301n integral de la persona por caminos alternativos a la palabra como la expresi\u00f3n art\u00edstica y el movimiento\u201d, manifiesta Mar\u00eda Antonia.<\/p>\n<p>Asimismo, asegura que el dispositivo que ofrece la arteterapia sirve para ser capaces de relacionarnos con el dolor, lo inc\u00f3modo, el cuerpo, el silencio, la rabia, la incapacidad, la salud, la enfermedad y la muerte, entre otras categor\u00edas. \u201cEste darse cuenta pasa tambi\u00e9n por apreciar c\u00f3mo nos relacionamos con los dem\u00e1s y cu\u00e1les son nuestros mecanismos de defensa m\u00e1s recurrentes. Primero lo ves en un plano simb\u00f3lico y luego ampl\u00edas la mirada para poder ser aplicado a tu vida cotidiana\u201d.<\/p>\n<p>Para concluir, la directora del curso ha declarado que estamos en un momento cr\u00edtico de la historia de la tierra en el que la humanidad debe elegir su futuro, \u201cno unos cuantos se\u00f1ores, sino la humanidad, mujeres y hombres. Debemos unirnos para crear una sociedad global sostenible, fundada en el respeto a la naturaleza, los derechos humanos universales, la justicia econ\u00f3mica y el cultivo de la sensibilidad y de las artes\u201d, ha finalizado.<\/p>\n","protected":false},"excerpt":{"rendered":"<p>La arteterapia, una plataforma para generar sensibilidad y conciencia. Esta disciplina comprende el uso de las artes y sus procesos con el fin de atendernos, mejorar nuestra creatividad, entrar en relaci\u00f3n con la escucha personal, social y aumentar nuestra consciencia. De esta manera lo explica Mar\u00eda Antonia Hidalgo, directora del curso \u201cArteterapia, g\u00e9nero y cuerpo\u201d, que se est\u00e1 celebrando en la sede de la Universidad Pablo de Olavide en Carmona, dentro del marco de la XV Edici\u00f3n de los Cursos de Verano.<\/p>\n","protected":false},"author":14,"featured_media":0,"comment_status":"closed","ping_status":"open","sticky":false,"template":"","format":"standard","meta":{"_monsterinsights_skip_tracking":false,"_monsterinsights_sitenote_active":false,"_monsterinsights_sitenote_note":"","_monsterinsights_sitenote_category":0,"footnotes":""},"categories":[729],"tags":[4316,1713,22,336,4315,519],"class_list":["post-22047948","post","type-post","status-publish","format-standard","hentry","category-cursos-verano","tag-artes","tag-arteterapia","tag-cursos-de-verano","tag-genero","tag-maria-antonia-hidalgo","tag-olavide-en-carmona"],"_links":{"self":[{"href":"https:\/\/www.upo.es\/diario\/wp-json\/wp\/v2\/posts\/22047948","targetHints":{"allow":["GET"]}}],"collection":[{"href":"https:\/\/www.upo.es\/diario\/wp-json\/wp\/v2\/posts"}],"about":[{"href":"https:\/\/www.upo.es\/diario\/wp-json\/wp\/v2\/types\/post"}],"author":[{"embeddable":true,"href":"https:\/\/www.upo.es\/diario\/wp-json\/wp\/v2\/users\/14"}],"replies":[{"embeddable":true,"href":"https:\/\/www.upo.es\/diario\/wp-json\/wp\/v2\/comments?post=22047948"}],"version-history":[{"count":1,"href":"https:\/\/www.upo.es\/diario\/wp-json\/wp\/v2\/posts\/22047948\/revisions"}],"predecessor-version":[{"id":30862901,"href":"https:\/\/www.upo.es\/diario\/wp-json\/wp\/v2\/posts\/22047948\/revisions\/30862901"}],"wp:attachment":[{"href":"https:\/\/www.upo.es\/diario\/wp-json\/wp\/v2\/media?parent=22047948"}],"wp:term":[{"taxonomy":"category","embeddable":true,"href":"https:\/\/www.upo.es\/diario\/wp-json\/wp\/v2\/categories?post=22047948"},{"taxonomy":"post_tag","embeddable":true,"href":"https:\/\/www.upo.es\/diario\/wp-json\/wp\/v2\/tags?post=22047948"}],"curies":[{"name":"wp","href":"https:\/\/api.w.org\/{rel}","templated":true}]}}