{"id":22123652,"date":"2017-07-21T07:51:25","date_gmt":"2017-07-21T05:51:25","guid":{"rendered":"https:\/\/www.upo.es\/diario\/?p=22123652"},"modified":"2020-10-27T16:46:16","modified_gmt":"2020-10-27T15:46:16","slug":"cristina-heeren-existe-un-filo-muy-delicado-que-separa-el-sueno-de-la-realidad-y-nos-aprovechamos-de-eso","status":"publish","type":"post","link":"https:\/\/www.upo.es\/diario\/cursos-verano\/2017\/07\/cristina-heeren-existe-un-filo-muy-delicado-que-separa-el-sueno-de-la-realidad-y-nos-aprovechamos-de-eso\/","title":{"rendered":"Cristina Heeren: \u201cExiste un filo muy delicado que separa el sue\u00f1o de la realidad y nos aprovechamos de eso\u201d"},"content":{"rendered":"<figure id=\"attachment_22123653\" aria-describedby=\"caption-attachment-22123653\" style=\"width: 320px\" class=\"wp-caption alignright\"><a href=\"https:\/\/www.upo.es\/diario\/wp-content\/uploads\/2017\/07\/CristinaHeeren.jpg\"><img loading=\"lazy\" decoding=\"async\" class=\"size-medium wp-image-22123653\" alt=\"Cristina Heeren en el Curso de Verano de la UPO\" src=\"https:\/\/www.upo.es\/diario\/wp-content\/uploads\/2017\/07\/CristinaHeeren-320x211.jpg\" width=\"320\" height=\"211\" \/><\/a><figcaption id=\"caption-attachment-22123653\" class=\"wp-caption-text\">Cristina Heeren en el Curso de Verano de la UPO<\/figcaption><\/figure>\n<p>El flamenco no fue un amor a primera vista para Cristina Heeren, presidenta de la Fundaci\u00f3n que lleva su nombre. Su padre comenz\u00f3 a meterle el gusanillo cuando tocaba la guitarra espa\u00f1ola en casa o la llevaba a los tablaos y espect\u00e1culos de flamenco: \u201cEra una m\u00fasica rara que necesitaba asimilar\u201d, explica.<\/p>\n<p>Sin embargo, a\u00f1os despu\u00e9s en una conversaci\u00f3n con el guitarrista marchenero Jos\u00e9 Luis Postigo, decidi\u00f3 que hab\u00eda llegado el momento de aportar algo que hasta entonces no exist\u00eda en el flamenco. De ese deseo surgi\u00f3 la Fundaci\u00f3n Cristina Heeren: \u201cJos\u00e9 Luis dijo un d\u00eda que era una l\u00e1stima que no existiera una escuela en la que artistas ya reconocidos pudieran ense\u00f1ar. Y me dije: \u00bfPor qu\u00e9 no? Existe un filo muy delicado que separa el sue\u00f1o de la realidad y nos aprovechamos de eso\u201d:<\/p>\n<p>Cristina Heeren ha participado en el curso \u201cLos secretos del cante flamenco. Camar\u00f3n en el recuerdo\u201d, dentro de la XV Edici\u00f3n de los Cursos de Verano de la Universidad Pablo de Olavide en la sede Olavide en Carmona \u2013 Rectora Rosario Valpuesta.<\/p>\n<p>La Fundaci\u00f3n Cristina Heeren de Arte Flamenco es una entidad privada, sin \u00e1nimo de lucro, creada en 1993 por la mecenas norteamericana. Sus principales objetivos son la promoci\u00f3n, la ense\u00f1anza y la conservaci\u00f3n del flamenco. Desde 1996, su Escuela Internacional de Arte Flamenco ha formado a m\u00e1s de 6.000 j\u00f3venes de todo el mundo. Por sus aulas han pasado figuras del flamenco actual como Argentina, Roc\u00edo M\u00e1rquez, el Choro, Manuel Lombo o Luisa Palicio.<\/p>\n<p>En este sentido, Cristina ha explicado que desde la Fundaci\u00f3n \u201crealizamos una actividad escolar, ense\u00f1amos el baile, el toque y el cante en tres niveles distintos, adem\u00e1s de clases te\u00f3ricas para que los alumnos aprendan el contexto cultural del flamenco. Esto es lo que nos preocupa y lo que nos ocupa m\u00e1s. Pero tambi\u00e9n producimos espect\u00e1culos y organizamos otros tipos de actividades\u201d.<\/p>\n<p>Para la hispanista, lo que m\u00e1s le llama la atenci\u00f3n del flamenco y que lo hace \u00fanico a la vez son \u201clas armon\u00edas, que creo que es lo que m\u00e1s le choca a una persona que lo escucha por primera vez. Se nota que no es una m\u00fasica occidental normal\u201d. Asimismo, tambi\u00e9n ha destacado el estilo, la manera de interpretar el cante \u201ccon tanto sentimiento y las letras, que son joyas porque que en muy poco espacio dicen mucho. Adem\u00e1s del estilo de baile \u00fanico, que diferencia mucho el baile masculino del femenino. Todo eso hace que tenga un encanto especial y seductor\u201d, ha manifestado<\/p>\n<p>Heeren considera que \u201cel arte flamenco no pertenece a nadie, existe por s\u00ed mismo y proviene de la mezcla de tantas migraciones y grupos \u00e9tnicos que han pasado por Andaluc\u00eda. Cada uno ha dejado un ingrediente y en el S.XIX ha cuajado en lo que conocemos hoy d\u00eda. Hay ecos de otras culturas y m\u00fasicas que est\u00e1n ah\u00ed\u201d.<\/p>\n<p>Sobre Jos\u00e9 Monge, Camar\u00f3n, el cual da nombre al curso en el 25 aniversario de su muerte, Heeren ha se\u00f1alado que lo m\u00e1s importante que encontraba \u201cera su tono de voz, una voz que emocionaba, que ven\u00eda de lejos y que era inevitable escucharlo\u201d.<\/p>\n<p>\u201cHay mucha gente que intenta imitar a Camar\u00f3n y es una pena porque es un personaje \u00fanico; es rid\u00edculo intentar copiarlo, como ocurre tambi\u00e9n con Morente. Lo que han hecho est\u00e1 para que lo disfrutemos y cada cantaor tiene que encontrar su propia personalidad para lo que hace\u201d, ha concluido la mecenas.<\/p>\n","protected":false},"excerpt":{"rendered":"<p>El flamenco no fue un amor a primera vista para Cristina Heeren, presidenta de la Fundaci\u00f3n que lleva su nombre. Su padre comenz\u00f3 a meterle el gusanillo cuando tocaba la guitarra espa\u00f1ola en casa o la llevaba a los tablaos y espect\u00e1culos de flamenco: \u201cEra una m\u00fasica rara que necesitaba asimilar\u201d, explica. Sin embargo, a\u00f1os despu\u00e9s en una conversaci\u00f3n con el guitarrista marchenero Jos\u00e9 Luis Postigo, decidi\u00f3 que hab\u00eda llegado el momento de aportar algo que hasta entonces no exist\u00eda en el flamenco. De ese deseo surgi\u00f3 la Fundaci\u00f3n Cristina Heeren.<\/p>\n","protected":false},"author":14,"featured_media":0,"comment_status":"closed","ping_status":"open","sticky":false,"template":"","format":"standard","meta":{"_monsterinsights_skip_tracking":false,"_monsterinsights_sitenote_active":false,"_monsterinsights_sitenote_note":"","_monsterinsights_sitenote_category":0,"footnotes":""},"categories":[729],"tags":[4317,22,93,4329,519],"class_list":["post-22123652","post","type-post","status-publish","format-standard","hentry","category-cursos-verano","tag-camaron-de-la-isla","tag-cursos-de-verano","tag-flamenco","tag-fundacion-cristina-heeren","tag-olavide-en-carmona"],"_links":{"self":[{"href":"https:\/\/www.upo.es\/diario\/wp-json\/wp\/v2\/posts\/22123652","targetHints":{"allow":["GET"]}}],"collection":[{"href":"https:\/\/www.upo.es\/diario\/wp-json\/wp\/v2\/posts"}],"about":[{"href":"https:\/\/www.upo.es\/diario\/wp-json\/wp\/v2\/types\/post"}],"author":[{"embeddable":true,"href":"https:\/\/www.upo.es\/diario\/wp-json\/wp\/v2\/users\/14"}],"replies":[{"embeddable":true,"href":"https:\/\/www.upo.es\/diario\/wp-json\/wp\/v2\/comments?post=22123652"}],"version-history":[{"count":2,"href":"https:\/\/www.upo.es\/diario\/wp-json\/wp\/v2\/posts\/22123652\/revisions"}],"predecessor-version":[{"id":30862218,"href":"https:\/\/www.upo.es\/diario\/wp-json\/wp\/v2\/posts\/22123652\/revisions\/30862218"}],"wp:attachment":[{"href":"https:\/\/www.upo.es\/diario\/wp-json\/wp\/v2\/media?parent=22123652"}],"wp:term":[{"taxonomy":"category","embeddable":true,"href":"https:\/\/www.upo.es\/diario\/wp-json\/wp\/v2\/categories?post=22123652"},{"taxonomy":"post_tag","embeddable":true,"href":"https:\/\/www.upo.es\/diario\/wp-json\/wp\/v2\/tags?post=22123652"}],"curies":[{"name":"wp","href":"https:\/\/api.w.org\/{rel}","templated":true}]}}