{"id":22228320,"date":"2017-07-25T10:14:21","date_gmt":"2017-07-25T10:14:21","guid":{"rendered":"https:\/\/www.upo.es\/diario\/?p=22228320"},"modified":"2017-07-25T10:14:21","modified_gmt":"2017-07-25T10:14:21","slug":"sobresaliente-cum-laude-para-la-tesis-descripcion-de-la-figura-fisica-y-composicion-corporal-imagen-corporal-habitos-de-alimentacion-de-actividad-fisica-y-opinion-acerca-de-cirugias-cosmet","status":"publish","type":"post","link":"https:\/\/www.upo.es\/diario\/tesis\/2017\/07\/sobresaliente-cum-laude-para-la-tesis-descripcion-de-la-figura-fisica-y-composicion-corporal-imagen-corporal-habitos-de-alimentacion-de-actividad-fisica-y-opinion-acerca-de-cirugias-cosmet\/","title":{"rendered":"Sobresaliente Cum Laude para la tesis \u201cDescripci\u00f3n de la figura f\u00edsica y composici\u00f3n corporal, imagen corporal, h\u00e1bitos de alimentaci\u00f3n, de actividad f\u00edsica y opini\u00f3n acerca de cirug\u00edas cosm\u00e9ticas en modelos costarricenses\u201d"},"content":{"rendered":"<p><span style=\"color: #000000; font-family: Times New Roman;\">El jueves pasado lugar en la Sala de Tesis del Edificio 45 la defensa p\u00fablica de la tesis doctoral titulada \u201cDescripci\u00f3n de la figura f\u00edsica y composici\u00f3n corporal, imagen corporal, h\u00e1bitos de alimentaci\u00f3n, de actividad f\u00edsica y opini\u00f3n acerca de cirug\u00edas cosm\u00e9ticas en modelos costarricenses\u201d, de la que es autora Yamileth\u00a0 Chac\u00f3n Araya. Esta tesis doctoral ha sido dirigida por los profesores Jos\u00e9 Moncada Jim\u00e9nez de la Universidad de Costa Rica y \u00c1frica Calvo Lluch de la Universidad Pablo de Olavide en el marco del doctorado \u201cCiencias de la Actividad F\u00edsica y del Deporte\u201d. La tesis ha obtenido la calificaci\u00f3n de Sobresaliente Cum Laude.<\/span><\/p>\n","protected":false},"excerpt":{"rendered":"<p>El jueves pasado lugar en la Sala de Tesis del Edificio 45 la defensa p\u00fablica de la tesis doctoral titulada \u201cDescripci\u00f3n de la figura f\u00edsica y composici\u00f3n corporal, imagen corporal, h\u00e1bitos de alimentaci\u00f3n, de actividad f\u00edsica y opini\u00f3n acerca de cirug\u00edas cosm\u00e9ticas en modelos costarricenses\u201d, de la que es autora Yamileth  Chac\u00f3n Araya. Esta tesis doctoral ha sido dirigida por los profesores Jos\u00e9 Moncada Jim\u00e9nez de la Universidad de Costa Rica y \u00c1frica Calvo Lluch de la Universidad Pablo de Olavide en el marco del doctorado \u201cCiencias de la Actividad F\u00edsica y del Deporte\u201d. La tesis ha obtenido la calificaci\u00f3n de Sobresaliente Cum Laude.<\/p>\n","protected":false},"author":5,"featured_media":0,"comment_status":"closed","ping_status":"open","sticky":false,"template":"","format":"standard","meta":{"_monsterinsights_skip_tracking":false,"_monsterinsights_sitenote_active":false,"_monsterinsights_sitenote_note":"","_monsterinsights_sitenote_category":0,"footnotes":""},"categories":[119],"tags":[666,674,3918,4349,541,4347,4348,803],"class_list":["post-22228320","post","type-post","status-publish","format-standard","hentry","category-tesis","tag-actividad-fisica","tag-alimentacion","tag-chacon","tag-cirugia-cosmetica","tag-deporte","tag-figura","tag-fisico","tag-imagen"],"_links":{"self":[{"href":"https:\/\/www.upo.es\/diario\/wp-json\/wp\/v2\/posts\/22228320","targetHints":{"allow":["GET"]}}],"collection":[{"href":"https:\/\/www.upo.es\/diario\/wp-json\/wp\/v2\/posts"}],"about":[{"href":"https:\/\/www.upo.es\/diario\/wp-json\/wp\/v2\/types\/post"}],"author":[{"embeddable":true,"href":"https:\/\/www.upo.es\/diario\/wp-json\/wp\/v2\/users\/5"}],"replies":[{"embeddable":true,"href":"https:\/\/www.upo.es\/diario\/wp-json\/wp\/v2\/comments?post=22228320"}],"version-history":[{"count":1,"href":"https:\/\/www.upo.es\/diario\/wp-json\/wp\/v2\/posts\/22228320\/revisions"}],"predecessor-version":[{"id":22228321,"href":"https:\/\/www.upo.es\/diario\/wp-json\/wp\/v2\/posts\/22228320\/revisions\/22228321"}],"wp:attachment":[{"href":"https:\/\/www.upo.es\/diario\/wp-json\/wp\/v2\/media?parent=22228320"}],"wp:term":[{"taxonomy":"category","embeddable":true,"href":"https:\/\/www.upo.es\/diario\/wp-json\/wp\/v2\/categories?post=22228320"},{"taxonomy":"post_tag","embeddable":true,"href":"https:\/\/www.upo.es\/diario\/wp-json\/wp\/v2\/tags?post=22228320"}],"curies":[{"name":"wp","href":"https:\/\/api.w.org\/{rel}","templated":true}]}}