{"id":22229192,"date":"2017-07-25T10:43:41","date_gmt":"2017-07-25T10:43:41","guid":{"rendered":"https:\/\/www.upo.es\/diario\/?p=22229192"},"modified":"2017-07-25T10:43:41","modified_gmt":"2017-07-25T10:43:41","slug":"sobresaliente-cum-laude-para-la-tesis-la-calidad-integrada-analisis-de-la-implantacion-de-sistemas-de-gestion-de-la-calidad-en-residencias-de-personas-mayores-en-espana","status":"publish","type":"post","link":"https:\/\/www.upo.es\/diario\/tesis\/2017\/07\/sobresaliente-cum-laude-para-la-tesis-la-calidad-integrada-analisis-de-la-implantacion-de-sistemas-de-gestion-de-la-calidad-en-residencias-de-personas-mayores-en-espana\/","title":{"rendered":"Sobresaliente Cum Laude para la tesis \u201cLa calidad integrada: an\u00e1lisis de la implantaci\u00f3n de sistemas de gesti\u00f3n de la calidad en residencias de personas mayores en Espa\u00f1a\u201d"},"content":{"rendered":"<p><span style=\"color: #000000; font-family: Times New Roman;\">El martes 18 de julio tuvo lugar en la Sala de Grados del Edificio 6 la defensa p\u00fablica de la tesis doctoral titulada \u201cLa calidad integrada: an\u00e1lisis de la implantaci\u00f3n de sistemas de gesti\u00f3n de la calidad en residencias de personas mayores en Espa\u00f1a\u201d, de la que es autora Roc\u00edo Mart\u00ednez Fern\u00e1ndez. Esta tesis doctoral, dirigida por el profesor de la Universidad Pablo de Olavide Evaristo Barrera Algar\u00edn en el marco del doctorado \u201cDesarrollo y Ciudadan\u00eda: Derechos Humanos, Igualdad, Educaci\u00f3n e Intervenci\u00f3n Social\u201d, ha obtenido la calificaci\u00f3n de Sobresaliente Cum Laude.<\/span><\/p>\n","protected":false},"excerpt":{"rendered":"<p>El martes 18 de julio tuvo lugar en la Sala de Grados del Edificio 6 la defensa p\u00fablica de la tesis doctoral titulada \u201cLa calidad integrada: an\u00e1lisis de la implantaci\u00f3n de sistemas de gesti\u00f3n de la calidad en residencias de personas mayores en Espa\u00f1a\u201d, de la que es autora Roc\u00edo Mart\u00ednez Fern\u00e1ndez. Esta tesis doctoral, dirigida por el profesor de la Universidad Pablo de Olavide Evaristo Barrera Algar\u00edn en el marco del doctorado \u201cDesarrollo y Ciudadan\u00eda: Derechos Humanos, Igualdad, Educaci\u00f3n e Intervenci\u00f3n Social\u201d, ha obtenido la calificaci\u00f3n de Sobresaliente Cum Laude.<\/p>\n","protected":false},"author":5,"featured_media":0,"comment_status":"closed","ping_status":"open","sticky":false,"template":"","format":"standard","meta":{"_monsterinsights_skip_tracking":false,"_monsterinsights_sitenote_active":false,"_monsterinsights_sitenote_note":"","_monsterinsights_sitenote_category":0,"footnotes":""},"categories":[119],"tags":[740,285,1410,53,4358],"class_list":["post-22229192","post","type-post","status-publish","format-standard","hentry","category-tesis","tag-calidad","tag-espana","tag-gestion","tag-mayores","tag-residencias"],"_links":{"self":[{"href":"https:\/\/www.upo.es\/diario\/wp-json\/wp\/v2\/posts\/22229192","targetHints":{"allow":["GET"]}}],"collection":[{"href":"https:\/\/www.upo.es\/diario\/wp-json\/wp\/v2\/posts"}],"about":[{"href":"https:\/\/www.upo.es\/diario\/wp-json\/wp\/v2\/types\/post"}],"author":[{"embeddable":true,"href":"https:\/\/www.upo.es\/diario\/wp-json\/wp\/v2\/users\/5"}],"replies":[{"embeddable":true,"href":"https:\/\/www.upo.es\/diario\/wp-json\/wp\/v2\/comments?post=22229192"}],"version-history":[{"count":1,"href":"https:\/\/www.upo.es\/diario\/wp-json\/wp\/v2\/posts\/22229192\/revisions"}],"predecessor-version":[{"id":22229401,"href":"https:\/\/www.upo.es\/diario\/wp-json\/wp\/v2\/posts\/22229192\/revisions\/22229401"}],"wp:attachment":[{"href":"https:\/\/www.upo.es\/diario\/wp-json\/wp\/v2\/media?parent=22229192"}],"wp:term":[{"taxonomy":"category","embeddable":true,"href":"https:\/\/www.upo.es\/diario\/wp-json\/wp\/v2\/categories?post=22229192"},{"taxonomy":"post_tag","embeddable":true,"href":"https:\/\/www.upo.es\/diario\/wp-json\/wp\/v2\/tags?post=22229192"}],"curies":[{"name":"wp","href":"https:\/\/api.w.org\/{rel}","templated":true}]}}