{"id":22278507,"date":"2017-07-31T23:31:25","date_gmt":"2017-07-31T21:31:25","guid":{"rendered":"https:\/\/www.upo.es\/diario\/?p=22278507"},"modified":"2020-10-27T14:54:10","modified_gmt":"2020-10-27T13:54:10","slug":"sevilla-acoge-la-conferencia-eaie-sobre-internacionalizacion-de-la-educacion-superior-coorganizada-por-la-upo","status":"publish","type":"post","link":"https:\/\/www.upo.es\/diario\/institucional\/2017\/07\/sevilla-acoge-la-conferencia-eaie-sobre-internacionalizacion-de-la-educacion-superior-coorganizada-por-la-upo\/","title":{"rendered":"Sevilla acoge la Conferencia EAIE sobre internacionalizaci\u00f3n de la educaci\u00f3n superior coorganizada por la UPO"},"content":{"rendered":"<p><a href=\"https:\/\/www.upo.es\/diario\/wp-content\/uploads\/2017\/04\/EAIE_2017.jpg\"><img loading=\"lazy\" decoding=\"async\" class=\"aligncenter size-large wp-image-19445814\" alt=\"EAIE_2017\" src=\"https:\/\/www.upo.es\/diario\/wp-content\/uploads\/2017\/04\/EAIE_2017-600x204.jpg\" width=\"600\" height=\"204\" srcset=\"https:\/\/www.upo.es\/diario\/wp-content\/uploads\/2017\/04\/EAIE_2017-600x204.jpg 600w, https:\/\/www.upo.es\/diario\/wp-content\/uploads\/2017\/04\/EAIE_2017-320x109.jpg 320w, https:\/\/www.upo.es\/diario\/wp-content\/uploads\/2017\/04\/EAIE_2017.jpg 1266w\" sizes=\"auto, (max-width: 600px) 100vw, 600px\" \/><\/a>La 29\u00aa Conferencia Anual de <b>EAIE<\/b> (<b><i>European Association for International Education<\/i><\/b>) -asociaci\u00f3n europea de especializaci\u00f3n, redes y recursos en la internacionalizaci\u00f3n de la educaci\u00f3n superior- tendr\u00e1 lugar en Sevilla del 12 al 15 de septiembre de 2017 en el Palacio de Exposiciones y Congresos (FIBES) bajo el lema \u00abUn mosaico de culturas\u00bb, con la coorganizaci\u00f3n de la Universidad Pablo de Olavide.<\/p>\n<p>Para EAIE, Sevilla constituye una met\u00e1fora del trabajo de los educadores internacionales, de ah\u00ed el nombre de esta edici\u00f3n. Como campo de acci\u00f3n, la Asociaci\u00f3n Europea de Educaci\u00f3n Internacional pretende promocionar las mejores pr\u00e1cticas en el \u00e1mbito de la educaci\u00f3n superior. Como los mosaicos andaluces, lo que se crea en el proceso es mucho m\u00e1s interesante que la suma de sus partes. La anterior conferencia de EAIE, celebrada en Liverpool en septiembre de 2016, reuni\u00f3 alrededor de 5.000 personas entre profesionales y representantes institucionales de universidades de toda Europa y del resto de continentes. En esta ocasi\u00f3n en Sevilla, se esperan hasta 7.000 visitantes.<\/p>\n<p>Seg\u00fan <b>Isabel V. Lucena Cid<\/b>, vicerrectora de Internacionalizaci\u00f3n, \u201csi queremos saber hacia d\u00f3nde va la universidad, la conferencia de EAIE es un espacio privilegiado para reflexionar sobre los desaf\u00edos a los que se enfrenta en la actualidad. La EAIE representa un lugar destacado para profundizar y definir c\u00f3mo debe ser la universidad del siglo XXI \u00a0y su necesaria proyecci\u00f3n internacional. Como se ha puesto de manifiesto a trav\u00e9s de diversos estudios, la universidad atraviesa un momento cr\u00edtico y se encuentra en un proceso de redefinici\u00f3n impulsado por el desarrollo de las nuevas tecnolog\u00edas y los modelos de financiaci\u00f3n de los sistemas universitarios. La conferencia nos ofrece la oportunidad de debatir con representantes de universidades de diversa procedencia, sobre estas cuestiones y compartir las buenas pr\u00e1cticas y posibles respuestas que hagan frente a los retos futuros de la educaci\u00f3n superior\u201d.<\/p>\n<p>La conferencia cuenta con una zona de exposici\u00f3n y otra para conferencias y sesiones. En la parte de stands, la Universidad Pablo de Olavide tendr\u00e1 su propia zona dentro del espacio dedicado al Sistema Universitario Andaluz, en el que se incluyen las 10 universidades p\u00fablicas andaluzas. Por otro lado, hasta 232 actividades han sido programadas durante los cuatro d\u00edas que dura la conferencia entre sesiones, <i>poster sessions<\/i> y eventos de <i>networking<\/i>, lo que da una idea de la importancia de que este evento se desarrolle en Sevilla. Adem\u00e1s, se celebrar\u00e1n 20 talleres interactivos dise\u00f1ados para desarrollar habilidades en \u00e1reas clave de la internacionalizaci\u00f3n que ayuden a implementar cambios en las instituciones. Los temas principales, aunque no \u00fanicos, que desarrollar\u00e1 esta conferencia tienen que ver con cuestiones que afectan de primera mano a las universidades como son: admisi\u00f3n y acreditaci\u00f3n; programas financiados con fondos europeos; liderazgo y estrategia; aprendizaje, ense\u00f1anza y curr\u00edculo; marketing y captaci\u00f3n; movilidad; patrocinios y colaboraciones; refugiados y atenci\u00f3n al estudiante.<\/p>\n<p>En este sentido, <b>Ver\u00f3nica Pacheco Costa<\/b>, directora general de Idiomas y Estudiantes Extranjeros de la Universidad Pablo de Olavide, desarrollar\u00e1 un taller junto con dos colegas de la Universidad Duale Hochschule Baden-W\u00fcrttemberg (Alemania) y la Karlstad University (Suecia), sobre c\u00f3mo se realiza la acogida ling\u00fc\u00edstica a refugiados en estos pa\u00edses a trav\u00e9s de la impartici\u00f3n de cursos de idiomas. Las tres experiencias se pondr\u00e1n en com\u00fan para debatir c\u00f3mo mejorar este trabajo. En el caso de la UPO, el Curso de Espa\u00f1ol para personas refugiadas e inmigrantes es una actividad que ha sido muy bien valorada y acogida por los estudiantes.<\/p>\n<p>La otra participaci\u00f3n de la Universidad Pablo de Olavide, a trav\u00e9s de su profesorado, la realizar\u00e1 <b>Rosa Mar\u00eda Rodr\u00edguez Izquierdo<\/b>, que presentar\u00e1 un poster sobre la preparaci\u00f3n necesaria para el trabajo o el estudio en el \u00e1mbito internacional, dentro de la tem\u00e1tica sobre innovaci\u00f3n en la educaci\u00f3n superior. La profesora del \u00c1rea de Did\u00e1ctica y Organizaci\u00f3n Educativa compartir\u00e1 la experiencia de la UPO mostrando un curso para hacer m\u00e1s f\u00e1cil al estudiante los procesos previos para estudiar o trabajar en el extranjero: solicitudes, papeleo, organizaci\u00f3n, superaci\u00f3n de los temores y preparaci\u00f3n para adaptarse al nuevo entorno cultural.<\/p>\n<p>Por otra parte, el campus de la Universidad Pablo de Olavide acoger\u00e1 una de las cuatro visitas presenciales que se llevar\u00e1n a cabo, adem\u00e1s, en las universidades de Sevilla, Huelva y C\u00e1diz. De esta forma, representantes de universidades de Alemania, Canad\u00e1, Suiza, Holanda, Finlandia, Francia, B\u00e9lgica, Suecia, Austria, Taiwan, Reino Unido, Jap\u00f3n, Dinamarca, Noruega, Estados Unidos y Rep\u00fablica Checa realizar\u00e1n una visita institucional el pr\u00f3ximo 12 de septiembre. La jornada comenzar\u00e1 con una recepci\u00f3n y, posteriormente, se visitar\u00e1n el laboratorio de nutrici\u00f3n, el Centro Andaluz de Biolog\u00eda del Desarrollo y el Servicio Central de Investigaci\u00f3n en Neuroimagen, para concluir con un evento <i>networking<\/i> con el objetivo de entablar acuerdos futuros que sirvan para reforzar la internacionalizaci\u00f3n de los estudios y la investigaci\u00f3n en la entidad.<\/p>\n<p>La cooperaci\u00f3n de la UPO en la conferencia se completa con la participaci\u00f3n de 35 estudiantes, acreditados con el nivel B2 del MCER en lengua inglesa como m\u00ednimo, como voluntarios para colaborar durante las jornadas que tendr\u00e1n lugar en FIBES. En este orden de cosas, se ha conseguido que el material que deje la realizaci\u00f3n de la conferencia en Sevilla, se destine a los proyectos que lleva a cabo la <b>Residencia Universitaria Flora Trist\u00e1n<\/b> de la Olavide en el barrio sevillano Pol\u00edgono Sur.<\/p>\n<p>Como coorganizadora de la conferencia \u2013ya que EAIE tiene su sede en \u00c1msterdam- la Universidad Pablo de Olavide ha realizado un trabajo previo desde hace dos a\u00f1os desde el Vicerrectorado de Internacionalizaci\u00f3n en estrecha colaboraci\u00f3n con el <b>ARIC<\/b> (<b>\u00c1rea de Relaciones Internacionales y Cooperaci\u00f3n<\/b>) y el <b>CUI<\/b> (<b>Centro Universitario Internacional<\/b>). En este sentido, se ha gestionado el convenio con FIBES y, junto con la Universidad de Sevilla y la Universidad Internacional de Andaluc\u00eda, ha liderado la coordinaci\u00f3n con todas las universidades del Sistema Universitario Andaluz y la Consejer\u00eda de Econom\u00eda y Conocimiento de la Junta de Andaluc\u00eda, as\u00ed como con el resto de instituciones que colaboran en el evento.<\/p>\n<p><a href=\"https:\/\/www.upo.es\/diario\/wp-content\/uploads\/2017\/07\/imagen_EAIE3.jpg\"><img loading=\"lazy\" decoding=\"async\" class=\"alignright size-medium wp-image-22278513\" alt=\"imagen_EAIE3\" src=\"https:\/\/www.upo.es\/diario\/wp-content\/uploads\/2017\/07\/imagen_EAIE3-320x232.jpg\" width=\"320\" height=\"232\" \/><\/a>Para la Universidad Pablo de Olavide, la participaci\u00f3n en la conferencia es una muestra del compromiso de la entidad con toda la comunidad acad\u00e9mica: \u201cEn un mundo interconectado y globalizado como el que estamos, en el que la deslocalizaci\u00f3n laboral es tan importante, nuestros estudiantes tienen que aspirar a una formaci\u00f3n que les permita ejercer su profesi\u00f3n en cualquier parte del mundo, ya no se puede aspirar a permanecer \u00fanicamente en el \u00e1mbito local, regional o nacional. Para que nuestro alumnado consiga este objetivo, la proyecci\u00f3n internacional de la UPO es fundamental. Igualmente, todos los profesionales, personal docente e investigador y personal de administraci\u00f3n y servicio, pueden internacionalizar su actividad docente e investigadora y la gesti\u00f3n, visitar otras universidades, compartir buenas pr\u00e1cticas, hacer <i>training<\/i> o cualquier otro tipo de acci\u00f3n que enriquezca a nuestra universidad\u201d, ha comentado la vicerrectora Isabel V. Lucena.<\/p>\n<p>No es casualidad que la Universidad Pablo de Olavide sea la primera en Andaluc\u00eda y la segunda en Espa\u00f1a, tras la Carlos III, en\u00a0 porcentaje de estudiantes de Grado con movilidad internacional del programa Erasmus, seg\u00fan se desprende del informe \u201cLa universidad espa\u00f1ola en cifras\u201d de la CRUE. \u201cTenemos una experiencia muy importante en la gesti\u00f3n de la movilidad internacional. En nuestra universidad, la internacionalizaci\u00f3n es transversal y trabajamos cada vez m\u00e1s en este sentido, para que la proyecci\u00f3n internacional sea una l\u00ednea estrat\u00e9gica que atraviese todos los sectores de la universidad. \u00a0Se trata, por tanto, de visibilizar esta experiencia en internacionalizaci\u00f3n y los resultados, aportando valor como universidad al sistema universitario andaluz y nacional.<\/p>\n<p>Por su parte, Ver\u00f3nica Pacheco expresa muy gr\u00e1ficamente la trascendencia de los temas que se tratar\u00e1n en las jornadas de FIBES: \u201cYa no vivimos aislados en una aldea. Trabajamos para conseguir que los estudiantes que nos visitan se sientan c\u00f3modos y ofrecerles todo lo que les podemos aportar\u00a0 en el \u00e1mbito cultural y de nuestra lengua, adem\u00e1s de acad\u00e9micamente. Tambi\u00e9n trabajamos para que nuestro alumnado, profesorado y personal de servicios tengan las herramientas necesarias tanto para recibir a los estudiantes internacionales como para visitar otras universidades y centros de investigaci\u00f3n. Es algo que tiene que calar en los cimientos de la universidad\u201d.<\/p>\n<p>Fundada en 1989, la EAIE es una asociaci\u00f3n europea para la internacionalizaci\u00f3n de la educaci\u00f3n superior. Se trata de una organizaci\u00f3n sin \u00e1nimo de lucro que re\u00fane a personas que participan activamente en la internacionalizaci\u00f3n de sus instituciones a trav\u00e9s de una combinaci\u00f3n de capacitaci\u00f3n, conferencias, publicaciones y adquisici\u00f3n de conocimientos. EAIE proporciona a los profesionales acad\u00e9micos y no acad\u00e9micos, pr\u00e1cticas y soluciones a los retos de la internacionalizaci\u00f3n ofreciendo una plataforma para el intercambio estrat\u00e9gico de buenas pr\u00e1cticas. EAIE es la \u00fanica asociaci\u00f3n de estas caracter\u00edsticas en Europa puesto que a\u00fana a todas las universidades del continente y a instituciones relacionadas con la educaci\u00f3n superior como la Comisi\u00f3n Europea y la <i>European Univesity Association<\/i>. Sin embargo, su marco de influencia se extiende m\u00e1s all\u00e1 y en sus conferencias participan entidades de todos los continentes.<\/p>\n","protected":false},"excerpt":{"rendered":"<p>La 29\u00aa Conferencia Anual de EAIE (European Association for International Education) -asociaci\u00f3n europea de especializaci\u00f3n, redes y recursos en la internacionalizaci\u00f3n de la educaci\u00f3n superior- tendr\u00e1 lugar en Sevilla del 12 al 15 de septiembre de 2017 en el Palacio de Exposiciones y Congresos (FIBES) bajo el lema \u00abUn mosaico de culturas\u00bb, con la coorganizaci\u00f3n de la Universidad Pablo de Olavide. Para EAIE, Sevilla constituye una met\u00e1fora del trabajo de los educadores internacionales, de ah\u00ed el nombre de esta edici\u00f3n. <\/p>\n","protected":false},"author":14,"featured_media":0,"comment_status":"closed","ping_status":"open","sticky":false,"template":"","format":"standard","meta":{"_monsterinsights_skip_tracking":false,"_monsterinsights_sitenote_active":false,"_monsterinsights_sitenote_note":"","_monsterinsights_sitenote_category":0,"footnotes":""},"categories":[6],"tags":[4365,4364,2190,74,925,1282,39,3620],"class_list":["post-22278507","post","type-post","status-publish","format-standard","hentry","category-institucional","tag-conferencia-eaie","tag-eaie","tag-educacion-superior","tag-exposiciones","tag-internacionalizacion","tag-movilidad-internacional","tag-universidades","tag-vicerrectorado-de-internacionalizacion"],"_links":{"self":[{"href":"https:\/\/www.upo.es\/diario\/wp-json\/wp\/v2\/posts\/22278507","targetHints":{"allow":["GET"]}}],"collection":[{"href":"https:\/\/www.upo.es\/diario\/wp-json\/wp\/v2\/posts"}],"about":[{"href":"https:\/\/www.upo.es\/diario\/wp-json\/wp\/v2\/types\/post"}],"author":[{"embeddable":true,"href":"https:\/\/www.upo.es\/diario\/wp-json\/wp\/v2\/users\/14"}],"replies":[{"embeddable":true,"href":"https:\/\/www.upo.es\/diario\/wp-json\/wp\/v2\/comments?post=22278507"}],"version-history":[{"count":1,"href":"https:\/\/www.upo.es\/diario\/wp-json\/wp\/v2\/posts\/22278507\/revisions"}],"predecessor-version":[{"id":23383845,"href":"https:\/\/www.upo.es\/diario\/wp-json\/wp\/v2\/posts\/22278507\/revisions\/23383845"}],"wp:attachment":[{"href":"https:\/\/www.upo.es\/diario\/wp-json\/wp\/v2\/media?parent=22278507"}],"wp:term":[{"taxonomy":"category","embeddable":true,"href":"https:\/\/www.upo.es\/diario\/wp-json\/wp\/v2\/categories?post=22278507"},{"taxonomy":"post_tag","embeddable":true,"href":"https:\/\/www.upo.es\/diario\/wp-json\/wp\/v2\/tags?post=22278507"}],"curies":[{"name":"wp","href":"https:\/\/api.w.org\/{rel}","templated":true}]}}