{"id":22280673,"date":"2017-07-31T22:00:00","date_gmt":"2017-07-31T20:00:00","guid":{"rendered":"https:\/\/www.upo.es\/diario\/?p=22280673"},"modified":"2020-10-27T14:54:02","modified_gmt":"2020-10-27T13:54:02","slug":"un-total-de-723-estudiantes-y-272-ponentes-participan-en-los-cursos-de-verano-2017-de-olavide-en-carmona","status":"publish","type":"post","link":"https:\/\/www.upo.es\/diario\/institucional\/2017\/07\/un-total-de-723-estudiantes-y-272-ponentes-participan-en-los-cursos-de-verano-2017-de-olavide-en-carmona\/","title":{"rendered":"Un total de 723 estudiantes y 272 ponentes participan en los Cursos de Verano 2017 de Olavide en Carmona"},"content":{"rendered":"<figure id=\"attachment_22280674\" aria-describedby=\"caption-attachment-22280674\" style=\"width: 320px\" class=\"wp-caption alignright\"><a href=\"https:\/\/www.upo.es\/diario\/wp-content\/uploads\/2017\/07\/alumnado.jpg\"><img loading=\"lazy\" decoding=\"async\" class=\"size-medium wp-image-22280674\" alt=\"Alumnado en la sede de la UPO en Carmona\" src=\"https:\/\/www.upo.es\/diario\/wp-content\/uploads\/2017\/07\/alumnado-320x214.jpg\" width=\"320\" height=\"214\" \/><\/a><figcaption id=\"caption-attachment-22280674\" class=\"wp-caption-text\">Alumnado en la sede de la UPO en Carmona<\/figcaption><\/figure>\n<p>La decimoquinta edici\u00f3n de los Cursos de Verano de la Universidad Pablo de Olavide en Carmona, organizados con la colaboraci\u00f3n del Ayuntamiento de esta ciudad, ha contado con la participaci\u00f3n de un total de <strong>723 estudiantes en los 26 cursos de verano<\/strong> celebrados desde el pasado 3 de julio en la Casa Palacio de los Briones, sede de la UPO en Carmona \u2013 Rectora Rosario Valpuesta. Hoy lunes 31 de julio comienza el curso de Arqueolog\u00eda de campo, \u00faltimo de esta XV edici\u00f3n que se celebrar\u00e1 hasta el 25 de agosto.<\/p>\n<p>Doscientos setenta y dos han sido los docentes, entre conferenciantes y ponentes, que han pasado por las aulas estivales de Carmona. De entre ellos, 37 desarrollan su actividad en la UPO, mientras que los 235 restantes proceden de otras universidades espa\u00f1olas o extranjeras, adem\u00e1s de diferentes instituciones, organismos, empresas, etc\u00e9tera. Del total de <strong>35 directores de los Cursos de Verano<\/strong>, 15 han sido profesores pertenecientes a la UPO y los otros 20 personas provenientes de otros \u00e1mbitos del mundo acad\u00e9mico, t\u00e9cnico o profesional.<\/p>\n<p>A trav\u00e9s de los acuerdos establecidos con instituciones, entidades y empresas colaboradoras, un 26 por ciento de los estudiantes participantes del programa 2017 han obtenido beca. A estas becas institucionales, hay que a\u00f1adir el 10% de becas oficiales que la universidad reconoce para cada uno de los cursos ofertados; de esta manera, un 36 por ciento de los estudiantes participantes en esta edici\u00f3n habr\u00edan obtenido beca.<\/p>\n<p>Adem\u00e1s, en esta edici\u00f3n se han incluido en la programaci\u00f3n estival dos cursos de verano coordinados por el Centro de Estudios Empresariales (CEADE) en virtud del convenio suscrito en julio de 2013 entre la Universidad Pablo de Olavide y esta instituci\u00f3n.<\/p>\n<p>Como datos interesantes cabe resaltar que en estas 15 ediciones se han celebrado un total de 455 cursos, en los que han intervenido un total de 5.483 especialistas, conferenciantes y ponentes, y han pasado por las aulas de la sede 14.172 estudiantes.<\/p>\n<p>Respecto al perfil del alumnado a lo largo de estas ediciones, ha ido variando. Si en las primeras ediciones predominaban los estudiantes universitarios que cursaban los cr\u00e9ditos de libre configuraci\u00f3n, en la actualidad se est\u00e1 encaminando hacia un perfil m\u00e1s profesional, de trabajadores que necesitan actualizar sus conocimientos para reciclarse en sus puestos de trabajo.<\/p>\n<p><b>Ponentes<\/b><\/p>\n<p>Con respecto a los ponentes, hay que destacar la presencia en los Cursos de Verano del periodista I\u00f1aki Gabilondo; el presidente de la Fundaci\u00f3n Cultura de Paz y ex director general de la UNESCO, Federico Mayor Zaragoza; el ex ministro de Educaci\u00f3n, \u00c1ngel Gabilondo; los escritores Benjam\u00edn Prado y Juan Jos\u00e9 T\u00e9llez; los guitarristas flamencos Paco Cepero y Jos\u00e9 de Pura, as\u00ed como los cantaores Pansequito y Manuel C\u00e1stulo.<\/p>\n<p>Tambi\u00e9n han participado otros periodistas como Vicente Vall\u00e9s, presentador de informativos de Antena 3; Montserrat Dom\u00ednguez, directora de El Huffington Post; Ram\u00f3n Lobo, periodista en eldiario.es; Luc\u00eda M\u00e9ndez, analista de Herrera en la Onda y La Br\u00fajula; Ignacio Escolar, director de eldiario.es; Jes\u00fas Mara\u00f1a, director de infoLibre; Isa\u00edas Lafuente, de la Cadena SER; Alejandro Vega, director de RTVE Digital o Carlos Fern\u00e1ndez, community manager de Iberdrola y ex community de la Polic\u00eda Nacional.<\/p>\n<p>Joaquim Bosch, juez en Moncada (Valencia) y portavoz territorial de Jueces para la Democracia, tambi\u00e9n ha estado en los Cursos de Verano de \u2018Olavide en Carmona\u2019, as\u00ed como Francisco Serrano, abogado y ex titular del Juzgado de Primera Instancia 1\u00ba 7 de Sevilla; la abogada Ana Mar\u00eda Ruiz Tagle, ex diputada constituyente y presidenta de la Asociaci\u00f3n Rosario Valpuesta; Fernando Reinares, director del Programa sobre Terrorismo Global en el Real Instituto Elcano; Jes\u00fas D\u00edez, teniente coronel del Ej\u00e9rcito de Tierra y representante militar de Espa\u00f1a ante el Comit\u00e9 Militar de la Uni\u00f3n Europea; Ignacio Gabald\u00f3n, teniente coronel del Ej\u00e9rcito de Tierra y miembro de la IMSDivisi\u00f3n de Inteligencia en el Cuartel General de la OTAN (Bruselas) o Juanfer F. Calder\u00edn, director del Observatorio Internacional de Estudios sobre el Terrorismo.<\/p>\n<p>Asimismo, tambi\u00e9n se ha contado con la participaci\u00f3n de Guillermo Fern\u00e1ndez Vara, presidente de la Junta de Extremadura; Manuel Jim\u00e9nez Barrios, consejero de la Presidencia y Administraci\u00f3n Local de la Junta de Andaluc\u00eda; Jos\u00e9 Fiscal L\u00f3pez, consejero de Medio Ambiente y Ordenaci\u00f3n del Territorio; Mar\u00eda Jos\u00e9 S\u00e1nchez Rubio, consejera de Igualdad y Pol\u00edticas Sociales de la Junta de Andaluc\u00eda; Pablo Casado, vicesecretario general de Comunicaci\u00f3n del Partido Popular; Juan Carlos Blanco, portavoz del Gobierno Andaluz; Antonio Ma\u00edllo, coordinador general de Izquierda Unida en Andaluc\u00eda; Fernando de P\u00e1ramo, secretario de Comunicaci\u00f3n de Ciudadanos; Carmen Alborch, ex ministra de Cultura y escritora; o Nuria L\u00f3pez, secretaria general de CC.OO. de Andaluc\u00eda.<\/p>\n<p>Destaca adem\u00e1s la participaci\u00f3n de Cristina Heeren, creadora de la fundaci\u00f3n que lleva dicho nombre; del dise\u00f1ador de moda Juanjo Oliva; Alfonso S\u00e1nchez, director y actor de &#8216;El mundo es nuestro&#8217;; Gervasio Iglesias, productor de &#8216;El hombre de las mil caras&#8217;; y David Sainz, creador y director de la webserie &#8216;Malviviendo&#8217;, entre otros.<\/p>\n<p>En los Cursos de Verano se han abordado, entre otros, temas diversos, como el terrorismo yihadista, los desaf\u00edos del Estado de Derecho, el periodismo y las redes sociales, la traducci\u00f3n en el cine, el coaching, la comunicaci\u00f3n y el liderazgo, la alimentaci\u00f3n vegetariana, los vinos de Andaluc\u00eda, el cambio clim\u00e1tico y la seguridad alimentaria, los secretos del cante flamenco, la Ley de Igualdad o la historia y cultura de los jud\u00edos de Sefarad, en los que han participado diferentes especialistas nacionales e internacionales. Adem\u00e1s, el pr\u00f3ximo lunes comienza un curso pr\u00e1ctico destinado a realizar pr\u00e1cticas arqueol\u00f3gicas de campo.<\/p>\n<p>Los cursos se han desarrollado dentro de los cauces establecidos y en base a los par\u00e1metros de calidad, excelencia cient\u00edfica y acad\u00e9mica establecidos por el Vicerrectorado de Postgrado y Formaci\u00f3n Permanente de la Universidad Pablo de Olavide, disponiendo de ponentes de m\u00e1ximo nivel y una tem\u00e1tica de actualidad, que hacen de la sede Olavide en Carmona un centro de reflexi\u00f3n y generaci\u00f3n de conocimiento.<\/p>\n<p>Esta decimoquinta edici\u00f3n de los Cursos de Verano de la Universidad Pablo de Olavide ha contado con la colaboraci\u00f3n de 92 entidades p\u00fablicas y privadas, y con la financiaci\u00f3n de la Diputaci\u00f3n de Sevilla y la Fundaci\u00f3n Cajasol.<\/p>\n","protected":false},"excerpt":{"rendered":"<p>La decimoquinta edici\u00f3n de los Cursos de Verano de la Universidad Pablo de Olavide en Carmona, organizados con la colaboraci\u00f3n del Ayuntamiento de esta ciudad, ha contado con la participaci\u00f3n de un total de 723 estudiantes en los 26 cursos de verano celebrados desde el pasado 3 de julio en la Casa Palacio de los Briones, sede de la UPO en Carmona \u2013 Rectora Rosario Valpuesta. <\/p>\n","protected":false},"author":14,"featured_media":0,"comment_status":"closed","ping_status":"open","sticky":false,"template":"","format":"standard","meta":{"_monsterinsights_skip_tracking":false,"_monsterinsights_sitenote_active":false,"_monsterinsights_sitenote_note":"","_monsterinsights_sitenote_category":0,"footnotes":""},"categories":[6],"tags":[1754,22,21,519,3147,502],"class_list":["post-22280673","post","type-post","status-publish","format-standard","hentry","category-institucional","tag-balance","tag-cursos-de-verano","tag-estudiantes","tag-olavide-en-carmona","tag-profesionales","tag-universidad"],"_links":{"self":[{"href":"https:\/\/www.upo.es\/diario\/wp-json\/wp\/v2\/posts\/22280673","targetHints":{"allow":["GET"]}}],"collection":[{"href":"https:\/\/www.upo.es\/diario\/wp-json\/wp\/v2\/posts"}],"about":[{"href":"https:\/\/www.upo.es\/diario\/wp-json\/wp\/v2\/types\/post"}],"author":[{"embeddable":true,"href":"https:\/\/www.upo.es\/diario\/wp-json\/wp\/v2\/users\/14"}],"replies":[{"embeddable":true,"href":"https:\/\/www.upo.es\/diario\/wp-json\/wp\/v2\/comments?post=22280673"}],"version-history":[{"count":3,"href":"https:\/\/www.upo.es\/diario\/wp-json\/wp\/v2\/posts\/22280673\/revisions"}],"predecessor-version":[{"id":22384756,"href":"https:\/\/www.upo.es\/diario\/wp-json\/wp\/v2\/posts\/22280673\/revisions\/22384756"}],"wp:attachment":[{"href":"https:\/\/www.upo.es\/diario\/wp-json\/wp\/v2\/media?parent=22280673"}],"wp:term":[{"taxonomy":"category","embeddable":true,"href":"https:\/\/www.upo.es\/diario\/wp-json\/wp\/v2\/categories?post=22280673"},{"taxonomy":"post_tag","embeddable":true,"href":"https:\/\/www.upo.es\/diario\/wp-json\/wp\/v2\/tags?post=22280673"}],"curies":[{"name":"wp","href":"https:\/\/api.w.org\/{rel}","templated":true}]}}