{"id":22302009,"date":"2017-07-28T07:28:54","date_gmt":"2017-07-28T05:28:54","guid":{"rendered":"https:\/\/www.upo.es\/diario\/?p=22302009"},"modified":"2020-10-27T16:27:25","modified_gmt":"2020-10-27T15:27:25","slug":"la-necesidad-de-profesionalizar-el-mundo-de-la-cultura-para-llegar-cada-vez-mas-al-publico","status":"publish","type":"post","link":"https:\/\/www.upo.es\/diario\/cursos-verano\/2017\/07\/la-necesidad-de-profesionalizar-el-mundo-de-la-cultura-para-llegar-cada-vez-mas-al-publico\/","title":{"rendered":"La necesidad de profesionalizar el mundo de la cultura para llegar cada vez m\u00e1s al p\u00fablico"},"content":{"rendered":"<figure id=\"attachment_22302010\" aria-describedby=\"caption-attachment-22302010\" style=\"width: 320px\" class=\"wp-caption alignright\"><a href=\"https:\/\/www.upo.es\/diario\/wp-content\/uploads\/2017\/07\/SalvadorGarcia.jpg\"><img loading=\"lazy\" decoding=\"async\" class=\"size-medium wp-image-22302010\" alt=\"Salvador Garc\u00eda, a la izquierda, durante su ponencia\" src=\"https:\/\/www.upo.es\/diario\/wp-content\/uploads\/2017\/07\/SalvadorGarcia-320x210.jpg\" width=\"320\" height=\"210\" \/><\/a><figcaption id=\"caption-attachment-22302010\" class=\"wp-caption-text\">Salvador Garc\u00eda, a la izquierda, durante su ponencia<\/figcaption><\/figure>\n<p>La necesidad de profesionalizar el mundo de la cultura es imprescindible para llegar cada vez m\u00e1s al p\u00fablico. As\u00ed lo ha asegurado Salvador Garc\u00eda Garc\u00eda, director de la Escuela P\u00fablica de Formaci\u00f3n Cultural de Andaluc\u00eda, quien dirige el seminario sobre \u201cCultura y gesti\u00f3n cultural. El proyecto cultural\u201d, dentro del programa de los cursos de verano de la Universidad Pablo de Olavide en Carmona.<\/p>\n<p>Durante el curso, se muestran a los alumnos las claves para entender el panorama actual de la gesti\u00f3n cultural, as\u00ed como las herramientas necesarias para desarrollar un proyecto cultural sostenible que permita su incorporaci\u00f3n al mercado. Entre los temas que se abordan, figuran la nueva realidad de la econom\u00eda de la cultura, el dise\u00f1o y la planificaci\u00f3n de proyectos, las herramientas tecnol\u00f3gicas para la gesti\u00f3n de proyectos culturales, el marketing cultural o la imagen de marca, entre otros.<\/p>\n<p>Garc\u00eda ha afirmado que la cultura es una fuente muy importante de generaci\u00f3n y riqueza en Andaluc\u00eda, al igual que una parte significativa del PIB tanto en nuestra comunidad aut\u00f3noma como a nivel estatal. Por ello, \u201cdesde la Escuela y a trav\u00e9s del convenio que tenemos con la Asociaci\u00f3n de Gestores Culturales de Andaluc\u00eda estamos trabajando para profesionalizar el sector. Ofrecemos formaci\u00f3n para formar a personas que sean capaces de gestionar espacios esc\u00e9nicos, culturales, exposiciones\u2026 Es decir, cualquier actividad que permita funcionar de una forma m\u00e1s correcta y organizada\u201d.<\/p>\n<p>La Escuela P\u00fablica de Formaci\u00f3n Cultural de Andaluc\u00eda es una escuela p\u00fablica dependiente de la Consejer\u00eda de Cultura de la Junta de Andaluc\u00eda, que tiene entre sus principales objetivos dar una respuesta r\u00e1pida y profesional a las necesidades formativas de todos los agentes que participan en el sector cultural y a los nuevos retos a los que este sector se enfrenta, ofreciendo una formaci\u00f3n multidisciplinar, te\u00f3rico-pr\u00e1ctica y de calidad. La oferta formativa de esta entidad se basa en tres pilares fundamentales: la formaci\u00f3n t\u00e9cnica, la art\u00edstica y la formaci\u00f3n en gesti\u00f3n cultural, tanto en versi\u00f3n presencial como on-line.<\/p>\n<p>En relaci\u00f3n sobre qu\u00e9 sectores culturales son m\u00e1s din\u00e1micos, Salvador Garc\u00eda ha manifestado que las artes audiovisuales y cinematogr\u00e1ficas son el motor de la actividad, las m\u00e1s cercanas al p\u00fablico y las que m\u00e1s ingresos generan. \u201cPero sectores como el teatro o la m\u00fasica tambi\u00e9n son fuente de gran actividad e ingresos\u201d, ha puntualizado.<\/p>\n<p>Por otro lado y con respecto a las nuevas tendencias culturales en Andaluc\u00eda, el director del curso ha destacado que \u201ctodo est\u00e1 evolucionando a una velocidad impresionante, sobre todo en el uso de las nuevas tecnolog\u00edas e Internet, que ayudan a poner de manifiesto cualquier proyecto cultural de forma m\u00e1s cercana y accesible\u201d.<\/p>\n<p>En este sentido, Salvador Garc\u00eda ha resaltado que las redes sociales son esenciales a la hora de difundir la cultura, \u201cpuesto que tienen una capacidad multiplicativa. Y no s\u00f3lo a la hora de difundir, sino que marcan las tendencias del gusto de las personas, por lo que la cultura tiene que estar ah\u00ed presente\u201d, ha finalizado.<\/p>\n","protected":false},"excerpt":{"rendered":"<p>La necesidad de profesionalizar el mundo de la cultura es imprescindible para llegar cada vez m\u00e1s al p\u00fablico. As\u00ed lo ha asegurado Salvador Garc\u00eda Garc\u00eda, director de la Escuela P\u00fablica de Formaci\u00f3n Cultural de Andaluc\u00eda, quien dirige el seminario sobre \u201cCultura y gesti\u00f3n cultural. El proyecto cultural\u201d, dentro del programa de los cursos de verano de la Universidad Pablo de Olavide en Carmona.<\/p>\n","protected":false},"author":14,"featured_media":0,"comment_status":"closed","ping_status":"open","sticky":false,"template":"","format":"standard","meta":{"_monsterinsights_skip_tracking":false,"_monsterinsights_sitenote_active":false,"_monsterinsights_sitenote_note":"","_monsterinsights_sitenote_category":0,"footnotes":""},"categories":[729],"tags":[5834,22,4368,4360,519,4369],"class_list":["post-22302009","post","type-post","status-publish","format-standard","hentry","category-cursos-verano","tag-cultura","tag-cursos-de-verano","tag-escuela-publica-de-formacion-cultural","tag-gestion-cultural","tag-olavide-en-carmona","tag-salvador-garcia-garcia"],"_links":{"self":[{"href":"https:\/\/www.upo.es\/diario\/wp-json\/wp\/v2\/posts\/22302009","targetHints":{"allow":["GET"]}}],"collection":[{"href":"https:\/\/www.upo.es\/diario\/wp-json\/wp\/v2\/posts"}],"about":[{"href":"https:\/\/www.upo.es\/diario\/wp-json\/wp\/v2\/types\/post"}],"author":[{"embeddable":true,"href":"https:\/\/www.upo.es\/diario\/wp-json\/wp\/v2\/users\/14"}],"replies":[{"embeddable":true,"href":"https:\/\/www.upo.es\/diario\/wp-json\/wp\/v2\/comments?post=22302009"}],"version-history":[{"count":1,"href":"https:\/\/www.upo.es\/diario\/wp-json\/wp\/v2\/posts\/22302009\/revisions"}],"predecessor-version":[{"id":30862881,"href":"https:\/\/www.upo.es\/diario\/wp-json\/wp\/v2\/posts\/22302009\/revisions\/30862881"}],"wp:attachment":[{"href":"https:\/\/www.upo.es\/diario\/wp-json\/wp\/v2\/media?parent=22302009"}],"wp:term":[{"taxonomy":"category","embeddable":true,"href":"https:\/\/www.upo.es\/diario\/wp-json\/wp\/v2\/categories?post=22302009"},{"taxonomy":"post_tag","embeddable":true,"href":"https:\/\/www.upo.es\/diario\/wp-json\/wp\/v2\/tags?post=22302009"}],"curies":[{"name":"wp","href":"https:\/\/api.w.org\/{rel}","templated":true}]}}