{"id":22304160,"date":"2017-07-28T11:45:59","date_gmt":"2017-07-28T11:45:59","guid":{"rendered":"https:\/\/www.upo.es\/diario\/?p=22304160"},"modified":"2020-10-27T14:25:41","modified_gmt":"2020-10-27T13:25:41","slug":"la-plaza-de-julian-besteiro-de-carmona-podria-convertirse-en-un-nuevo-foco-de-interes-para-el-turismo-cultural","status":"publish","type":"post","link":"https:\/\/www.upo.es\/diario\/cursos-verano\/2017\/07\/la-plaza-de-julian-besteiro-de-carmona-podria-convertirse-en-un-nuevo-foco-de-interes-para-el-turismo-cultural\/","title":{"rendered":"La Plaza de Juli\u00e1n Besteiro de Carmona podr\u00eda convertirse en un nuevo foco de inter\u00e9s para el turismo cultural"},"content":{"rendered":"<figure id=\"attachment_22306428\" aria-describedby=\"caption-attachment-22306428\" style=\"width: 600px\" class=\"wp-caption aligncenter\"><a href=\"https:\/\/www.upo.es\/diario\/wp-content\/uploads\/2017\/07\/Arqueolog\u00eda.jpg\"><img loading=\"lazy\" decoding=\"async\" class=\"size-large wp-image-22306428\" alt=\"Hallazgos arqueol\u00f3gicos en Carmona\" src=\"https:\/\/www.upo.es\/diario\/wp-content\/uploads\/2017\/07\/Arqueolog\u00eda-600x400.jpg\" width=\"600\" height=\"400\" \/><\/a><figcaption id=\"caption-attachment-22306428\" class=\"wp-caption-text\">Excavaci\u00f3n arqueol\u00f3gica en Carmona<\/figcaption><\/figure>\n<p>La plaza de Juli\u00e1n Besteiro podr\u00eda representar un atractivo tur\u00edstico m\u00e1s para los miles de turistas que visitan la ciudad de Carmona. As\u00ed lo cree, al menos, Juan Manuel Rom\u00e1n, arque\u00f3logo del Museo de la Ciudad y miembro del Servicio de Arqueolog\u00eda del Ayuntamiento de Carmona, quien defiende la posibilidad de \u201cintegrar, hacer visibles y poner en valor\u201d los restos arqueol\u00f3gicos hallados en el subsuelo de este emplazamiento urbano, lo que \u201cdotar\u00eda a la ciudad de otro foco m\u00e1s de inter\u00e9s para las visitas tur\u00edsticas vinculadas al patrimonio arqueol\u00f3gico\u201d que, trat\u00e1ndose de Carmona, no son pocas.<\/p>\n<p>Rom\u00e1n ha hecho estas declaraciones en el marco de la XV Edici\u00f3n de los cursos de verano que la Universidad Pablo de Olavide celebra en la ciudad y donde codirige la actividad \u2018Arqueolog\u00eda de campo\u2019 junto a Ricardo Lineros, jefe de servicio de la Delegaci\u00f3n de Patrimonio Hist\u00f3rico del Ayuntamiento de Carmona y director del Museo de la Ciudad. Entre el 31 de julio y el 25 de agosto, los alumnos y alumnas del curso realizar\u00e1n trabajo de campo en la plazuela de San Jos\u00e9, ampliando las excavaciones que ya existen y que, parad\u00f3jicamente, se iniciaron para descartar la existencia de restos de valor como trabajo previo a la construcci\u00f3n de un aparcamiento subterr\u00e1neo en esta zona del centro hist\u00f3rico de la ciudad.<\/p>\n<p>Seg\u00fan explica el arque\u00f3logo, \u201cCarmona fue una de las ciudades m\u00e1s importantes de la B\u00e9tica\u201d romana, especialmente durante los siglos I y II d. C, \u201cy de ello dan fe los diferentes edificios p\u00fablicos que han aparecido, como el anfiteatro, el teatro y el circo o los ba\u00f1os\u201d. La plazuela de San Jos\u00e9 es un buen ejemplo. A lo largo de las diferentes fases de la excavaci\u00f3n han aparecido interesantes restos de diversas etapas hist\u00f3ricas. Los m\u00e1s recientes est\u00e1n vinculados al convento de San Jos\u00e9, fundado por los carmelitas descalzos a finales del siglo XVII y que \u201cocupaba no s\u00f3lo el espacio actual de la plaza sino de edificios colindantes\u201d. De una \u00e9poca anterior a la construcci\u00f3n del edificio religioso, los arque\u00f3logos hallaron restos de viviendas del siglo XVI de estilo mud\u00e9jar \u201cque se conservaban en bastante buen estado\u201d, subraya.<\/p>\n<p>En niveles inferiores del subsuelo se han encontrado restos isl\u00e1micos, pertenecientes sobre todo a infraestructuras de la \u00e9poca como pozos ciegos y canalizaciones, lo que confirma que esa zona de Carmona \u201cestuvo habitada y urbanizada en \u00e9poca medieval\u201d. En estos niveles se han recuperado gran cantidad de materiales de la \u00e9poca almohade (siglos XII y XIII), principalmente cer\u00e1mica.<\/p>\n<p>Pero, sin lugar a dudas, Juan Manuel Rom\u00e1n afirma que los restos \u201cm\u00e1s interesantes, visibles y potentes\u201d de cuantos han aparecido en la plaza de San Jos\u00e9 son los de \u00e9poca romana. As\u00ed, en la actualidad se encuentra excavando unas termas que podr\u00edan ser p\u00fablicas \u201cpor las dimensiones de lo que ya tenemos exhumado\u201d y que ser\u00edan las terceras termas romanas que salen a la luz en Carmona. Hasta el momento se ha identificado el espacio de cinco piscinas (una de agua caliente, una de agua templada y tres de agua fr\u00eda) y la estancia que dar\u00eda acceso a \u00e9stas, \u201cy los resultados prometen\u201d. Entre los trabajos que tendr\u00e1n por delante los alumnos del curso, se\u00f1ala \u201cla excavaci\u00f3n de la zona donde se hac\u00eda el fuego (<i>hipocaustum<\/i>) para calentar el agua de las piscinas\u201d.<\/p>\n<p>De confirmarse el hallazgo, habr\u00edan aparecido las termas m\u00e1s antiguas de Carmona, sum\u00e1ndose a las de las calles Pozo Nuevo (siglo II d. C.) y Juan de Ortega, si bien \u00e9stas eran privadas y estaban incorporadas a una vivienda. Las de San Jos\u00e9, calcula Rom\u00e1n, \u201cfueron construidas posiblemente en \u00e9poca de Augusto a principios del siglo I d. C. y son las m\u00e1s antiguas\u201d. Adem\u00e1s, se sabe que estuvieron en uso durante bastante tiempo \u201cpor las reformas que experiment\u00f3 el edificio\u201d, a\u00f1ade.<\/p>\n<p>No obstante, antes de adentrarse en el subsuelo de la ciudad hasta llegar a la Carmona romana de dos mil a\u00f1os atr\u00e1s, la primera lecci\u00f3n que recibir\u00e1n los futuros arque\u00f3logos ser\u00e1 \u201cc\u00f3mo se coge un pico y una pala\u201d. A partir de ah\u00ed, aprender\u00e1n a realizar todas las tareas propias del oficio en una excavaci\u00f3n de este tipo: \u201cel trabajo de campo, c\u00f3mo se lleva el registro, la estratigraf\u00eda, planimetr\u00eda, fotograf\u00eda\u2026 Aspectos en los que no se suele profundizar de forma m\u00e1s pr\u00e1ctica en el \u00e1mbito acad\u00e9mico\u201d, aclara Rom\u00e1n. Todo ello complementado con clases te\u00f3ricas sobre temas administrativos, legislativos o metodol\u00f3gicos, ha finalizado el arque\u00f3logo.<\/p>\n","protected":false},"excerpt":{"rendered":"<p>La plaza de Juli\u00e1n Besteiro podr\u00eda representar un atractivo tur\u00edstico m\u00e1s para los miles de turistas que visitan la ciudad de Carmona. As\u00ed lo cree, al menos, Juan Manuel Rom\u00e1n, arque\u00f3logo del Museo de la Ciudad y miembro del Servicio de Arqueolog\u00eda del Ayuntamiento de Carmona, quien defiende la posibilidad de \u201cintegrar, hacer visibles y poner en valor\u201d los restos arqueol\u00f3gicos hallados en el subsuelo de este emplazamiento urbano, lo que \u201cdotar\u00eda a la ciudad de otro foco m\u00e1s de inter\u00e9s para las visitas tur\u00edsticas vinculadas al patrimonio arqueol\u00f3gico\u201d que, trat\u00e1ndose de Carmona, no son pocas.<\/p>\n","protected":false},"author":14,"featured_media":0,"comment_status":"closed","ping_status":"open","sticky":false,"template":"","format":"standard","meta":{"_monsterinsights_skip_tracking":false,"_monsterinsights_sitenote_active":false,"_monsterinsights_sitenote_note":"","_monsterinsights_sitenote_category":0,"footnotes":""},"categories":[729],"tags":[128,23,22,1752,519,4370],"class_list":["post-22304160","post","type-post","status-publish","format-standard","hentry","category-cursos-verano","tag-arqueologia","tag-carmona","tag-cursos-de-verano","tag-juan-manuel-roman","tag-olavide-en-carmona","tag-restos-arqueologicos"],"_links":{"self":[{"href":"https:\/\/www.upo.es\/diario\/wp-json\/wp\/v2\/posts\/22304160","targetHints":{"allow":["GET"]}}],"collection":[{"href":"https:\/\/www.upo.es\/diario\/wp-json\/wp\/v2\/posts"}],"about":[{"href":"https:\/\/www.upo.es\/diario\/wp-json\/wp\/v2\/types\/post"}],"author":[{"embeddable":true,"href":"https:\/\/www.upo.es\/diario\/wp-json\/wp\/v2\/users\/14"}],"replies":[{"embeddable":true,"href":"https:\/\/www.upo.es\/diario\/wp-json\/wp\/v2\/comments?post=22304160"}],"version-history":[{"count":2,"href":"https:\/\/www.upo.es\/diario\/wp-json\/wp\/v2\/posts\/22304160\/revisions"}],"predecessor-version":[{"id":30862226,"href":"https:\/\/www.upo.es\/diario\/wp-json\/wp\/v2\/posts\/22304160\/revisions\/30862226"}],"wp:attachment":[{"href":"https:\/\/www.upo.es\/diario\/wp-json\/wp\/v2\/media?parent=22304160"}],"wp:term":[{"taxonomy":"category","embeddable":true,"href":"https:\/\/www.upo.es\/diario\/wp-json\/wp\/v2\/categories?post=22304160"},{"taxonomy":"post_tag","embeddable":true,"href":"https:\/\/www.upo.es\/diario\/wp-json\/wp\/v2\/tags?post=22304160"}],"curies":[{"name":"wp","href":"https:\/\/api.w.org\/{rel}","templated":true}]}}