{"id":2239811,"date":"2013-12-12T23:00:29","date_gmt":"2013-12-12T23:00:29","guid":{"rendered":"https:\/\/www.upo.es\/diario\/?p=2239811"},"modified":"2013-12-13T08:31:52","modified_gmt":"2013-12-13T08:31:52","slug":"las-politicas-linguisticas-en-democracias-multilingues-a-debate-desde-manana-en-la-upo","status":"publish","type":"post","link":"https:\/\/www.upo.es\/diario\/institucional\/2013\/12\/las-politicas-linguisticas-en-democracias-multilingues-a-debate-desde-manana-en-la-upo\/","title":{"rendered":"Las pol\u00edticas ling\u00fc\u00edsticas en democracias multiling\u00fces, a debate en la UPO"},"content":{"rendered":"<figure id=\"attachment_2247941\" aria-describedby=\"caption-attachment-2247941\" style=\"width: 320px\" class=\"wp-caption alignright\"><a href=\"https:\/\/www.upo.es\/diario\/wp-content\/uploads\/2013\/12\/coloquio_politicaslinguisticas.jpg\"><img loading=\"lazy\" decoding=\"async\" class=\"size-medium wp-image-2247941\" alt=\"En la imagen, Philippe Van Parijs junto a Juan Jim\u00e9nez Salcedo.  \" src=\"https:\/\/www.upo.es\/diario\/wp-content\/uploads\/2013\/12\/coloquio_politicaslinguisticas-320x213.jpg\" width=\"320\" height=\"213\" srcset=\"https:\/\/www.upo.es\/diario\/wp-content\/uploads\/2013\/12\/coloquio_politicaslinguisticas-320x213.jpg 320w, https:\/\/www.upo.es\/diario\/wp-content\/uploads\/2013\/12\/coloquio_politicaslinguisticas-1024x682.jpg 1024w, https:\/\/www.upo.es\/diario\/wp-content\/uploads\/2013\/12\/coloquio_politicaslinguisticas-600x400.jpg 600w\" sizes=\"auto, (max-width: 320px) 100vw, 320px\" \/><\/a><figcaption id=\"caption-attachment-2247941\" class=\"wp-caption-text\">En la imagen, Philippe Van Parijs junto a Juan Jim\u00e9nez Salcedo esta ma\u00f1ana en la UPO.<\/figcaption><\/figure>\n<p>La Universidad Pablo de Olavide acoge el 12 y 13 de diciembre la celebraci\u00f3n del coloquio <b>\u201cPol\u00edticas ling\u00fc\u00edsticas en democracias multiling\u00fces: \u00bfes evitable el conflicto?\u201d<\/b>,un encuentro en\u00a0el que participan un total de 38 expertos procedentes de 23 universidades europeas y 5 americanas.<\/p>\n<p>El objetivo del coloquio, organizado por los profesores Juan Jim\u00e9nez Salcedo, del Departamento de Traducci\u00f3n y Filolog\u00eda de la Olavide, y Jorge Cagiao y Conde, de la Universidad de Tours (Francia), ser\u00e1 analizar las pol\u00edticas ling\u00fc\u00edsticas implementadas por los territorios con competencias en la materia, situ\u00e1ndolas en el contexto de los Estados naci\u00f3n de los que forman parte. Como explica el profesor Jim\u00e9nez Salcedo, \u201cla atenci\u00f3n de los estudiosos se ha centrado quiz\u00e1s demasiado en la gesti\u00f3n estatal del pluralismo ling\u00fc\u00edstico (\u00bfc\u00f3mo gestiona el Estado esta cuesti\u00f3n?), en el marco constitucional y legal previsto, tomando dicho marco como l\u00edmite infranqueable dentro del cual hacer uso de la autonom\u00eda ling\u00fc\u00edstica. La realidad muestra en cambio que dicho marco no es tan r\u00edgido como se pretende y s\u00ed m\u00e1s permeable a la interpretaci\u00f3n, a la acci\u00f3n pol\u00edtica y al cambio que los actores con capacidad pol\u00edtica y normativa pretendan introducir por\/desde abajo. Esta es la perspectiva que pretendemos privilegiar\u201d.<\/p>\n<p>El encuentro contar\u00e1 con la participaci\u00f3n de expertos de la talla de Philippe Van Parijs (Universit\u00e9 Catholique de Louvain), Piet Van de Craen (Vrije Universiteit Brussel), Juan Carlos Moreno Cabrera (Universidad Aut\u00f3noma de Madrid) o Jaume Vernet (Universitat Rovira i Virgili).<\/p>\n<p>Las comunicaciones que se presentar\u00e1n durante el coloquio pondr\u00e1n de relieve la manera en que se ha explotado la autonom\u00eda pol\u00edtica en materia ling\u00fc\u00edstica, las eventuales situaciones de conflicto surgidas entre las pol\u00edticas y legislaciones estatales e infraestatales (los l\u00edmites y obst\u00e1culos que estas \u00faltimas encuentran), los intentos y las estrategias de superaci\u00f3n tanto de los l\u00edmites como del referido conflicto, sea mediante decisi\u00f3n unilateral o acuerdo pol\u00edtico, sea por v\u00eda interpretativa convalidada o rechazada en sede judicial, o bien por la influencia mutua, ascendente y descendente, entre las pol\u00edticas ling\u00fc\u00edsticas implementadas en uno y otro orden jur\u00eddico. Resultar\u00e1n especialmente interesantes las propuestas con vistas a futuro, que contribuir\u00e1n a una mejor comprensi\u00f3n y definici\u00f3n de lo que son las buenas pr\u00e1cticas en pol\u00edticas p\u00fablicas y la gobernanza de los grupos ling\u00fc\u00edsticos.<\/p>\n<p>Los resultados de investigaci\u00f3n se centrar\u00e1n no s\u00f3lo en el an\u00e1lisis de la normativa y de las pol\u00edticas de normalizaci\u00f3n y de gesti\u00f3n del pluralismo ling\u00fc\u00edstico, sino tambi\u00e9n de la jurisprudencia y de los debates o reflexiones en torno a todas estas cuestiones en los medios de comunicaci\u00f3n, as\u00ed como la percepci\u00f3n que de \u00e9stos se tenga en la opini\u00f3n p\u00fablica.<\/p>\n<p>El coloquio <b>\u201cPol\u00edticas ling\u00fc\u00edsticas en democracias multiling\u00fces: \u00bfes evitable el conflicto?\u201d <\/b>cuentacon financiaci\u00f3n del grupo de investigaci\u00f3n \u201cInteractions culturelles et discursives\u201d de la Universidad de Tours y con la colaboraci\u00f3n del M\u00e0ster en Comunicaci\u00f3 intercultural i Ensenyament de Lleng\u00fces de la Universitat Jaume I de Castell\u00f3n.<\/p>\n<p><a href=\"http:\/\/www.politicaslinguisticas.com\/programa\/\">PROGRAMA<\/a><\/p>\n","protected":false},"excerpt":{"rendered":"<p>La Universidad Pablo de Olavide acoge el 12 y 13 de diciembre la celebraci\u00f3n del coloquio \u201cPol\u00edticas ling\u00fc\u00edsticas en democracias multiling\u00fces: \u00bfes evitable el conflicto?\u201d,un encuentro en el que participan un total de 38 expertos procedentes de 23 universidades europeas y 5 americanas.<\/p>\n","protected":false},"author":2,"featured_media":0,"comment_status":"closed","ping_status":"open","sticky":false,"template":"","format":"standard","meta":{"_monsterinsights_skip_tracking":false,"_monsterinsights_sitenote_active":false,"_monsterinsights_sitenote_note":"","_monsterinsights_sitenote_category":0,"footnotes":""},"categories":[6],"tags":[603,744,821,35,76,1038],"class_list":["post-2239811","post","type-post","status-publish","format-standard","hentry","category-institucional","tag-coloquio","tag-democracia","tag-encuentro","tag-idiomas","tag-politica","tag-politicas-linguisticas"],"_links":{"self":[{"href":"https:\/\/www.upo.es\/diario\/wp-json\/wp\/v2\/posts\/2239811","targetHints":{"allow":["GET"]}}],"collection":[{"href":"https:\/\/www.upo.es\/diario\/wp-json\/wp\/v2\/posts"}],"about":[{"href":"https:\/\/www.upo.es\/diario\/wp-json\/wp\/v2\/types\/post"}],"author":[{"embeddable":true,"href":"https:\/\/www.upo.es\/diario\/wp-json\/wp\/v2\/users\/2"}],"replies":[{"embeddable":true,"href":"https:\/\/www.upo.es\/diario\/wp-json\/wp\/v2\/comments?post=2239811"}],"version-history":[{"count":8,"href":"https:\/\/www.upo.es\/diario\/wp-json\/wp\/v2\/posts\/2239811\/revisions"}],"predecessor-version":[{"id":2255717,"href":"https:\/\/www.upo.es\/diario\/wp-json\/wp\/v2\/posts\/2239811\/revisions\/2255717"}],"wp:attachment":[{"href":"https:\/\/www.upo.es\/diario\/wp-json\/wp\/v2\/media?parent=2239811"}],"wp:term":[{"taxonomy":"category","embeddable":true,"href":"https:\/\/www.upo.es\/diario\/wp-json\/wp\/v2\/categories?post=2239811"},{"taxonomy":"post_tag","embeddable":true,"href":"https:\/\/www.upo.es\/diario\/wp-json\/wp\/v2\/tags?post=2239811"}],"curies":[{"name":"wp","href":"https:\/\/api.w.org\/{rel}","templated":true}]}}