{"id":2239825,"date":"2013-12-11T11:31:18","date_gmt":"2013-12-11T11:31:18","guid":{"rendered":"https:\/\/www.upo.es\/diario\/?p=2239825"},"modified":"2013-12-11T13:32:39","modified_gmt":"2013-12-11T13:32:39","slug":"como-llevar-a-cabo-una-implantacion-de-la-ley-organica-de-proteccion-de-datos-tema-de-un-seminario-en-la-upo","status":"publish","type":"post","link":"https:\/\/www.upo.es\/diario\/institucional\/2013\/12\/como-llevar-a-cabo-una-implantacion-de-la-ley-organica-de-proteccion-de-datos-tema-de-un-seminario-en-la-upo\/","title":{"rendered":"C\u00f3mo llevar a cabo una implantaci\u00f3n de la Ley Org\u00e1nica de Protecci\u00f3n de datos, tema de un seminario en la UPO"},"content":{"rendered":"<p><span style=\"text-decoration: underline;\">Ma\u00f1ana jueves 12 de diciembre, a las 17.30 horas en el sal\u00f3n de grados del edificio 6 de la Universidad Pablo de Olavide<\/span>, Pedro Rodr\u00edguez L\u00f3pez de Lemus, presidente de AENTA y ANDCE, impartir\u00e1 el seminario t\u00edtulo \u201cC\u00f3mo llevar a cabo una implantaci\u00f3n de la Ley Org\u00e1nica de Protecci\u00f3n de datos (LOPD)\u201d. Organizado por el M\u00e1ster Oficial en Derecho de las Nuevas Tecnolog\u00edas, la asistencia es libre hasta completar aforo para cualquier persona interesada.<\/p>\n<p>El M\u00e1ster Oficial en Derecho de las Nuevas Tecnolog\u00edas, dirigido por el catedr\u00e1tico Agust\u00edn Madrid Parra, pretende satisfacer las exigencias de estudio y formaci\u00f3n en el r\u00e9gimen jur\u00eddico de la sociedad de la informaci\u00f3n, especialmente los aspectos vinculados a la actividad econ\u00f3mica y empresarial.<\/p>\n","protected":false},"excerpt":{"rendered":"<p>Ma\u00f1ana jueves 12 de diciembre, a las 17.30 horas en el sal\u00f3n de grados del edificio 6 de la Universidad Pablo de Olavide, Pedro Rodr\u00edguez L\u00f3pez de Lemus, presidente de AENTA y ANDCE, impartir\u00e1 el seminario t\u00edtulo \u201cC\u00f3mo llevar a cabo una implantaci\u00f3n de la Ley Org\u00e1nica de Protecci\u00f3n de datos (LOPD)\u201d. Organizado por el M\u00e1ster Oficial en Derecho de las Nuevas Tecnolog\u00edas, la asistencia es libre hasta completar aforo para cualquier persona interesada.<\/p>\n","protected":false},"author":2,"featured_media":0,"comment_status":"closed","ping_status":"open","sticky":false,"template":"","format":"standard","meta":{"_monsterinsights_skip_tracking":false,"_monsterinsights_sitenote_active":false,"_monsterinsights_sitenote_note":"","_monsterinsights_sitenote_category":0,"footnotes":""},"categories":[6],"tags":[87,84,118,217],"class_list":["post-2239825","post","type-post","status-publish","format-standard","hentry","category-institucional","tag-derecho","tag-jornadas","tag-master","tag-nuevas-tecnologias"],"_links":{"self":[{"href":"https:\/\/www.upo.es\/diario\/wp-json\/wp\/v2\/posts\/2239825","targetHints":{"allow":["GET"]}}],"collection":[{"href":"https:\/\/www.upo.es\/diario\/wp-json\/wp\/v2\/posts"}],"about":[{"href":"https:\/\/www.upo.es\/diario\/wp-json\/wp\/v2\/types\/post"}],"author":[{"embeddable":true,"href":"https:\/\/www.upo.es\/diario\/wp-json\/wp\/v2\/users\/2"}],"replies":[{"embeddable":true,"href":"https:\/\/www.upo.es\/diario\/wp-json\/wp\/v2\/comments?post=2239825"}],"version-history":[{"count":2,"href":"https:\/\/www.upo.es\/diario\/wp-json\/wp\/v2\/posts\/2239825\/revisions"}],"predecessor-version":[{"id":2239827,"href":"https:\/\/www.upo.es\/diario\/wp-json\/wp\/v2\/posts\/2239825\/revisions\/2239827"}],"wp:attachment":[{"href":"https:\/\/www.upo.es\/diario\/wp-json\/wp\/v2\/media?parent=2239825"}],"wp:term":[{"taxonomy":"category","embeddable":true,"href":"https:\/\/www.upo.es\/diario\/wp-json\/wp\/v2\/categories?post=2239825"},{"taxonomy":"post_tag","embeddable":true,"href":"https:\/\/www.upo.es\/diario\/wp-json\/wp\/v2\/tags?post=2239825"}],"curies":[{"name":"wp","href":"https:\/\/api.w.org\/{rel}","templated":true}]}}