{"id":2249058,"date":"2013-12-12T08:23:36","date_gmt":"2013-12-12T08:23:36","guid":{"rendered":"https:\/\/www.upo.es\/diario\/?p=2249058"},"modified":"2013-12-13T08:29:29","modified_gmt":"2013-12-13T08:29:29","slug":"la-universidad-pablo-de-olavide-participa-en-la-ii-edicion-de-enterate-sevilla-2013","status":"publish","type":"post","link":"https:\/\/www.upo.es\/diario\/institucional\/2013\/12\/la-universidad-pablo-de-olavide-participa-en-la-ii-edicion-de-enterate-sevilla-2013\/","title":{"rendered":"La Universidad Pablo de Olavide participa en la II edici\u00f3n de \u2018Ent\u00e9rate\u2019 Sevilla 2013"},"content":{"rendered":"<p style=\"text-align: justify;\">Esta ma\u00f1ana ha comenzado la II edici\u00f3n del evento<a href=\"http:\/\/www.eventoenterate.com\/\"> \u2018Ent\u00e9rate\u2019 Sevilla 2013<\/a> en el que participa la Universidad Pablo de Olavide a trav\u00e9s de su Centro de Estudios de Postgrado y \u00c1rea de Formaci\u00f3n Permanente, su Oficina de Transferencia de Resultados de Investigaci\u00f3n (OTRI) y su Unidad de Promoci\u00f3n Social y Cultural. Este encuentro, organizado por la empresa andaluza <a href=\"http:\/\/www.beforwork.com\/\">Be4Work<\/a> en el hotel NH Central Convenciones (Avenida Diego Mart\u00ednez Barrio 8, Sevilla), tiene como objetivo ofrecer a universitarios, reci\u00e9n titulados y emprendedores la oportunidad de resolver dudas sobre su futuro.<\/p>\n<figure id=\"attachment_2249061\" aria-describedby=\"caption-attachment-2249061\" style=\"width: 320px\" class=\"wp-caption alignright\"><a href=\"https:\/\/www.upo.es\/diario\/wp-content\/uploads\/2013\/12\/EnterateSevilla1.jpg\"><img loading=\"lazy\" decoding=\"async\" class=\"size-medium wp-image-2249061\" alt=\"El vicerrector de Postgrado, Formaci\u00f3n Permanente y Empleo, Miguel \u00c1ngel Gual, (a la dcha) durante el acto de apertura del evento &quot;Ent\u00e9rate&quot; Sevilla 2013, \" src=\"https:\/\/www.upo.es\/diario\/wp-content\/uploads\/2013\/12\/EnterateSevilla1-320x206.jpg\" width=\"320\" height=\"206\" srcset=\"https:\/\/www.upo.es\/diario\/wp-content\/uploads\/2013\/12\/EnterateSevilla1-320x206.jpg 320w, https:\/\/www.upo.es\/diario\/wp-content\/uploads\/2013\/12\/EnterateSevilla1-1024x661.jpg 1024w, https:\/\/www.upo.es\/diario\/wp-content\/uploads\/2013\/12\/EnterateSevilla1-600x387.jpg 600w, https:\/\/www.upo.es\/diario\/wp-content\/uploads\/2013\/12\/EnterateSevilla1.jpg 1350w\" sizes=\"auto, (max-width: 320px) 100vw, 320px\" \/><\/a><figcaption id=\"caption-attachment-2249061\" class=\"wp-caption-text\">El vicerrector de Postgrado, Formaci\u00f3n Permanente y Empleo, Miguel \u00c1ngel Gual, (a la dcha) durante el acto de apertura del evento \u00abEnt\u00e9rate\u00bb Sevilla 2013<\/figcaption><\/figure>\n<p style=\"text-align: justify;\">Miguel \u00c1ngel Gual Font, vicerrector de Postgrado, Formaci\u00f3n Permanente y Empleo de la UPO, ha asistido al acto de inauguraci\u00f3n, el cual ha contado adem\u00e1s con la presencia de Luis Miguel Rufino, director general de Empleo y Econom\u00eda del Ayuntamiento de Sevilla; de Ram\u00f3n Gonz\u00e1lez Carvajal, vicerrector de Transferencia Tecnol\u00f3gica de la Universidad de Sevilla; y de Francisco P\u00e9rez Fresquet, director ejecutivo de Loyola Leadership School, Escuela de Postgrado de la Universidad Loyola Andaluc\u00eda.<\/p>\n<p style=\"text-align: justify;\">\u00a0Este espacio de encuentro, que estar\u00e1 abierto hasta las 20 horas, estar\u00e1 dividido en ocho zonas de exposici\u00f3n para cada perfil: b\u00fasqueda de empleo, postgrados, salidas al extranjero e idiomas, emprendimiento, informaci\u00f3n de becas, voluntariado, ocio, entre otras. Una de las principales novedades de esta edici\u00f3n es que empresas participantes har\u00e1n labores de reclutamiento. La asistencia es gratuita, previa inscripci\u00f3n a trav\u00e9s de la <a href=\"http:\/\/www.beforwork.com\/\">web <\/a>del evento.<\/p>\n<p style=\"text-align: justify;\">El <a href=\"http:\/\/www.upo.es\/postgrado\/\">Centro de Estudios de Postgrado<\/a> \u00a0y el \u00c1rea de Formaci\u00f3n Permanente de la Universidad Pablo de Olavide contar\u00e1n con un stand donde dar\u00e1n a conocer su oferta de postgrado. Una oferta \u00a0compuesta por 40 m\u00e1steres universitarios impartidos este curso, y un total de 186 programas de ense\u00f1anzas propias, de los cuales 34 son m\u00e1steres, 41 son t\u00edtulos de especialista universitario y 111 son cursos de formaci\u00f3n especializada.<\/p>\n<p style=\"text-align: justify;\">La <a href=\"http:\/\/www.upo.es\/otri\/portada\">OTRI<\/a>, por su parte, estar\u00e1 presente en \u201c\u00c9nterate\u201d Sevilla 2013 para informar a los j\u00f3venes del programa \u201c<a href=\"http:\/\/upoemprende.upo.es\/\">UPOemprende<\/a>\u201d. Se trata de una iniciativa destinada a impulsar la cultura emprendedora en la universidad y la creaci\u00f3n de empresas intensivas en conocimiento. Desde su portal, ofrece a los interesados herramientas, informaci\u00f3n y contactos necesarios para crear una empresa, as\u00ed como asesoramiento de t\u00e9cnicos expertos en esta tarea. Asimismo,\u00a0 UPOemprende tambi\u00e9n informar\u00e1 su <a href=\"http:\/\/upoemprende.upo.es\/blog\/2013\/dic\/10\/upoemprende-en-enterate-sevilla-2013\/\">\u00a0VI Convocatoria del Concurso de Ideas y Proyectos Empresariales Innovadores de la UPO<\/a>.<\/p>\n<p style=\"text-align: justify;\">La Unidad de Promoci\u00f3n Social y Cultural y la Residencia Universitaria Flora Trist\u00e1n del Vicerrectorado de Cultura, Participaci\u00f3n y Compromiso Social de la UPO contar\u00e1n tambi\u00e9n con un stand en el \u00c1rea de Voluntariado para dar a conocer sus l\u00edneas de actuaci\u00f3n en el \u00e1mbito medioambiental, cultural, voluntariado e igualdad. Asimismo, la Flora Trist\u00e1n informar\u00e1 sobre los proyectos sociales desarrollados desde la residencia universitaria.<\/p>\n<p style=\"text-align: justify;\">\u00a0\u201cEnt\u00e9rate\u201d Sevilla 2013 es una actividad organizada por la empresa andaluza B4Work. Adem\u00e1s, el evento cuenta con el apoyo oficial del Ayuntamiento de Sevilla, la Universidad Pablo de Olavide, la Universidad de Sevilla, la Universidad Loyola, Andaluc\u00eda Emprende, Fundaci\u00f3n ONCE y Extenda. Est\u00e1 patrocinado por centro de lenguas Clic y cuenta con la colaboraci\u00f3n del ISAE, IE Business School, EAE Business School, EOI, Instituto de Estudios Cajasol, Fundaci\u00f3n San Telmo y la Escuela de Negocias de la C\u00e1mara de Comercio de Sevilla.<\/p>\n","protected":false},"excerpt":{"rendered":"<p>Esta ma\u00f1ana ha comenzado la II edici\u00f3n del evento \u2018Ent\u00e9rate\u2019 Sevilla 2013 en el que participa la Universidad Pablo de Olavide a trav\u00e9s de su Centro de Estudios de Postgrado y \u00c1rea de Formaci\u00f3n Permanente, su Oficina de Transferencia de Resultados de Investigaci\u00f3n (OTRI) y su Unidad de Promoci\u00f3n Social y Cultural. Este encuentro, que estar\u00e1 abierto hasta las 20 horas, est\u00e1 organizado por la empresa andaluza Be4Work en el hotel NH Central Convenciones (Avenida Diego Mart\u00ednez Barrio 8, Sevilla).<\/p>\n","protected":false},"author":4,"featured_media":0,"comment_status":"closed","ping_status":"open","sticky":false,"template":"","format":"standard","meta":{"_monsterinsights_skip_tracking":false,"_monsterinsights_sitenote_active":false,"_monsterinsights_sitenote_note":"","_monsterinsights_sitenote_category":0,"footnotes":""},"categories":[6],"tags":[1039,1042,509,82],"class_list":["post-2249058","post","type-post","status-publish","format-standard","hentry","category-institucional","tag-enterate","tag-feria","tag-formacion","tag-postgrado"],"_links":{"self":[{"href":"https:\/\/www.upo.es\/diario\/wp-json\/wp\/v2\/posts\/2249058","targetHints":{"allow":["GET"]}}],"collection":[{"href":"https:\/\/www.upo.es\/diario\/wp-json\/wp\/v2\/posts"}],"about":[{"href":"https:\/\/www.upo.es\/diario\/wp-json\/wp\/v2\/types\/post"}],"author":[{"embeddable":true,"href":"https:\/\/www.upo.es\/diario\/wp-json\/wp\/v2\/users\/4"}],"replies":[{"embeddable":true,"href":"https:\/\/www.upo.es\/diario\/wp-json\/wp\/v2\/comments?post=2249058"}],"version-history":[{"count":8,"href":"https:\/\/www.upo.es\/diario\/wp-json\/wp\/v2\/posts\/2249058\/revisions"}],"predecessor-version":[{"id":2255716,"href":"https:\/\/www.upo.es\/diario\/wp-json\/wp\/v2\/posts\/2249058\/revisions\/2255716"}],"wp:attachment":[{"href":"https:\/\/www.upo.es\/diario\/wp-json\/wp\/v2\/media?parent=2249058"}],"wp:term":[{"taxonomy":"category","embeddable":true,"href":"https:\/\/www.upo.es\/diario\/wp-json\/wp\/v2\/categories?post=2249058"},{"taxonomy":"post_tag","embeddable":true,"href":"https:\/\/www.upo.es\/diario\/wp-json\/wp\/v2\/tags?post=2249058"}],"curies":[{"name":"wp","href":"https:\/\/api.w.org\/{rel}","templated":true}]}}