{"id":2249060,"date":"2013-12-13T06:14:57","date_gmt":"2013-12-13T06:14:57","guid":{"rendered":"https:\/\/www.upo.es\/diario\/?p=2249060"},"modified":"2013-12-13T12:43:59","modified_gmt":"2013-12-13T12:43:59","slug":"las-publicaciones-eroticas-en-espana-tema-del-segundo-encuentro-del-seminario-de-investigacion-sobre-genero-y-estudios-culturales","status":"publish","type":"post","link":"https:\/\/www.upo.es\/diario\/institucional\/2013\/12\/las-publicaciones-eroticas-en-espana-tema-del-segundo-encuentro-del-seminario-de-investigacion-sobre-genero-y-estudios-culturales\/","title":{"rendered":"Las publicaciones er\u00f3ticas en Espa\u00f1a, tema del segundo encuentro del Seminario de Investigaci\u00f3n sobre G\u00e9nero y Estudios Culturales"},"content":{"rendered":"<figure id=\"attachment_2249062\" aria-describedby=\"caption-attachment-2249062\" style=\"width: 233px\" class=\"wp-caption alignright\"><a href=\"https:\/\/www.upo.es\/diario\/wp-content\/uploads\/2013\/12\/II-workshop-SIGEC.jpg\"><img loading=\"lazy\" decoding=\"async\" class=\"size-medium wp-image-2249062\" alt=\"Jean Louis Guere\u00f1a impartir\u00e1 la conferencia \u2018Un enfer espagnol. Les Publications \u00e9rotiques en Espagne'\" src=\"https:\/\/www.upo.es\/diario\/wp-content\/uploads\/2013\/12\/II-workshop-SIGEC-233x320.jpg\" width=\"233\" height=\"320\" srcset=\"https:\/\/www.upo.es\/diario\/wp-content\/uploads\/2013\/12\/II-workshop-SIGEC-233x320.jpg 233w, https:\/\/www.upo.es\/diario\/wp-content\/uploads\/2013\/12\/II-workshop-SIGEC.jpg 329w\" sizes=\"auto, (max-width: 233px) 100vw, 233px\" \/><\/a><figcaption id=\"caption-attachment-2249062\" class=\"wp-caption-text\">Jean Louis Guere\u00f1a impartir\u00e1 la conferencia \u2018Un enfer espagnol. Les Publications \u00e9rotiques en Espagne&#8217;<\/figcaption><\/figure>\n<p>Hoy viernes <b>13 de diciembre, a las 13 horas en la sala de grados del edificio 6<\/b>, tendr\u00e1 lugar el segundo encuentro organizado por el Seminario de Investigaci\u00f3n sobre G\u00e9nero y Estudios Culturales (SIGEC). Jean Louis Guere\u00f1a, de la Universidad Fran\u00e7ois-Rabelais, impartir\u00e1 la conferencia \u2018Un enfer espagnol. Les Publications \u00e9rotiques en Espagne (XIXe-XXe si\u00e8cles)\u2019.<\/p>\n<p><b>Jean Louis Guere\u00f1a<\/b> es catedr\u00e1tico de civilizaci\u00f3n espa\u00f1ola contempor\u00e1nea en el Instituto de Estudios Hisp\u00e1nicos de la <a href=\"http:\/\/www.univ-tours.fr\/\">Universidad Fran\u00e7ois-Rabelais de Tours<\/a>. Es autor de numerosos trabajos publicados en espa\u00f1ol y en franc\u00e9s sobre historia social y cultural de Espa\u00f1a en los siglos XIX y XX as\u00ed como de historia de la sexualidad.<\/p>\n<p>Las conferencias del <b><a href=\"https:\/\/es-es.facebook.com\/pages\/Seminario-de-Investigaciones-de-G%C3%A9nero-y-Estudios-Culturales-SIGEC\/333321646732430\">Seminario de Investigaci\u00f3n sobre G\u00e9nero y Estudios Culturales<\/a><\/b> (SIGEC) tienen como objetivo debatir sobre distintos temas vinculados a los estudios de g\u00e9nero, y su consecuente impacto cultural, dentro de la comunidad cient\u00edfica a nivel nacional e internacional.<\/p>\n<p>&nbsp;<\/p>\n","protected":false},"excerpt":{"rendered":"<p>Hoy viernes 13 de diciembre, a las 13 horas en la sala de grados del edificio 6, tendr\u00e1 lugar el segundo encuentro organizado por el Seminario de Investigaci\u00f3n sobre G\u00e9nero y Estudios Culturales (SIGEC). Jean Louis Guere\u00f1a, de la Universidad Fran\u00e7ois-Rabelais, impartir\u00e1 la conferencia \u2018Un enfer espagnol. Les Publications \u00e9rotiques en Espagne (XIXe-XXe si\u00e8cles)\u2019.<\/p>\n","protected":false},"author":6,"featured_media":0,"comment_status":"closed","ping_status":"open","sticky":false,"template":"","format":"standard","meta":{"_monsterinsights_skip_tracking":false,"_monsterinsights_sitenote_active":false,"_monsterinsights_sitenote_note":"","_monsterinsights_sitenote_category":0,"footnotes":""},"categories":[6],"tags":[227,336,78,208],"class_list":["post-2249060","post","type-post","status-publish","format-standard","hentry","category-institucional","tag-conferencia","tag-genero","tag-seminario","tag-sexualidad"],"_links":{"self":[{"href":"https:\/\/www.upo.es\/diario\/wp-json\/wp\/v2\/posts\/2249060","targetHints":{"allow":["GET"]}}],"collection":[{"href":"https:\/\/www.upo.es\/diario\/wp-json\/wp\/v2\/posts"}],"about":[{"href":"https:\/\/www.upo.es\/diario\/wp-json\/wp\/v2\/types\/post"}],"author":[{"embeddable":true,"href":"https:\/\/www.upo.es\/diario\/wp-json\/wp\/v2\/users\/6"}],"replies":[{"embeddable":true,"href":"https:\/\/www.upo.es\/diario\/wp-json\/wp\/v2\/comments?post=2249060"}],"version-history":[{"count":5,"href":"https:\/\/www.upo.es\/diario\/wp-json\/wp\/v2\/posts\/2249060\/revisions"}],"predecessor-version":[{"id":2249064,"href":"https:\/\/www.upo.es\/diario\/wp-json\/wp\/v2\/posts\/2249060\/revisions\/2249064"}],"wp:attachment":[{"href":"https:\/\/www.upo.es\/diario\/wp-json\/wp\/v2\/media?parent=2249060"}],"wp:term":[{"taxonomy":"category","embeddable":true,"href":"https:\/\/www.upo.es\/diario\/wp-json\/wp\/v2\/categories?post=2249060"},{"taxonomy":"post_tag","embeddable":true,"href":"https:\/\/www.upo.es\/diario\/wp-json\/wp\/v2\/tags?post=2249060"}],"curies":[{"name":"wp","href":"https:\/\/api.w.org\/{rel}","templated":true}]}}