{"id":2257526,"date":"2013-12-13T12:43:28","date_gmt":"2013-12-13T12:43:28","guid":{"rendered":"https:\/\/www.upo.es\/diario\/?p=2257526"},"modified":"2013-12-13T12:43:28","modified_gmt":"2013-12-13T12:43:28","slug":"el-patronato-de-la-fundacion-conocimiento-y-cultura-aprueba-el-plan-de-actuacion-y-el-presupuesto-para-el-proximo-ano-2","status":"publish","type":"post","link":"https:\/\/www.upo.es\/diario\/institucional\/2013\/12\/el-patronato-de-la-fundacion-conocimiento-y-cultura-aprueba-el-plan-de-actuacion-y-el-presupuesto-para-el-proximo-ano-2\/","title":{"rendered":"El patronato de la Fundaci\u00f3n Conocimiento y Cultura aprueba el Plan de Actuaci\u00f3n y el presupuesto para el pr\u00f3ximo a\u00f1o"},"content":{"rendered":"<figure id=\"attachment_2257528\" aria-describedby=\"caption-attachment-2257528\" style=\"width: 320px\" class=\"wp-caption alignright\"><a href=\"https:\/\/www.upo.es\/diario\/wp-content\/uploads\/2013\/12\/patronato_conoc_cultura_2013.jpg\"><img loading=\"lazy\" decoding=\"async\" class=\"size-medium wp-image-2257528\" alt=\"Patronato de la Fundaci\u00f3n reunido en el Rectorado\" src=\"https:\/\/www.upo.es\/diario\/wp-content\/uploads\/2013\/12\/patronato_conoc_cultura_2013-320x189.jpg\" width=\"320\" height=\"189\" srcset=\"https:\/\/www.upo.es\/diario\/wp-content\/uploads\/2013\/12\/patronato_conoc_cultura_2013-320x189.jpg 320w, https:\/\/www.upo.es\/diario\/wp-content\/uploads\/2013\/12\/patronato_conoc_cultura_2013-600x355.jpg 600w, https:\/\/www.upo.es\/diario\/wp-content\/uploads\/2013\/12\/patronato_conoc_cultura_2013.jpg 700w\" sizes=\"auto, (max-width: 320px) 100vw, 320px\" \/><\/a><figcaption id=\"caption-attachment-2257528\" class=\"wp-caption-text\">El rector ha presentado ante los patronos a la nueva vicepresidenta ejecutiva de la Fundaci\u00f3n, Laura L\u00f3pez de la Cruz<\/figcaption><\/figure>\n<p>El Patronato de la <a title=\"Fundaci\u00f3n Conocimiento y Cultura\" href=\"http:\/\/www.fundaciones.upo.es\/web\/fundacion-conocimiento-y-cultura\">Fundaci\u00f3n Conocimiento y Cultura<\/a>, presidido por el rector de la Universidad Pablo de Olavide, Vicente Guzm\u00e1n Fluja, se ha reunido esta misma ma\u00f1ana para aprobar el Plan de Actuaci\u00f3n y el presupuesto correspondiente al pr\u00f3ximo a\u00f1o 2014. Adem\u00e1s, antes de comenzar la reuni\u00f3n el rector ha aprovechado la ocasi\u00f3n para presentar ante los patronos a la <strong>nueva vicepresidenta ejecutiva de la Fundaci\u00f3n, Laura L\u00f3pez de la Cruz<\/strong>, quien ha afirmado asumir este nuevo reto profesional con ilusi\u00f3n pero trabajando desde el compromiso y la responsabilidad para continuar y consolidar las actividades de esta entidad.<\/p>\n<p>Durante la reuni\u00f3n tambi\u00e9n se ha presentado el <strong>informe de gesti\u00f3n correspondiente al curso acad\u00e9mico 2012\/2013<\/strong> del que se han destacado algunos proyectos como los que promueven la movilidad acad\u00e9mica de estudiantes, investigadores y egresados como el Proyecto Australia o el Proyecto Marco Polo, la entrega de Premios al Rendimiento Acad\u00e9mico con los que se incentiva el estudio y la cultura, la colaboraci\u00f3n con otras entidades cuyos objetivos contribuyen a la consecuci\u00f3n de los fines fundacionales como el Proyecto Villa Adriana o que apoyan la acci\u00f3n social o cultural como la Fundaci\u00f3n de Municipios Pablo de Olavide. Adem\u00e1s, la Fundaci\u00f3n Conocimiento y Cultura tambi\u00e9n auspicia proyectos que fomentan la cultura emprendedora entre los estudiantes y egresados de la UPO.<\/p>\n<p>Por otro lado, con respecto a los <strong>proyectos presentados para el pr\u00f3ximo a\u00f1o<\/strong>, la Fundaci\u00f3n Conocimiento y Cultura continuar\u00e1 en su l\u00ednea de fomento y promoci\u00f3n de la investigaci\u00f3n, las actividades acad\u00e9micas universitarias, el desarrollo de la infraestructura cient\u00edfica y el apoyo de la acci\u00f3n social y cultural en Andaluc\u00eda. Adem\u00e1s, se ha incluido una aportaci\u00f3n econ\u00f3mica destinada a asegurar la continuidad en los estudios universitarios de estudiantes con graves dificultades econ\u00f3micas.<\/p>\n<p>Adem\u00e1s del rector, asistieron a esta reuni\u00f3n la vicesecretaria general de la Universidad Pablo de Olavide, Isabel Lucena Cid, y representantes de las empresas e instituciones p\u00fablicas y privadas que componen el Patronato como Jos\u00e9 Luis Garc\u00eda Mart\u00edn delegado del distrito sur Ayuntamiento de Sevilla; Lidio Ram\u00edrez, de la Agencia de Vivienda y Rehabilitaci\u00f3n de Andaluc\u00eda; Luis Garc\u00eda de Tejada, de la Fundaci\u00f3n Valent\u00edn de Madariaga y Oya; Gin\u00e9s Pastor, de Iturri, Jos\u00e9 Castro, de la Fundaci\u00f3n Pers\u00e1n y Julio Cuesta, de la Fundaci\u00f3n Cruzcampo.<\/p>\n<p>&nbsp;<\/p>\n","protected":false},"excerpt":{"rendered":"<p>El Patronato de la Fundaci\u00f3n Conocimiento y Cultura, presidido por el rector de la Universidad Pablo de Olavide, Vicente Guzm\u00e1n Fluja, se ha reunido esta misma ma\u00f1ana para aprobar el Plan de Actuaci\u00f3n y el presupuesto correspondiente al pr\u00f3ximo a\u00f1o 2014. Adem\u00e1s, antes de comenzar la reuni\u00f3n el rector ha aprovechado la ocasi\u00f3n para presentar ante los patronos a la nueva vicepresidenta ejecutiva de la Fundaci\u00f3n, Laura L\u00f3pez de la Cruz, quien ha afirmado asumir este nuevo reto profesional con ilusi\u00f3n pero trabajando desde el compromiso y la responsabilidad para continuar y consolidar las actividades de esta entidad.<\/p>\n","protected":false},"author":6,"featured_media":0,"comment_status":"closed","ping_status":"open","sticky":false,"template":"","format":"standard","meta":{"_monsterinsights_skip_tracking":false,"_monsterinsights_sitenote_active":false,"_monsterinsights_sitenote_note":"","_monsterinsights_sitenote_category":0,"footnotes":""},"categories":[6],"tags":[5834,47,113,38,106,1021],"class_list":["post-2257526","post","type-post","status-publish","format-standard","hentry","category-institucional","tag-cultura","tag-fundaciones","tag-presupuesto","tag-rector","tag-vicente-c-guzman","tag-vicepresidencia"],"_links":{"self":[{"href":"https:\/\/www.upo.es\/diario\/wp-json\/wp\/v2\/posts\/2257526","targetHints":{"allow":["GET"]}}],"collection":[{"href":"https:\/\/www.upo.es\/diario\/wp-json\/wp\/v2\/posts"}],"about":[{"href":"https:\/\/www.upo.es\/diario\/wp-json\/wp\/v2\/types\/post"}],"author":[{"embeddable":true,"href":"https:\/\/www.upo.es\/diario\/wp-json\/wp\/v2\/users\/6"}],"replies":[{"embeddable":true,"href":"https:\/\/www.upo.es\/diario\/wp-json\/wp\/v2\/comments?post=2257526"}],"version-history":[{"count":1,"href":"https:\/\/www.upo.es\/diario\/wp-json\/wp\/v2\/posts\/2257526\/revisions"}],"predecessor-version":[{"id":2257900,"href":"https:\/\/www.upo.es\/diario\/wp-json\/wp\/v2\/posts\/2257526\/revisions\/2257900"}],"wp:attachment":[{"href":"https:\/\/www.upo.es\/diario\/wp-json\/wp\/v2\/media?parent=2257526"}],"wp:term":[{"taxonomy":"category","embeddable":true,"href":"https:\/\/www.upo.es\/diario\/wp-json\/wp\/v2\/categories?post=2257526"},{"taxonomy":"post_tag","embeddable":true,"href":"https:\/\/www.upo.es\/diario\/wp-json\/wp\/v2\/tags?post=2257526"}],"curies":[{"name":"wp","href":"https:\/\/api.w.org\/{rel}","templated":true}]}}