{"id":2257905,"date":"2013-12-13T00:29:46","date_gmt":"2013-12-13T00:29:46","guid":{"rendered":"https:\/\/www.upo.es\/diario\/?p=2257905"},"modified":"2013-12-16T08:34:50","modified_gmt":"2013-12-16T08:34:50","slug":"estudiantes-de-la-upo-participan-manana-en-una-campana-de-reforestacion-en-la-ribera-del-benalijar-en-alanis-2","status":"publish","type":"post","link":"https:\/\/www.upo.es\/diario\/institucional\/2013\/12\/estudiantes-de-la-upo-participan-manana-en-una-campana-de-reforestacion-en-la-ribera-del-benalijar-en-alanis-2\/","title":{"rendered":"Estudiantes de la UPO participan en una campa\u00f1a de reforestaci\u00f3n en la Ribera del Benal\u00edjar en Alan\u00eds"},"content":{"rendered":"<figure id=\"attachment_2257906\" aria-describedby=\"caption-attachment-2257906\" style=\"width: 226px\" class=\"wp-caption alignright\"><a href=\"https:\/\/www.upo.es\/diario\/wp-content\/uploads\/2013\/12\/reforestacion.jpg\"><img loading=\"lazy\" decoding=\"async\" class=\"size-medium wp-image-2257906\" alt=\"Los voluntarios ambientales saldr\u00e1n desde el Prado de San Sebasti\u00e1n a las 8.00 horas.\" src=\"https:\/\/www.upo.es\/diario\/wp-content\/uploads\/2013\/12\/reforestacion-226x320.jpg\" width=\"226\" height=\"320\" srcset=\"https:\/\/www.upo.es\/diario\/wp-content\/uploads\/2013\/12\/reforestacion-226x320.jpg 226w, https:\/\/www.upo.es\/diario\/wp-content\/uploads\/2013\/12\/reforestacion-724x1024.jpg 724w, https:\/\/www.upo.es\/diario\/wp-content\/uploads\/2013\/12\/reforestacion-600x848.jpg 600w\" sizes=\"auto, (max-width: 226px) 100vw, 226px\" \/><\/a><figcaption id=\"caption-attachment-2257906\" class=\"wp-caption-text\">Los voluntarios ambientales saldr\u00e1n desde el Prado de San Sebasti\u00e1n a las 8.00 horas.<\/figcaption><\/figure>\n<p>Estudiantes de la Universidad Pablo de Olavide participar\u00e1n el s\u00e1bado 14 de diciembre en una <strong>campa\u00f1a de reforestaci\u00f3n en la Ribera del Benal\u00edjar en Alan\u00eds, en la Sierra Norte de Sevilla<\/strong>. Los voluntarios ambientales de la UPO saldr\u00e1n a las 8.00 horas desde el Prado de San Sebasti\u00e1n, junto al Pabell\u00f3n de Portugal.<\/p>\n<p>El Vicerrectorado de Cultura, Participaci\u00f3n y Compromiso Social de la UPO, a trav\u00e9s de su l\u00ednea de Educaci\u00f3n Ambiental y Sostenibilidad, coordina la campa\u00f1a en esta universidad, enmarcada en las acciones de voluntariado ambiental que recoge el Proyecto Andaluc\u00eda Ecocampus dependiente de la <a href=\"http:\/\/www.juntadeandalucia.es\/medioambiente\/site\/portalweb\/\">Consejer\u00eda de Medio Ambiente y Ordenaci\u00f3n del Territorio<\/a>. Esta actividad est\u00e1 organizada en colaboraci\u00f3n con la <a href=\"http:\/\/www.juntadeandalucia.es\/medioambiente\/site\/portalweb\/menuitem.7e1cf46ddf59bb227a9ebe205510e1ca\/?vgnextoid=e92f0cce6d1da210VgnVCM1000001325e50aRCRD&amp;vgnextchannel=4bcbdb2f050f4310VgnVCM1000001325e50aRCRD&amp;rating=2\">Red de Voluntariado del Parque Sierra Norte de Sevilla<\/a>, el <a href=\"http:\/\/informacion.alanis.es\/\">Ayuntamiento de Alan\u00eds<\/a> y el Grupo de Aventureros de Alan\u00eds.<\/p>\n<p>La organizaci\u00f3n aporta el transporte, la comida, seguro de accidentes y las herramientas y material para el desarrollo de la actividad. Se recomienda llevar agua, calzado y ropa c\u00f3moda.<\/p>\n<p>M\u00e1s informaci\u00f3n: <a href=\"http:\/\/www.upo.es\/upsc\/educacion_ambiental\/VoluntariadoAmbiental\/index.jsp\">Educaci\u00f3n Ambiental y Sostenibilidad<\/a>.<\/p>\n","protected":false},"excerpt":{"rendered":"<p>Estudiantes de la Universidad Pablo de Olavide participar\u00e1n el s\u00e1bado 14 de diciembre en una campa\u00f1a de reforestaci\u00f3n en la Ribera del Benal\u00edjar en Alan\u00eds, en la Sierra Norte de Sevilla. Los voluntarios ambientales de la UPO saldr\u00e1n a las 8.00 horas desde el Prado de San Sebasti\u00e1n, junto al Pabell\u00f3n de Portugal. <\/p>\n","protected":false},"author":2,"featured_media":0,"comment_status":"closed","ping_status":"open","sticky":false,"template":"","format":"standard","meta":{"_monsterinsights_skip_tracking":false,"_monsterinsights_sitenote_active":false,"_monsterinsights_sitenote_note":"","_monsterinsights_sitenote_category":0,"footnotes":""},"categories":[6],"tags":[429,1040,1044],"class_list":["post-2257905","post","type-post","status-publish","format-standard","hentry","category-institucional","tag-medio-ambiente","tag-promocion-social","tag-reforestacion"],"_links":{"self":[{"href":"https:\/\/www.upo.es\/diario\/wp-json\/wp\/v2\/posts\/2257905","targetHints":{"allow":["GET"]}}],"collection":[{"href":"https:\/\/www.upo.es\/diario\/wp-json\/wp\/v2\/posts"}],"about":[{"href":"https:\/\/www.upo.es\/diario\/wp-json\/wp\/v2\/types\/post"}],"author":[{"embeddable":true,"href":"https:\/\/www.upo.es\/diario\/wp-json\/wp\/v2\/users\/2"}],"replies":[{"embeddable":true,"href":"https:\/\/www.upo.es\/diario\/wp-json\/wp\/v2\/comments?post=2257905"}],"version-history":[{"count":5,"href":"https:\/\/www.upo.es\/diario\/wp-json\/wp\/v2\/posts\/2257905\/revisions"}],"predecessor-version":[{"id":2283331,"href":"https:\/\/www.upo.es\/diario\/wp-json\/wp\/v2\/posts\/2257905\/revisions\/2283331"}],"wp:attachment":[{"href":"https:\/\/www.upo.es\/diario\/wp-json\/wp\/v2\/media?parent=2257905"}],"wp:term":[{"taxonomy":"category","embeddable":true,"href":"https:\/\/www.upo.es\/diario\/wp-json\/wp\/v2\/categories?post=2257905"},{"taxonomy":"post_tag","embeddable":true,"href":"https:\/\/www.upo.es\/diario\/wp-json\/wp\/v2\/tags?post=2257905"}],"curies":[{"name":"wp","href":"https:\/\/api.w.org\/{rel}","templated":true}]}}