{"id":2294468,"date":"2013-12-17T13:44:34","date_gmt":"2013-12-17T13:44:34","guid":{"rendered":"https:\/\/www.upo.es\/diario\/?p=2294468"},"modified":"2013-12-17T13:49:25","modified_gmt":"2013-12-17T13:49:25","slug":"el-programa-de-orientacion-profesional-andalucia-orienta-comienza-de-nuevo-en-la-upo","status":"publish","type":"post","link":"https:\/\/www.upo.es\/diario\/institucional\/2013\/12\/el-programa-de-orientacion-profesional-andalucia-orienta-comienza-de-nuevo-en-la-upo\/","title":{"rendered":"El programa de orientaci\u00f3n profesional Andaluc\u00eda Orienta comienza de nuevo en la UPO"},"content":{"rendered":"<figure id=\"attachment_2294845\" aria-describedby=\"caption-attachment-2294845\" style=\"width: 270px\" class=\"wp-caption alignright\"><a href=\"https:\/\/www.upo.es\/diario\/wp-content\/uploads\/2013\/12\/andalucia.orienta.jpg\"><img loading=\"lazy\" decoding=\"async\" class=\"size-full wp-image-2294845\" alt=\"Logo de 'Andaluc\u00eda Orienta' (ilustraci\u00f3n de un faro)\" src=\"https:\/\/www.upo.es\/diario\/wp-content\/uploads\/2013\/12\/andalucia.orienta.jpg\" width=\"270\" height=\"270\" srcset=\"https:\/\/www.upo.es\/diario\/wp-content\/uploads\/2013\/12\/andalucia.orienta.jpg 270w, https:\/\/www.upo.es\/diario\/wp-content\/uploads\/2013\/12\/andalucia.orienta-150x150.jpg 150w\" sizes=\"auto, (max-width: 270px) 100vw, 270px\" \/><\/a><figcaption id=\"caption-attachment-2294845\" class=\"wp-caption-text\">Andaluc\u00eda Orienta es un servicio subvencionado por el Servicio Andaluz de Empleo<\/figcaption><\/figure>\n<p>El Programa de <strong>Orientaci\u00f3n Profesional y Acompa\u00f1amiento a la Inserci\u00f3n<\/strong>, m\u00e1s conocido como <strong>Andaluc\u00eda Orienta<\/strong>, ha comenzado a funcionar de nuevo en la Universidad Pablo de Olavide tras la resoluci\u00f3n definitiva, publicada por la Consejer\u00eda de Econom\u00eda, Innovaci\u00f3n, Ciencia y Empleo de la Junta de Andaluc\u00eda, la pasada semana. Con esta nueva convocatoria, la Fundaci\u00f3n Universidad-Sociedad gestionar\u00e1 por d\u00e9cimocuarto a\u00f1o consecutivo este servicio, subvencionado por el Servicio Andaluz de Empleo, y obtenido tras los m\u00e9ritos aportados en una oferta p\u00fablica de car\u00e1cter competitivo.<\/p>\n<p>Mediante este programa, <strong>dirigido a los demandantes de empleo inscritos en el SAE<\/strong>, se ofrece asesoramiento individualizado con el objetivo de promover y mejorar su inserci\u00f3n laboral. El equipo de Andaluc\u00eda Orienta trabaja con los usuarios a trav\u00e9s de citas individuales y grupales con las que se desarrollan, de acuerdo a sus necesidades, itinerarios personalizados de inserci\u00f3n que les permitan conseguir la mayor autonom\u00eda posible en su b\u00fasqueda de empleo. En este sentido, se les facilitan recursos especializados por perfiles profesionales, se les informa sobre las herramientas de b\u00fasqueda activa de empleo y se realiza una planificaci\u00f3n y seguimiento del proceso de b\u00fasqueda de empleo por sectores profesionales.<\/p>\n<p>Este servicio, gestionado por la Fundaci\u00f3n Universidad-Sociedad desde 2001, ha logrado consolidarse entre los demandantes de empleo de la comunidad universitaria que acuden en busca de un asesoramiento personal que les ayude en su incorporaci\u00f3n al mercado laboral. En este sentido, durante la \u00faltima convocatoria se realizaron 1.837 atenciones individuales y 123 talleres en los que participaron 1.303 usuarios.<\/p>\n<p>Para m\u00e1s informaci\u00f3n, pueden contactar con este servicio a trav\u00e9s del correo <a href=\"mailto:orla@fundacion.upo.es\">orla@fundacion.upo.es<\/a> o personalmente en el edificio Alexander von Humboldt de la Universidad Pablo de Olavide.<\/p>\n","protected":false},"excerpt":{"rendered":"<p>Con esta nueva convocatoria, la Fundaci\u00f3n Universidad-Sociedad gestionar\u00e1 por d\u00e9cimocuarto a\u00f1o consecutivo este servicio, subvencionado por el Servicio Andaluz de Empleo, y obtenido tras los m\u00e9ritos aportados en una oferta p\u00fablica de car\u00e1cter competitivo. <\/p>\n","protected":false},"author":6,"featured_media":0,"comment_status":"closed","ping_status":"open","sticky":false,"template":"","format":"standard","meta":{"_monsterinsights_skip_tracking":false,"_monsterinsights_sitenote_active":false,"_monsterinsights_sitenote_note":"","_monsterinsights_sitenote_category":0,"footnotes":""},"categories":[6],"tags":[438,47,574,203,567,205,279],"class_list":["post-2294468","post","type-post","status-publish","format-standard","hentry","category-institucional","tag-empleo","tag-fundaciones","tag-insercion-sociolaboral","tag-junta-de-andalucia","tag-mercado-laboral","tag-orientacion-profesional","tag-taller"],"_links":{"self":[{"href":"https:\/\/www.upo.es\/diario\/wp-json\/wp\/v2\/posts\/2294468","targetHints":{"allow":["GET"]}}],"collection":[{"href":"https:\/\/www.upo.es\/diario\/wp-json\/wp\/v2\/posts"}],"about":[{"href":"https:\/\/www.upo.es\/diario\/wp-json\/wp\/v2\/types\/post"}],"author":[{"embeddable":true,"href":"https:\/\/www.upo.es\/diario\/wp-json\/wp\/v2\/users\/6"}],"replies":[{"embeddable":true,"href":"https:\/\/www.upo.es\/diario\/wp-json\/wp\/v2\/comments?post=2294468"}],"version-history":[{"count":5,"href":"https:\/\/www.upo.es\/diario\/wp-json\/wp\/v2\/posts\/2294468\/revisions"}],"predecessor-version":[{"id":2294849,"href":"https:\/\/www.upo.es\/diario\/wp-json\/wp\/v2\/posts\/2294468\/revisions\/2294849"}],"wp:attachment":[{"href":"https:\/\/www.upo.es\/diario\/wp-json\/wp\/v2\/media?parent=2294468"}],"wp:term":[{"taxonomy":"category","embeddable":true,"href":"https:\/\/www.upo.es\/diario\/wp-json\/wp\/v2\/categories?post=2294468"},{"taxonomy":"post_tag","embeddable":true,"href":"https:\/\/www.upo.es\/diario\/wp-json\/wp\/v2\/tags?post=2294468"}],"curies":[{"name":"wp","href":"https:\/\/api.w.org\/{rel}","templated":true}]}}