{"id":2302708,"date":"2013-12-18T10:47:31","date_gmt":"2013-12-18T10:47:31","guid":{"rendered":"https:\/\/www.upo.es\/diario\/?p=2302708"},"modified":"2013-12-18T10:47:31","modified_gmt":"2013-12-18T10:47:31","slug":"convenio-entre-el-ministerio-de-educacion-con-los-consejos-sociales-de-las-universidades-espanolas","status":"publish","type":"post","link":"https:\/\/www.upo.es\/diario\/institucional\/2013\/12\/convenio-entre-el-ministerio-de-educacion-con-los-consejos-sociales-de-las-universidades-espanolas\/","title":{"rendered":"Convenio entre el Ministerio de Educaci\u00f3n con los Consejos Sociales de las Universidades Espa\u00f1olas"},"content":{"rendered":"<figure id=\"attachment_2302709\" aria-describedby=\"caption-attachment-2302709\" style=\"width: 320px\" class=\"wp-caption alignright\"><a href=\"https:\/\/www.upo.es\/diario\/wp-content\/uploads\/2013\/12\/conve_csmeducacion.jpg\"><img loading=\"lazy\" decoding=\"async\" class=\"size-medium wp-image-2302709\" alt=\"Montserrat Gomendio, secretaria de Estado de Educaci\u00f3n, Formaci\u00f3n Profesional y Universidades del Ministerio de Educaci\u00f3n, y Joaqu\u00edn Moya-Angeler, presidente de la Conferencia de Consejos Sociales de las Universidades espa\u00f1olas\" src=\"https:\/\/www.upo.es\/diario\/wp-content\/uploads\/2013\/12\/conve_csmeducacion-320x213.jpg\" width=\"320\" height=\"213\" srcset=\"https:\/\/www.upo.es\/diario\/wp-content\/uploads\/2013\/12\/conve_csmeducacion-320x213.jpg 320w, https:\/\/www.upo.es\/diario\/wp-content\/uploads\/2013\/12\/conve_csmeducacion-1024x682.jpg 1024w, https:\/\/www.upo.es\/diario\/wp-content\/uploads\/2013\/12\/conve_csmeducacion-600x400.jpg 600w, https:\/\/www.upo.es\/diario\/wp-content\/uploads\/2013\/12\/conve_csmeducacion.jpg 1200w\" sizes=\"auto, (max-width: 320px) 100vw, 320px\" \/><\/a><figcaption id=\"caption-attachment-2302709\" class=\"wp-caption-text\">Montserrat Gomendio, secretaria de Estado de Educaci\u00f3n, Formaci\u00f3n Profesional y Universidades del Ministerio de Educaci\u00f3n, y Joaqu\u00edn Moya-Angeler, presidente de la Conferencia de Consejos Sociales de las Universidades Espa\u00f1olas<\/figcaption><\/figure>\n<p style=\"text-align: justify;\">Montserrat Gomendio, secretaria de Estado de Educaci\u00f3n, Formaci\u00f3n Profesional y Universidades del Ministerio de Educaci\u00f3n, y Joaqu\u00edn Moya-Angeler, presidente de la Conferencia de Consejos Sociales de las Universidades Espa\u00f1olas, han suscrito un convenio con el fin de mejorar la empleabilidad de los universitarios. A la firma ha asistido tambi\u00e9n el secretario general de Universidades, Federico Mor\u00e1n.<\/p>\n<p style=\"text-align: justify;\">Una vez implantado el Espacio Europeo de Educaci\u00f3n Superior (EEES), es necesario analizar y diagnosticar el proceso que se ha seguido. Para ello, adem\u00e1s de otros indicadores, es indispensable conocer el grado de empleabilidad de las diferentes titulaciones que actualmente se ofertan en Espa\u00f1a, de manera que ello permita orientar adecuadamente los procesos de toma de decisiones tanto de las administraciones como de los propios estudiantes. Disponer de un mapa de empleabilidad de las titulaciones universitarias es crucial muy especialmente en los momentos actuales.<\/p>\n<p style=\"text-align: justify;\">Para ello, el Ministerio est\u00e1 colaborando estrechamente con el Instituto Nacional de Estad\u00edstica, el Ministerio de Empleo y Seguridad Social y el Ministerio de Econom\u00eda y Competitividad.<\/p>\n<p style=\"text-align: justify;\">Con la firma de este convenio se articula la colaboraci\u00f3n entre el Ministerio de Educaci\u00f3n, Cultura y Deporte y la Conferencia de Consejos Sociales con la finalidad de disponer de informaci\u00f3n relativa a la incorporaci\u00f3n y mantenimiento de los titulados universitarios en el mercado laboral. Al mismo tiempo, se prev\u00e9 la apertura de un marco general de colaboraci\u00f3n entre ambas partes en aquellas estad\u00edsticas y fuentes de informaci\u00f3n que puedan ser de inter\u00e9s.<\/p>\n<p style=\"text-align: justify;\">El proyecto se enmarca en el desarrollo del Sistema Integrado de Informaci\u00f3n Universitaria (SIIU), convertido ya en una estructura b\u00e1sica de informaci\u00f3n referida al sistema universitario que permite disponer de informaci\u00f3n relevante a la hora de toma de decisiones.<\/p>\n","protected":false},"excerpt":{"rendered":"<p>Montserrat Gomendio, secretaria de Estado de Educaci\u00f3n, Formaci\u00f3n Profesional y Universidades del Ministerio de Educaci\u00f3n, y Joaqu\u00edn Moya-Angeler, presidente de la Conferencia de Consejos Sociales de las Universidades espa\u00f1olas, han suscrito un convenio con el fin de mejorar la empleabilidad de los universitarios. A la firma ha asistido tambi\u00e9n el secretario general de Universidades, Federico Mor\u00e1n.<\/p>\n","protected":false},"author":4,"featured_media":0,"comment_status":"closed","ping_status":"open","sticky":false,"template":"","format":"standard","meta":{"_monsterinsights_skip_tracking":false,"_monsterinsights_sitenote_active":false,"_monsterinsights_sitenote_note":"","_monsterinsights_sitenote_category":0,"footnotes":""},"categories":[6],"tags":[1055,326,244,39],"class_list":["post-2302708","post","type-post","status-publish","format-standard","hentry","category-institucional","tag-consejos-sociales","tag-convenio","tag-ministerio-de-educacion","tag-universidades"],"_links":{"self":[{"href":"https:\/\/www.upo.es\/diario\/wp-json\/wp\/v2\/posts\/2302708","targetHints":{"allow":["GET"]}}],"collection":[{"href":"https:\/\/www.upo.es\/diario\/wp-json\/wp\/v2\/posts"}],"about":[{"href":"https:\/\/www.upo.es\/diario\/wp-json\/wp\/v2\/types\/post"}],"author":[{"embeddable":true,"href":"https:\/\/www.upo.es\/diario\/wp-json\/wp\/v2\/users\/4"}],"replies":[{"embeddable":true,"href":"https:\/\/www.upo.es\/diario\/wp-json\/wp\/v2\/comments?post=2302708"}],"version-history":[{"count":2,"href":"https:\/\/www.upo.es\/diario\/wp-json\/wp\/v2\/posts\/2302708\/revisions"}],"predecessor-version":[{"id":2302711,"href":"https:\/\/www.upo.es\/diario\/wp-json\/wp\/v2\/posts\/2302708\/revisions\/2302711"}],"wp:attachment":[{"href":"https:\/\/www.upo.es\/diario\/wp-json\/wp\/v2\/media?parent=2302708"}],"wp:term":[{"taxonomy":"category","embeddable":true,"href":"https:\/\/www.upo.es\/diario\/wp-json\/wp\/v2\/categories?post=2302708"},{"taxonomy":"post_tag","embeddable":true,"href":"https:\/\/www.upo.es\/diario\/wp-json\/wp\/v2\/tags?post=2302708"}],"curies":[{"name":"wp","href":"https:\/\/api.w.org\/{rel}","templated":true}]}}