{"id":2302712,"date":"2013-12-18T11:00:17","date_gmt":"2013-12-18T11:00:17","guid":{"rendered":"https:\/\/www.upo.es\/diario\/?p=2302712"},"modified":"2013-12-18T11:00:17","modified_gmt":"2013-12-18T11:00:17","slug":"abierta-la-inscripcion-a-la-fase-de-formacion-para-emprendedores-del-vi-concurso-de-ideas-innovadoras","status":"publish","type":"post","link":"https:\/\/www.upo.es\/diario\/institucional\/2013\/12\/abierta-la-inscripcion-a-la-fase-de-formacion-para-emprendedores-del-vi-concurso-de-ideas-innovadoras\/","title":{"rendered":"Abierta la inscripci\u00f3n a la fase de formaci\u00f3n para emprendedores del VI Concurso de ideas innovadoras"},"content":{"rendered":"<figure id=\"attachment_2302713\" aria-describedby=\"caption-attachment-2302713\" style=\"width: 225px\" class=\"wp-caption alignright\"><a href=\"https:\/\/www.upo.es\/diario\/wp-content\/uploads\/2013\/12\/CARTEL_VIConcurso_UPO.jpg\"><img loading=\"lazy\" decoding=\"async\" class=\"size-medium wp-image-2302713 \" alt=\"Los interesados  pueden presentar su solicitud hasta el 20 de enero de 2014\" src=\"https:\/\/www.upo.es\/diario\/wp-content\/uploads\/2013\/12\/CARTEL_VIConcurso_UPO-225x320.jpg\" width=\"225\" height=\"320\" srcset=\"https:\/\/www.upo.es\/diario\/wp-content\/uploads\/2013\/12\/CARTEL_VIConcurso_UPO-225x320.jpg 225w, https:\/\/www.upo.es\/diario\/wp-content\/uploads\/2013\/12\/CARTEL_VIConcurso_UPO-722x1024.jpg 722w, https:\/\/www.upo.es\/diario\/wp-content\/uploads\/2013\/12\/CARTEL_VIConcurso_UPO.jpg 1361w\" sizes=\"auto, (max-width: 225px) 100vw, 225px\" \/><\/a><figcaption id=\"caption-attachment-2302713\" class=\"wp-caption-text\">Los interesados pueden presentar su solicitud hasta el 20 de enero de 2014<\/figcaption><\/figure>\n<p>La Universidad Pablo de Olavide arranca la sexta edici\u00f3n del <a href=\"http:\/\/upoemprende.upo.es\/eventos\/2013\/dic\/12\/vi-concurso-de-ideas-y-proyectos-empresariales-inn\/\">Concurso de Ideas y Proyectos Empresariales Innovadores<\/a> abriendo el plazo de inscripci\u00f3n para su Plan de Formaci\u00f3n para Emprendedores. <b>Hasta el 20 de enero de 2014<\/b>, aquellos interesados en participar en el certamen podr\u00e1n inscribirse a este programa opcional previo, que busca complementar el conocimiento de los concursantes y ofrecerles asesoramiento especializado para poder desarrollar su idea de negocio.<\/p>\n<p>Estudiantes, egresados, PDI y PAS de la Olavide con esp\u00edritu emprendedor y que propongan una idea de negocio o proyecto empresarial innovador podr\u00e1n participar en este concurso, cuya fase de presentaci\u00f3n de propuestas se abrir\u00e1 el 15 de marzo y finalizar\u00e1 el 20 de abril de 2014.<\/p>\n<p>El VI Concurso de Ideas y Proyectos Empresariales Innovadores es una iniciativa impulsada por el Vicerrectorado de Investigaci\u00f3n y Transferencia de Tecnolog\u00eda, a trav\u00e9s de su <a href=\"http:\/\/www.upo.es\/otri\/portada\">Oficina de Transferencia de Resultados de Investigaci\u00f3n (OTRI)<\/a>. Su objetivo es contribuir a la sensibilizaci\u00f3n, formaci\u00f3n y apoyo de ideas de negocio empresarial en el entorno universitario, impulsando la formaci\u00f3n de equipos emprendedores y la generaci\u00f3n de nuevas empresas innovadoras basadas en el conocimiento y\/o resultados de investigaci\u00f3n desarrollados en la UPO.<\/p>\n<p>Como en la pasada edici\u00f3n, el Plan de Formaci\u00f3n para Emprendedores es una fase previa optativa para aquellos interesados y dotar\u00e1 a los participantes de las herramientas necesarias para mejorar su idea o plan de empresa de cara a su presentaci\u00f3n al Concurso. Los talleres y actividades formativas, se desarrollar\u00e1n desde final de enero hasta marzo, en horario de tarde principalmente. El detalle de los diversos talleres y actividades se publicar\u00e1 en el portal de <a href=\"http:\/\/upoemprende.upo.es\/\">UPOemprende<\/a>.<\/p>\n<p>Asimismo, como en a\u00f1os anteriores, esta edici\u00f3n del certamen contar\u00e1 con dos modalidades de participaci\u00f3n: la \u201cModalidad General\u201d que acoger\u00e1 iniciativas basadas en la tecnolog\u00eda y el conocimiento, en cualquier sector empresarial, excepto el biotecnol\u00f3gico que contar\u00e1 con su propia modalidad: \u201cBiotecH\u201d. Como novedad, dentro de cada modalidad se conceder\u00e1n diferentes premios en las Categor\u00edas \u201cSpin off\u201d que recoge proyectos empresariales basados en la explotaci\u00f3n de resultados de investigaci\u00f3n propios de la Olavide y donde el promotor principal es PDI, y la Categor\u00eda \u201cStart up\u201d que acoge proyectos empresariales e ideas de negocio liderados por el resto de beneficiarios y que no est\u00e9n basados en la explotaci\u00f3n de resultados de investigaci\u00f3n propios de la UPO.<\/p>\n<p>El VI Concurso de ideas y proyectos empresariales innovadores de la UPO forma parte del Programa de Creaci\u00f3n de Empresas de la Universidad Pablo de Olavide (UPOemprende) y cuenta con la financiaci\u00f3n de la <a href=\"http:\/\/www.juntadeandalucia.es\/organismos\/economiainnovacioncienciayempleo.html\">Consejer\u00eda de Econom\u00eda, Innovaci\u00f3n y Ciencia y Empleo<\/a> de la Junta de Andaluc\u00eda y con el apoyo de <a href=\"http:\/\/www.andaluciaemprende.es\/\">Andaluc\u00eda Emprende, Fundaci\u00f3n P\u00fablica Andaluza<\/a>.<\/p>\n<p>&nbsp;<\/p>\n<p>Fuente:\u00a0OTRI-Universidad Pablo de Olavide<\/p>\n<p>&nbsp;<\/p>\n<p><b>M\u00e1s informaci\u00f3n:<\/b><\/p>\n<p><b>OTRI<\/b>-Universidad Pablo de Olavide<\/p>\n<p>Edificio Josefa Amar (n\u00famero 44), 2\u00aa planta<\/p>\n<p>954978081 \/ 954349090<\/p>\n<p><a href=\"file:\/\/\/D:\/Mis%20documentos\/MILA\/NDP\/2013\/12Diciembre2013\/16-22Dic13\/concurso_ideas\/upoemprende@upo.es\">upoemprende@upo.es<\/a> \u00a0\u00a0\u00a0\u00a0<a href=\"http:\/\/upoemprende.upo.es\/\">http:\/\/upoemprende.upo.es\/<\/a><\/p>\n","protected":false},"excerpt":{"rendered":"<p>La Universidad Pablo de Olavide arranca la sexta edici\u00f3n del Concurso de Ideas y Proyectos Empresariales Innovadores abriendo el plazo de inscripci\u00f3n para su Plan de Formaci\u00f3n para Emprendedores. Hasta el 20 de enero de 2014, aquellos interesados en participar en el certamen podr\u00e1n inscribirse a este programa opcional previo, que busca complementar el conocimiento de los concursantes y ofrecerles asesoramiento especializado para poder desarrollar su idea de negocio. <\/p>\n","protected":false},"author":2,"featured_media":0,"comment_status":"closed","ping_status":"open","sticky":false,"template":"","format":"standard","meta":{"_monsterinsights_skip_tracking":false,"_monsterinsights_sitenote_active":false,"_monsterinsights_sitenote_note":"","_monsterinsights_sitenote_category":0,"footnotes":""},"categories":[6],"tags":[59,99,80,689,83,242],"class_list":["post-2302712","post","type-post","status-publish","format-standard","hentry","category-institucional","tag-concurso","tag-creacion-de-empresas","tag-emprendedores","tag-emprendimiento","tag-otri","tag-upoemprende"],"_links":{"self":[{"href":"https:\/\/www.upo.es\/diario\/wp-json\/wp\/v2\/posts\/2302712","targetHints":{"allow":["GET"]}}],"collection":[{"href":"https:\/\/www.upo.es\/diario\/wp-json\/wp\/v2\/posts"}],"about":[{"href":"https:\/\/www.upo.es\/diario\/wp-json\/wp\/v2\/types\/post"}],"author":[{"embeddable":true,"href":"https:\/\/www.upo.es\/diario\/wp-json\/wp\/v2\/users\/2"}],"replies":[{"embeddable":true,"href":"https:\/\/www.upo.es\/diario\/wp-json\/wp\/v2\/comments?post=2302712"}],"version-history":[{"count":2,"href":"https:\/\/www.upo.es\/diario\/wp-json\/wp\/v2\/posts\/2302712\/revisions"}],"predecessor-version":[{"id":2302715,"href":"https:\/\/www.upo.es\/diario\/wp-json\/wp\/v2\/posts\/2302712\/revisions\/2302715"}],"wp:attachment":[{"href":"https:\/\/www.upo.es\/diario\/wp-json\/wp\/v2\/media?parent=2302712"}],"wp:term":[{"taxonomy":"category","embeddable":true,"href":"https:\/\/www.upo.es\/diario\/wp-json\/wp\/v2\/categories?post=2302712"},{"taxonomy":"post_tag","embeddable":true,"href":"https:\/\/www.upo.es\/diario\/wp-json\/wp\/v2\/tags?post=2302712"}],"curies":[{"name":"wp","href":"https:\/\/api.w.org\/{rel}","templated":true}]}}