{"id":2303093,"date":"2013-12-18T12:27:09","date_gmt":"2013-12-18T12:27:09","guid":{"rendered":"https:\/\/www.upo.es\/diario\/?p=2303093"},"modified":"2013-12-18T12:27:09","modified_gmt":"2013-12-18T12:27:09","slug":"la-fundacion-universidad-sociedad-impulsara-la-movilidad-internacional-y-el-emprendimiento-entre-los-universitarios","status":"publish","type":"post","link":"https:\/\/www.upo.es\/diario\/institucional\/2013\/12\/la-fundacion-universidad-sociedad-impulsara-la-movilidad-internacional-y-el-emprendimiento-entre-los-universitarios\/","title":{"rendered":"La Fundaci\u00f3n Universidad-Sociedad impulsar\u00e1 la movilidad internacional y el emprendimiento entre los universitarios"},"content":{"rendered":"<figure id=\"attachment_2303094\" aria-describedby=\"caption-attachment-2303094\" style=\"width: 320px\" class=\"wp-caption alignright\"><a href=\"https:\/\/www.upo.es\/diario\/wp-content\/uploads\/2013\/12\/patronato_unisoc.jpg\"><img loading=\"lazy\" decoding=\"async\" class=\"size-medium wp-image-2303094\" alt=\"El rector de la UPO ha presidido el Patronato de la Fundaci\u00f3n Universidad-Sociedad. \" src=\"https:\/\/www.upo.es\/diario\/wp-content\/uploads\/2013\/12\/patronato_unisoc-320x202.jpg\" width=\"320\" height=\"202\" srcset=\"https:\/\/www.upo.es\/diario\/wp-content\/uploads\/2013\/12\/patronato_unisoc-320x202.jpg 320w, https:\/\/www.upo.es\/diario\/wp-content\/uploads\/2013\/12\/patronato_unisoc-600x378.jpg 600w, https:\/\/www.upo.es\/diario\/wp-content\/uploads\/2013\/12\/patronato_unisoc.jpg 700w\" sizes=\"auto, (max-width: 320px) 100vw, 320px\" \/><\/a><figcaption id=\"caption-attachment-2303094\" class=\"wp-caption-text\">El rector de la UPO ha presidido el Patronato de la Fundaci\u00f3n Universidad-Sociedad.<\/figcaption><\/figure>\n<p>El Patronato de la Fundaci\u00f3n Universidad-Sociedad, presidido por el rector de la Universidad Pablo de Olavide, Vicente Guzm\u00e1n Fluja, se ha reunido para aprobar su presupuesto y el Plan de Actuaci\u00f3n para el pr\u00f3ximo a\u00f1o. Adem\u00e1s, durante la reuni\u00f3n del Patronato se ha presentado tambi\u00e9n el informe de gesti\u00f3n correspondiente al a\u00f1o acad\u00e9mico anterior y el avance de cierre de cuentas anuales del ejercicio 2013.<\/p>\n<p>Para el pr\u00f3ximo a\u00f1o, el Patronato ha acordado seguir trabajando en las actividades ya consolidadas de esta entidad, como las pr\u00e1cticas externas en empresas con las que los estudiantes y titulados complementan su formaci\u00f3n acad\u00e9mica, al mismo tiempo que adquieren una experiencia profesional que les ayuda en su futura incorporaci\u00f3n al mercado laboral. En este sentido, el Patronato ha decidido responder a las demandas actuales y para el pr\u00f3ximo a\u00f1o, impulsar los programas de movilidad internacional con los que los universitarios adem\u00e1s de las competencias profesionales pueden ampliar y mejorar sus competencias ling\u00fc\u00edsticas, un requisito fundamental para las empresas.<\/p>\n<p>Adem\u00e1s, tambi\u00e9n se trabajar\u00e1 en el fomento de la cultura emprendedora entre los j\u00f3venes, para que valoren el autoempleo como una opci\u00f3n s\u00f3lida de acceso al mercado laboral, asesorando profesionalmente a aquellos universitarios que tengan una idea de negocio con el objetivo de guiarlos y ayudarlos en la puesta en marcha de su empresa.<\/p>\n<p>En este mismo sentido, la Fundaci\u00f3n cuenta tambi\u00e9n con un servicio de orientaci\u00f3n laboral en el que se ofrece asesoramiento individualizado a los usuarios para mejorar su inserci\u00f3n laboral y ayudarles en la b\u00fasqueda activa de empleo.<\/p>\n<p>Con respecto a la formaci\u00f3n, se continuar\u00e1 gestionando la oferta de t\u00edtulos propios de la Universidad Pablo de Olavide y se promover\u00e1n nuevas actividades formativas espec\u00edficas y de formaci\u00f3n in company, con el objetivo prioritario de formar a expertos profesionales en distintas \u00e1reas.<\/p>\n<p>Por \u00faltimo, se trabajar\u00e1, como se ha venido haciendo hasta ahora, para ofrecer el mejor servicio a los estudiantes extranjeros a trav\u00e9s del Centro Universitario Internacional y se promover\u00e1 el deporte y la vida saludable entre la comunidad universitaria.<\/p>\n<p>Con todas estas actividades, la Fundaci\u00f3n continuar\u00e1 impulsando el di\u00e1logo entre la Universidad y las diferentes empresas e instituciones de su entorno, con el objetivo de complementar la formaci\u00f3n de los estudiantes y egresados de la UPO y favorecer su inserci\u00f3n laboral.<\/p>\n<p>Adem\u00e1s del rector de la UPO, que ha presidido la reuni\u00f3n del Patronato, han asistido Miguel \u00c1ngel Gual Font, vicerrector de Posgrado, Formaci\u00f3n Permanente y Empleo; Laura L\u00f3pez de la Cruz, vicepresidenta ejecutiva de la Fundaci\u00f3n; Isabel Lucena Cid, vicesecretaria general de la UPO, Andr\u00e9s Rodr\u00edguez Benot, decano de la Facultad de Derecho, Jos\u00e9 Antonio Mart\u00ednez, secretario del Consejo Social y Ra\u00fal Moreno, representante de los alumnos.<\/p>\n","protected":false},"excerpt":{"rendered":"<p>El Patronato de la Fundaci\u00f3n Universidad-Sociedad, presidido por el rector de la Universidad Pablo de Olavide, Vicente Guzm\u00e1n Fluja, se ha reunido para aprobar su presupuesto y el Plan de Actuaci\u00f3n para el pr\u00f3ximo a\u00f1o. Adem\u00e1s, durante la reuni\u00f3n del Patronato se ha presentado tambi\u00e9n el informe de gesti\u00f3n correspondiente al a\u00f1o acad\u00e9mico anterior y el avance de cierre de cuentas anuales del ejercicio 2013.<\/p>\n","protected":false},"author":2,"featured_media":0,"comment_status":"closed","ping_status":"open","sticky":false,"template":"","format":"standard","meta":{"_monsterinsights_skip_tracking":false,"_monsterinsights_sitenote_active":false,"_monsterinsights_sitenote_note":"","_monsterinsights_sitenote_category":0,"footnotes":""},"categories":[6],"tags":[80,689,509,503,1056,730],"class_list":["post-2303093","post","type-post","status-publish","format-standard","hentry","category-institucional","tag-emprendedores","tag-emprendimiento","tag-formacion","tag-fundacion","tag-movilidad","tag-patronato"],"_links":{"self":[{"href":"https:\/\/www.upo.es\/diario\/wp-json\/wp\/v2\/posts\/2303093","targetHints":{"allow":["GET"]}}],"collection":[{"href":"https:\/\/www.upo.es\/diario\/wp-json\/wp\/v2\/posts"}],"about":[{"href":"https:\/\/www.upo.es\/diario\/wp-json\/wp\/v2\/types\/post"}],"author":[{"embeddable":true,"href":"https:\/\/www.upo.es\/diario\/wp-json\/wp\/v2\/users\/2"}],"replies":[{"embeddable":true,"href":"https:\/\/www.upo.es\/diario\/wp-json\/wp\/v2\/comments?post=2303093"}],"version-history":[{"count":2,"href":"https:\/\/www.upo.es\/diario\/wp-json\/wp\/v2\/posts\/2303093\/revisions"}],"predecessor-version":[{"id":2303096,"href":"https:\/\/www.upo.es\/diario\/wp-json\/wp\/v2\/posts\/2303093\/revisions\/2303096"}],"wp:attachment":[{"href":"https:\/\/www.upo.es\/diario\/wp-json\/wp\/v2\/media?parent=2303093"}],"wp:term":[{"taxonomy":"category","embeddable":true,"href":"https:\/\/www.upo.es\/diario\/wp-json\/wp\/v2\/categories?post=2303093"},{"taxonomy":"post_tag","embeddable":true,"href":"https:\/\/www.upo.es\/diario\/wp-json\/wp\/v2\/tags?post=2303093"}],"curies":[{"name":"wp","href":"https:\/\/api.w.org\/{rel}","templated":true}]}}