{"id":23482227,"date":"2017-09-11T09:13:34","date_gmt":"2017-09-11T07:13:34","guid":{"rendered":"https:\/\/www.upo.es\/diario\/?p=23482227"},"modified":"2020-10-27T14:54:35","modified_gmt":"2020-10-27T13:54:35","slug":"la-noche-europea-de-los-investigadores-llenara-de-ciencia-el-centro-de-sevilla","status":"publish","type":"post","link":"https:\/\/www.upo.es\/diario\/institucional\/2017\/09\/la-noche-europea-de-los-investigadores-llenara-de-ciencia-el-centro-de-sevilla\/","title":{"rendered":"La Noche Europea de los Investigadores llenar\u00e1 de ciencia el centro de Sevilla"},"content":{"rendered":"<p><a href=\"https:\/\/www.upo.es\/diario\/wp-content\/uploads\/2017\/07\/Cartel2017_noche-europea-inv-300px.jpg\"><img loading=\"lazy\" decoding=\"async\" class=\"alignright size-medium wp-image-22308460\" alt=\"Cartel2017_noche-europea-inv-300px\" src=\"https:\/\/www.upo.es\/diario\/wp-content\/uploads\/2017\/07\/Cartel2017_noche-europea-inv-300px-227x320.jpg\" width=\"227\" height=\"320\" srcset=\"https:\/\/www.upo.es\/diario\/wp-content\/uploads\/2017\/07\/Cartel2017_noche-europea-inv-300px-227x320.jpg 227w, https:\/\/www.upo.es\/diario\/wp-content\/uploads\/2017\/07\/Cartel2017_noche-europea-inv-300px.jpg 300w\" sizes=\"auto, (max-width: 227px) 100vw, 227px\" \/><\/a>El pr\u00f3ximo viernes 29 de septiembre, Sevilla se une un a\u00f1o m\u00e1s a una de las veladas m\u00e1s internacionales de la ciencia, La Noche Europea de l@s Investigador@s, evento que bajo el eslogan de \u201c<strong>Mujeres y hombres que hacen ciencia para ti<\/strong>\u201d, saca a la calle de forma simult\u00e1nea a cientos de profesionales de la investigaci\u00f3n en todo el continente. Se trata ya del sexto a\u00f1o consecutivo que las provincias andaluzas participan en esta iniciativa, con la coordinaci\u00f3n de la <strong>Fundaci\u00f3n Descubre<\/strong>.<\/p>\n<p>En Sevilla el evento se desarrollar\u00e1 a partir de las 18 horas, en dos espacios: la Plaza Nueva y el Centro de Iniciativas Culturales de la Universidad de Sevilla (CICUS), ubicado este \u00faltimo en la calle Madre de Dios del barrio de Santa Cruz. En ambas localizaciones se ofrecer\u00e1 una programaci\u00f3n conjunta dise\u00f1ada por la Universidad Pablo de Olavide (<strong>UPO<\/strong>), la Universidad de Sevilla (<strong>US<\/strong>) y el Consejo Superior de Investigaciones Cient\u00edficas (<strong>CSIC<\/strong>), con la colaboraci\u00f3n del \u00c1rea de Salud del Ayuntamiento de Sevilla y el Centro Com\u00fan de Investigaci\u00f3n (<strong>JRC<\/strong>) de la Comisi\u00f3n Europea. Participar\u00e1n cerca de 240 personas entre investigadores, t\u00e9cnicos, organizadores y alumnado voluntario; y se prev\u00e9 contar con la presencia de m\u00e1s de 10.000 visitantes.<\/p>\n<p>Se presentar\u00e1n unas 60 actividades entre microencuentros (charlas), talleres, espect\u00e1culos, conciertos, exposiciones y demostraciones que abordar\u00e1n todas las \u00e1reas del conocimiento. El evento se completar\u00e1 tambi\u00e9n con visitas guiadas a espacios culturales y urbanos emblem\u00e1ticos como el Museo de Bellas Artes o el Parque Mar\u00eda Luisa. En la p\u00e1gina web dise\u00f1ada para el evento (<a href=\"https:\/\/lanochedelosinvestigadores.fundaciondescubre.es\/portada\/\">https:\/\/lanochedelosinvestigadores.fundaciondescubre.es\/portada\/<\/a>) se puede consultar la programaci\u00f3n detallada de cada una de las provincias.<\/p>\n<p>Como en a\u00f1os anteriores, una de las carpas dispuestas en la Plaza Nueva, bajo el nombre de Corner Europeo, se ocupar\u00e1 especialmente de los proyectos de investigaci\u00f3n financiados por los diferentes programas de la Comisi\u00f3n Europea. Se expondr\u00e1n temas como los efectos del placebo, a cargo del investigador de la US Gonzalo de la Casa; por su parte, la investigadora del CSIC Marta Rueda responder\u00e1 a la pregunta de \u00bfpor qu\u00e9 no hay canguros en Europa?; y Jos\u00e9 Mar\u00eda Pedrosa, de la UPO, explicar\u00e1 los sensores \u00f3pticos de gases y su particular forma de \u201cver el olor\u201d.<\/p>\n<p>El teatro, la m\u00fasica y su relaci\u00f3n con la ciencia tendr\u00e1n gran protagonismo entre la oferta de actividades del CICUS. En este espacio, un equipo del CSIC presentar\u00e1 una \u201corquesta epigen\u00e9tica\u201d, con la colaboraci\u00f3n de j\u00f3venes alumnos de los conservatorios de m\u00fasica de Triana y Mairena del Aljarafe. Por su parte, el Teatro Grecolatino de la Facultad de Humanidades de la UPO, bajo la direcci\u00f3n\u00a0 de investigadoras de las \u00c1reas de Filolog\u00eda Latina y Lengua Espa\u00f1ola, representar\u00e1 una pieza de teatro grecolatino. Asimismo, desde la Facultad de F\u00edsica de la US se ofrecer\u00e1 una obra de teatro sobre la vida del cient\u00edfico y navegante sevillano Antonio de Ulloa.<\/p>\n<p>Adem\u00e1s de los microencuentros y las actividades culturales, los asistentes tambi\u00e9n podr\u00e1n disfrutar de otras alternativas, como el espacio expositivo de experimentaci\u00f3n sobre la percepci\u00f3n \u00f3ptica \u201cLa habitaci\u00f3n de Ames\u201d, de la Fundaci\u00f3n Bancaria La Caixa, que se instalar\u00e1 en la Plaza Nueva; espacio donde tambi\u00e9n se podr\u00e1 visitar la exposici\u00f3n de la US \u201cCient\u00edficas: pasado, presente y futuro\u201d, y el espect\u00e1culo de cierre \u201cEl sonido de la ciencia: m\u00fasica a pie de calle\u201d, ofrecido por el \u00c1rea de Sociolog\u00eda de la UPO.<\/p>\n<p>Justo antes de terminar la jornada, la empresa educativa Engranajes Ciencia sortear\u00e1 un bono-regalo de cinco experiencias para dos personas. Asimismo, un a\u00f1o m\u00e1s se instalar\u00e1 tambi\u00e9n en la Plaza Nueva el Kid Corner, tres carpas dedicadas exclusivamente a actividades para los m\u00e1s peque\u00f1os.<\/p>\n<p>La Noche Europea de los Investigadores es un proyecto europeo de divulgaci\u00f3n cient\u00edfica promovido por la Comisi\u00f3n Europea dentro de las acciones Marie Sktodowska-Curie del programa Horizonte 2020, que tiene lugar simult\u00e1neamente en m\u00e1s de 250 ciudades europeas desde 2005.<\/p>\n","protected":false},"excerpt":{"rendered":"<p>El pr\u00f3ximo viernes 29 de septiembre, Sevilla se une un a\u00f1o m\u00e1s a una de las veladas m\u00e1s internacionales de la ciencia, La Noche Europea de l@s Investigador@s, evento que bajo el eslogan de \u201cMujeres y hombres que hacen ciencia para ti\u201d, saca a la calle de forma simult\u00e1nea a cientos de profesionales de la investigaci\u00f3n en todo el continente. <\/p>\n","protected":false},"author":14,"featured_media":0,"comment_status":"closed","ping_status":"open","sticky":false,"template":"","format":"standard","meta":{"_monsterinsights_skip_tracking":false,"_monsterinsights_sitenote_active":false,"_monsterinsights_sitenote_note":"","_monsterinsights_sitenote_category":0,"footnotes":""},"categories":[6],"tags":[5833,5834,2645,1411,56,1761],"class_list":["post-23482227","post","type-post","status-publish","format-standard","hentry","category-institucional","tag-ciencia","tag-cultura","tag-divulgacion-cientifica","tag-fundacion-descubre","tag-investigacion","tag-la-noche-europea-de-los-investigadores"],"_links":{"self":[{"href":"https:\/\/www.upo.es\/diario\/wp-json\/wp\/v2\/posts\/23482227","targetHints":{"allow":["GET"]}}],"collection":[{"href":"https:\/\/www.upo.es\/diario\/wp-json\/wp\/v2\/posts"}],"about":[{"href":"https:\/\/www.upo.es\/diario\/wp-json\/wp\/v2\/types\/post"}],"author":[{"embeddable":true,"href":"https:\/\/www.upo.es\/diario\/wp-json\/wp\/v2\/users\/14"}],"replies":[{"embeddable":true,"href":"https:\/\/www.upo.es\/diario\/wp-json\/wp\/v2\/comments?post=23482227"}],"version-history":[{"count":5,"href":"https:\/\/www.upo.es\/diario\/wp-json\/wp\/v2\/posts\/23482227\/revisions"}],"predecessor-version":[{"id":30862255,"href":"https:\/\/www.upo.es\/diario\/wp-json\/wp\/v2\/posts\/23482227\/revisions\/30862255"}],"wp:attachment":[{"href":"https:\/\/www.upo.es\/diario\/wp-json\/wp\/v2\/media?parent=23482227"}],"wp:term":[{"taxonomy":"category","embeddable":true,"href":"https:\/\/www.upo.es\/diario\/wp-json\/wp\/v2\/categories?post=23482227"},{"taxonomy":"post_tag","embeddable":true,"href":"https:\/\/www.upo.es\/diario\/wp-json\/wp\/v2\/tags?post=23482227"}],"curies":[{"name":"wp","href":"https:\/\/api.w.org\/{rel}","templated":true}]}}