{"id":23587387,"date":"2017-09-15T11:39:35","date_gmt":"2017-09-15T09:39:35","guid":{"rendered":"https:\/\/www.upo.es\/diario\/?p=23587387"},"modified":"2020-10-27T14:54:59","modified_gmt":"2020-10-27T13:54:59","slug":"la-upo-fortalece-sus-relaciones-institucionales-e-internacionales-con-su-participacion-en-el-congreso-de-eaie","status":"publish","type":"post","link":"https:\/\/www.upo.es\/diario\/institucional\/2017\/09\/la-upo-fortalece-sus-relaciones-institucionales-e-internacionales-con-su-participacion-en-el-congreso-de-eaie\/","title":{"rendered":"La UPO fortalece sus relaciones institucionales e internacionales con su participaci\u00f3n en el congreso de EAIE"},"content":{"rendered":"<figure id=\"attachment_23587388\" aria-describedby=\"caption-attachment-23587388\" style=\"width: 600px\" class=\"wp-caption aligncenter\"><a href=\"https:\/\/www.upo.es\/diario\/wp-content\/uploads\/2017\/09\/17vacas-041.jpg\"><img loading=\"lazy\" decoding=\"async\" class=\"size-large wp-image-23587388\" alt=\"Representaci\u00f3n de la UPO en el congreso de EAIE con el rector en el centro de la imagen\" src=\"https:\/\/www.upo.es\/diario\/wp-content\/uploads\/2017\/09\/17vacas-041-600x398.jpg\" width=\"600\" height=\"398\" \/><\/a><figcaption id=\"caption-attachment-23587388\" class=\"wp-caption-text\">Representaci\u00f3n de la UPO en el congreso de EAIE con el rector en el centro de la imagen<\/figcaption><\/figure>\n<p><span style=\"text-decoration: underline;\">La que ha sido la mayor conferencia de EAIE (European Association for International Education)\u00a0hasta la fecha y de cuya edici\u00f3n ha sido coorganizadora la Universidad Pablo de Olavide, junto con la Hispalense y la UNIA, ha contado con un lema con el que se pretende impregnar el esp\u00edritu universitario internacional: \u201cUn mosaico de culturas\u201d.<\/span> Esta idea no s\u00f3lo hace referencia a los azulejos que cubren la ciudad de Sevilla sino tambi\u00e9n a la gran variedad tem\u00e1ticas desarrolladas en la comunidad universitaria internacional con el objetivo de trabajar juntos para mejorar el acceso a la educaci\u00f3n de las generaciones futuras.<\/p>\n<p>El presidente de EAIE, <b>Markus Laitinen<\/b>, en su discurso durante el pleno del congreso, insisti\u00f3 en la necesidad de contar con todos los actores implicados \u201cpara formarnos una imagen fuerte y hermosa de lo que la educaci\u00f3n superior internacional puede lograr\u201d. En clara referencia al momento hist\u00f3rico y de conflicto en que se encuentra nuestra sociedad, Laitinen hizo referencia \u201cal trabajo duro y la voluntad de cambio de nuestras instituciones y nuestras comunidades\u201d.<\/p>\n<p>La Universidad Pablo de Olavide tiene entre sus principales objetivos el compromiso social con la intenci\u00f3n de contribuir, desde el \u00e1mbito acad\u00e9mico, a una sociedad mejor mediante la formaci\u00f3n integral de su alumnado, seg\u00fan palabras del rector <b>Vicente Guzm\u00e1n Fluja<\/b>. La celebraci\u00f3n de la conferencia de EAIE en la ciudad de Sevilla, ha supuesto para la UPO, adem\u00e1s de todo el trabajo desarrollado durante los dos \u00faltimos a\u00f1os, la oportunidad de fortalecer sus relaciones institucionales internacionales mediante la b\u00fasqueda de nuevos contactos y la renovaci\u00f3n de los ya existentes. El tour por el campus de la UPO que se celebr\u00f3 el primer d\u00eda del congreso, por ejemplo, result\u00f3 una oportunidad \u00fanica para entablar relaci\u00f3n con m\u00e1s de sesenta entidades del \u00e1mbito universitario -de Alemania, Canad\u00e1, Suiza, Holanda, Finlandia, Francia, B\u00e9lgica, Suecia, Austria, Taiwan, Reino Unido, Jap\u00f3n, Dinamarca, Noruega, Estados Unidos y Rep\u00fablica Checa- que, a\u00fan sin conocer la trascendencia definitiva que tendr\u00e1 esta acci\u00f3n, pudieron llevarse una visi\u00f3n completa de esta universidad a trav\u00e9s del conocimiento de su campus \u00fanico y sus programas de internacionalizaci\u00f3n.<\/p>\n<figure id=\"attachment_23587390\" aria-describedby=\"caption-attachment-23587390\" style=\"width: 320px\" class=\"wp-caption alignright\"><a href=\"https:\/\/www.upo.es\/diario\/wp-content\/uploads\/2017\/09\/EAIE_065.jpg\"><img loading=\"lazy\" decoding=\"async\" class=\"size-medium wp-image-23587390\" alt=\"Con la representante de la Universidad Aut\u00f3noma de M\u00e9xico\" src=\"https:\/\/www.upo.es\/diario\/wp-content\/uploads\/2017\/09\/EAIE_065-320x212.jpg\" width=\"320\" height=\"212\" \/><\/a><figcaption id=\"caption-attachment-23587390\" class=\"wp-caption-text\">Con la representante de la Universidad Aut\u00f3noma de M\u00e9xico<\/figcaption><\/figure>\n<p>Por otra parte, el <b>vicerrectorado de Internacionalizaci\u00f3n<\/b>, en estrecha colaboraci\u00f3n con el <b>CUI<\/b> (Centro Universitario Internacional) y el <b>ARIC<\/b> (\u00c1rea de Relaciones Internacionales y Cooperaci\u00f3n) de la Universidad Pablo de Olavide, ha realizado un trabajo de <i>networking<\/i> durante todas las jornadas que ha ocupado el congreso. La Universidad Aut\u00f3noma del Estado (M\u00e9xico), Universidad de Hildesheim (Alemania), Instituto de Estudios Pol\u00edticos de Rennes (Francia), Griffith College de Dubl\u00edn (Irlanda), Alliance Francaise Bordeaux Aquitanie (Francia), Western University de Ontario (Canad\u00e1), Universidad de Buenos Aires (Argentina), Universidad de Grenoble (Suiza), Universidad de Mendoza (Argentina), Instituto Universitario de Tecnolog\u00eda de Montpellier (Francia), Universidade Federal do Esp\u00edrito Santo (Brasil), Universidad ESAN (Per\u00fa) o Edge Hill University (Reino Unido) han sido algunas de las entidades con las que la UPO se ha reunido para buscar nuevas v\u00edas de colaboraci\u00f3n institucional.<\/p>\n<figure id=\"attachment_23587389\" aria-describedby=\"caption-attachment-23587389\" style=\"width: 320px\" class=\"wp-caption alignright\"><a href=\"https:\/\/www.upo.es\/diario\/wp-content\/uploads\/2017\/09\/17vacas-016.jpg\"><img loading=\"lazy\" decoding=\"async\" class=\"size-medium wp-image-23587389\" alt=\"Rosa Rodr\u00edguez durante la poster session\" src=\"https:\/\/www.upo.es\/diario\/wp-content\/uploads\/2017\/09\/17vacas-016-320x212.jpg\" width=\"320\" height=\"212\" \/><\/a><figcaption id=\"caption-attachment-23587389\" class=\"wp-caption-text\">Rosa Rodr\u00edguez durante la poster session<\/figcaption><\/figure>\n<p>La Universidad Pablo de Olavide tambi\u00e9n ha sabido aprovechar la otra cara del congreso de EAIE. En la zona acad\u00e9mica, el tema que present\u00f3 <b>Rosa Mar\u00eda Rodr\u00edguez Izquierdo<\/b> en su <i>poster session<\/i> sobre la preparaci\u00f3n para el trabajo o el estudio en el \u00e1mbito internacional, tuvo una gran acogida por parte de los participantes en el congreso. La profesora del \u00c1rea de Did\u00e1ctica y Organizaci\u00f3n Educativa comparti\u00f3 la experiencia de la UPO en este sentido, mostrando los recursos que la entidad pone al servicio de quienes deciden estudiar o trabajar en el extranjero, analizando desde el papeleo inicial hasta la adaptaci\u00f3n al nuevo entorno cultural.<\/p>\n<p>La participaci\u00f3n de la UPO en el congreso la cerr\u00f3 la directora general de Idiomas y Estudiantes Extranjeros, <b>Ver\u00f3nica Pacheco Costa<\/b>, que junto con dos colegas de la Universidad Duale Hochschule Baden-W\u00fcrttemberg (Alemania) y la Karlstad University (Suecia) desarroll\u00f3 un taller sobre c\u00f3mo se realiza la acogida ling\u00fc\u00edstica a refugiados a trav\u00e9s de la impartici\u00f3n de cursos de idiomas. Este asunto ha sido uno de los grandes temas que se han desarrollado en el congreso puesto que fue una de las propuestas m\u00e1s recurrentes de los grupos de investigaci\u00f3n de la EAIE. C\u00f3mo se est\u00e1 abordando desde la educaci\u00f3n superior los flujos migratorios actuales es uno de los desaf\u00edos a los que pretende dar respuesta este congreso que se celebra anualmente.<\/p>\n<p>La pr\u00f3xima conferencia anual de EAIE, en su edici\u00f3n 30\u00aa, tendr\u00e1 lugar en Ginebra (Suiza) del 11 al 14 de septiembre de 2018. En esta ocasi\u00f3n el lema elegido ser\u00e1 \u201c<b>Mirando hacia afuera<\/b>\u201d, en clara referencia al pa\u00eds anfitri\u00f3n, como una naci\u00f3n pac\u00edfica y neutral con una larga tradici\u00f3n de diplomacia internacional y colaboraci\u00f3n. El lema del pr\u00f3ximo congreso invita a mirar al mundo exterior, unir fuerzas con quienes comparten una misma visi\u00f3n de la educaci\u00f3n superior y buscar el compromiso con quienes piensan diferente.<\/p>\n<p><a title=\"Conferencia Anual de la EAIE en Sevilla\" href=\"https:\/\/www.flickr.com\/photos\/pablodeolavide\/albums\/72157686616557613\" data-flickr-embed=\"true\" data-header=\"true\"><img loading=\"lazy\" decoding=\"async\" alt=\"Conferencia Anual de la EAIE en Sevilla\" src=\"https:\/\/farm5.staticflickr.com\/4426\/37069416432_7a458f61aa.jpg\" width=\"500\" height=\"333\" \/><\/a><script charset=\"utf-8\" type=\"text\/javascript\" src=\"\/\/embedr.flickr.com\/assets\/client-code.js\" async=\"\"><\/script><\/p>\n","protected":false},"excerpt":{"rendered":"<p>La celebraci\u00f3n de la conferencia de EAIE en la ciudad de Sevilla, ha supuesto para la UPO, adem\u00e1s de todo el trabajo desarrollado durante los dos \u00faltimos a\u00f1os, la oportunidad de fortalecer sus relaciones institucionales e internacionales mediante la b\u00fasqueda de nuevos contactos y la renovaci\u00f3n de los ya existentes.<\/p>\n","protected":false},"author":14,"featured_media":0,"comment_status":"closed","ping_status":"open","sticky":false,"template":"","format":"standard","meta":{"_monsterinsights_skip_tracking":false,"_monsterinsights_sitenote_active":false,"_monsterinsights_sitenote_note":"","_monsterinsights_sitenote_category":0,"footnotes":""},"categories":[6],"tags":[847,3618,906,2190,925,4385,3620],"class_list":["post-23587387","post","type-post","status-publish","format-standard","hentry","category-institucional","tag-aric","tag-congreso-eaie","tag-cui","tag-educacion-superior","tag-internacionalizacion","tag-relaciones-institucionales","tag-vicerrectorado-de-internacionalizacion"],"_links":{"self":[{"href":"https:\/\/www.upo.es\/diario\/wp-json\/wp\/v2\/posts\/23587387","targetHints":{"allow":["GET"]}}],"collection":[{"href":"https:\/\/www.upo.es\/diario\/wp-json\/wp\/v2\/posts"}],"about":[{"href":"https:\/\/www.upo.es\/diario\/wp-json\/wp\/v2\/types\/post"}],"author":[{"embeddable":true,"href":"https:\/\/www.upo.es\/diario\/wp-json\/wp\/v2\/users\/14"}],"replies":[{"embeddable":true,"href":"https:\/\/www.upo.es\/diario\/wp-json\/wp\/v2\/comments?post=23587387"}],"version-history":[{"count":8,"href":"https:\/\/www.upo.es\/diario\/wp-json\/wp\/v2\/posts\/23587387\/revisions"}],"predecessor-version":[{"id":30862237,"href":"https:\/\/www.upo.es\/diario\/wp-json\/wp\/v2\/posts\/23587387\/revisions\/30862237"}],"wp:attachment":[{"href":"https:\/\/www.upo.es\/diario\/wp-json\/wp\/v2\/media?parent=23587387"}],"wp:term":[{"taxonomy":"category","embeddable":true,"href":"https:\/\/www.upo.es\/diario\/wp-json\/wp\/v2\/categories?post=23587387"},{"taxonomy":"post_tag","embeddable":true,"href":"https:\/\/www.upo.es\/diario\/wp-json\/wp\/v2\/tags?post=23587387"}],"curies":[{"name":"wp","href":"https:\/\/api.w.org\/{rel}","templated":true}]}}