{"id":23688589,"date":"2017-09-19T12:38:16","date_gmt":"2017-09-19T10:38:16","guid":{"rendered":"https:\/\/www.upo.es\/diario\/?p=23688589"},"modified":"2020-10-27T14:55:18","modified_gmt":"2020-10-27T13:55:18","slug":"el-ministerio-entrega-la-distincion-maria-de-maeztu-a-la-unidad-de-investigacion-gem-del-cabd","status":"publish","type":"post","link":"https:\/\/www.upo.es\/diario\/ciencia\/2017\/09\/el-ministerio-entrega-la-distincion-maria-de-maeztu-a-la-unidad-de-investigacion-gem-del-cabd\/","title":{"rendered":"El Ministerio entrega la distinci\u00f3n \u00abMar\u00eda de Maeztu\u00bb a la Unidad de Investigaci\u00f3n GEM del CABD"},"content":{"rendered":"<figure id=\"attachment_23693521\" aria-describedby=\"caption-attachment-23693521\" style=\"width: 600px\" class=\"wp-caption aligncenter\"><a href=\"https:\/\/www.upo.es\/diario\/wp-content\/uploads\/2017\/09\/entrega-maria-de-maeztu-GEM-CABD.jpg\"><img loading=\"lazy\" decoding=\"async\" class=\"size-large wp-image-23693521\" alt=\"Jos\u00e9 Luis G\u00f3mez Skarmeta recibe la distinci\u00f3n de manos de Carmen Vela\" src=\"https:\/\/www.upo.es\/diario\/wp-content\/uploads\/2017\/09\/entrega-maria-de-maeztu-GEM-CABD-600x400.jpg\" width=\"600\" height=\"400\" srcset=\"https:\/\/www.upo.es\/diario\/wp-content\/uploads\/2017\/09\/entrega-maria-de-maeztu-GEM-CABD-600x400.jpg 600w, https:\/\/www.upo.es\/diario\/wp-content\/uploads\/2017\/09\/entrega-maria-de-maeztu-GEM-CABD-320x213.jpg 320w\" sizes=\"auto, (max-width: 600px) 100vw, 600px\" \/><\/a><figcaption id=\"caption-attachment-23693521\" class=\"wp-caption-text\">Jos\u00e9 Luis G\u00f3mez-Sk\u00e1rmeta recibe la distinci\u00f3n &#8216;Mar\u00eda de Maeztu&#8217; de manos de Carmen Vela \/ Foto: MINECO<\/figcaption><\/figure>\n<p><b>Los investigadores Jos\u00e9 Luis G\u00f3mez-Sk\u00e1rmeta<\/b>, <b>Acaimo Gonz\u00e1lez Reyes<\/b> y <b>Jaime Carvajal<\/b>,\u00a0que desarrollan su trabajo en el CABD (Centro Andaluz de Biolog\u00eda del Desarrollo),<b>\u00a0<\/b>han recogido hoy martes 19 de septiembre en el Ministerio de Econom\u00eda, Industria y Competitividad la distinci\u00f3n que reconoce al Departamento de Regulaci\u00f3n de la Expresi\u00f3n G\u00e9nica y Morfog\u00e9nesis (GEM) de este centro como una Unidad de Excelencia \u201cMar\u00eda de Maeztu\u201d. El acto ha sido presidido por Carmen Vela, secretaria de Estado de I+D+i y en el mismo tambi\u00e9n se han entregado el resto de estas distinciones as\u00ed como las \u201cSevero Ochoa\u201d.<\/p>\n<figure id=\"attachment_23693522\" aria-describedby=\"caption-attachment-23693522\" style=\"width: 320px\" class=\"wp-caption alignright\"><a href=\"https:\/\/www.upo.es\/diario\/wp-content\/uploads\/2017\/09\/Jos\u00e9-Luis-G\u00f3mez-UPO.jpg\"><img loading=\"lazy\" decoding=\"async\" class=\"size-medium wp-image-23693522\" alt=\"Jos\u00e9 L. G\u00f3mez-Sk\u00e1rmeta, Acaimo\" src=\"https:\/\/www.upo.es\/diario\/wp-content\/uploads\/2017\/09\/Jos\u00e9-Luis-G\u00f3mez-UPO-320x247.jpg\" width=\"320\" height=\"247\" srcset=\"https:\/\/www.upo.es\/diario\/wp-content\/uploads\/2017\/09\/Jos\u00e9-Luis-G\u00f3mez-UPO-320x247.jpg 320w, https:\/\/www.upo.es\/diario\/wp-content\/uploads\/2017\/09\/Jos\u00e9-Luis-G\u00f3mez-UPO-600x464.jpg 600w\" sizes=\"auto, (max-width: 320px) 100vw, 320px\" \/><\/a><figcaption id=\"caption-attachment-23693522\" class=\"wp-caption-text\">Jaime Carvajal, Jos\u00e9 L. G\u00f3mez-Sk\u00e1rmeta y Acaimo Gonz\u00e1lez \/ Foto: MINECO<\/figcaption><\/figure>\n<p>El GEM, del <a href=\"http:\/\/www.cabd.es\/es-home.html\">CABD<\/a> -centro mixto de la Universidad Pablo de Olvide (UPO), del Consejo Superior de Investigaciones Cient\u00edficas (CSIC) y de la Junta de Andaluc\u00eda-, desarrolla un proyecto para investigar c\u00f3mo las c\u00e9lulas toman decisiones de forma colectiva durante la formaci\u00f3n de \u00f3rganos. Jos\u00e9 Luis G\u00f3mez-Sk\u00e1rmeta dirige esta Unidad de Excelencia, que cuenta con el apoyo de otros grupos del CABD.<\/p>\n<p>La acreditaci\u00f3n como \u201cUnidad de Excelencia Mar\u00eda de Maeztu\u201d es un reconocimiento a los mejores centros y unidades que destacan por el impacto y relevancia internacional de los resultados obtenidos en los \u00faltimos cuatro a\u00f1os. Esta distinci\u00f3n trae asociada la financiaci\u00f3n de los planes estrat\u00e9gicos elaborados por los centros y de los programas estrat\u00e9gicos de investigaci\u00f3n elaborados por las unidades para un per\u00edodo de cuatro a\u00f1os, con el objetivo de consolidar sus capacidades cient\u00edficas y contribuir a su liderazgo internacional.<\/p>\n<p>La unidad GEM investiga con una gran variedad de organismos animales y aplica sobre ellos t\u00e9cnicas que posibilitan describir y modificar las instrucciones del genoma y su organizaci\u00f3n, as\u00ed como visualizar el comportamiento de las c\u00e9lulas: c\u00f3mo se multiplican y se desplazan dentro de un embri\u00f3n como peatones en una ciudad con calles en tres dimensiones. Las alteraciones de estos procesos pueden dar lugar a alteraciones beneficiosas (que, si son aprovechadas, pueden dar lugar a cambios evolutivos) o perjudiciales, causantes de m\u00faltiples enfermedades. El proyecto, que se ha denominado \u201cToma de decisiones en colectivos celulares\u201d, contar\u00e1 con la incorporaci\u00f3n de nuevos grupos de investigaci\u00f3n, la creaci\u00f3n de una plataforma de bioinform\u00e1tica y biocomputaci\u00f3n, y la mejora de los sistemas de microscopia avanzada del CABD.<\/p>\n<figure id=\"attachment_23709737\" aria-describedby=\"caption-attachment-23709737\" style=\"width: 320px\" class=\"wp-caption alignright\"><img loading=\"lazy\" decoding=\"async\" class=\"size-medium wp-image-23709737\" alt=\"\/ Foto: MINECO\" src=\"https:\/\/www.upo.es\/diario\/wp-content\/uploads\/2017\/09\/IMG_0201-edit-320x213.jpg\" width=\"320\" height=\"213\" srcset=\"https:\/\/www.upo.es\/diario\/wp-content\/uploads\/2017\/09\/IMG_0201-edit-320x213.jpg 320w, https:\/\/www.upo.es\/diario\/wp-content\/uploads\/2017\/09\/IMG_0201-edit-600x400.jpg 600w\" sizes=\"auto, (max-width: 320px) 100vw, 320px\" \/><figcaption id=\"caption-attachment-23709737\" class=\"wp-caption-text\">Unidades Severo Ochoa y Mar\u00eda de Maeztu \/ Foto: MINECO<\/figcaption><\/figure>\n<p>El resto de nuevas unidades de investigaci\u00f3n seleccionadas en la modalidad \u2018Mar\u00eda de Maeztu\u2019 son: el Centro de Estudios Monetarios y Financieros (CEMFI); el CICNanogune; el Grupo de Investigaci\u00f3n en Teledetecci\u00f3n, Antenas, Microondas y Superconductividad de la Universidad Polit\u00e9cnica de Catalu\u00f1a (UPC); el Instituto de Rob\u00f3tica e Inform\u00e1tica Industrial; y el Instituto Gallego de F\u00edsica de Altas Energ\u00edas de la Universidad de Santiago de Compostela. En la actualidad, existen 25 centros \u2018Severo Ochoa\u2019 y 16 unidades \u2018Mar\u00eda de Maeztu\u2019.<\/p>\n","protected":false},"excerpt":{"rendered":"<p>Los investigadores Jos\u00e9 Luis G\u00f3mez-Sk\u00e1rmeta, Acaimo Gonz\u00e1lez y Jaime Carvajal, que desarrollan su trabajo en el CABD, han recogido en el Ministerio de Econom\u00eda, Industria y Competitividad la distinci\u00f3n que reconoce al Departamento de Regulaci\u00f3n de la Expresi\u00f3n G\u00e9nica y Morfog\u00e9nesis (GEM) de este centro como una Unidad de Excelencia \u201cMar\u00eda de Maeztu\u201d.<\/p>\n","protected":false},"author":14,"featured_media":0,"comment_status":"closed","ping_status":"open","sticky":false,"template":"","format":"standard","meta":{"_monsterinsights_skip_tracking":false,"_monsterinsights_sitenote_active":false,"_monsterinsights_sitenote_note":"","_monsterinsights_sitenote_category":0,"footnotes":""},"categories":[6,3],"tags":[246,2003,43,4390,42,734,1133,4389,4096],"class_list":["post-23688589","post","type-post","status-publish","format-standard","hentry","category-institucional","category-ciencia","tag-biologia","tag-biologia-del-desarrollo","tag-cabd","tag-gem","tag-genetica","tag-investigadores","tag-jose-luis-gomez-skarmeta","tag-maria-de-maeztu","tag-mineco"],"_links":{"self":[{"href":"https:\/\/www.upo.es\/diario\/wp-json\/wp\/v2\/posts\/23688589","targetHints":{"allow":["GET"]}}],"collection":[{"href":"https:\/\/www.upo.es\/diario\/wp-json\/wp\/v2\/posts"}],"about":[{"href":"https:\/\/www.upo.es\/diario\/wp-json\/wp\/v2\/types\/post"}],"author":[{"embeddable":true,"href":"https:\/\/www.upo.es\/diario\/wp-json\/wp\/v2\/users\/14"}],"replies":[{"embeddable":true,"href":"https:\/\/www.upo.es\/diario\/wp-json\/wp\/v2\/comments?post=23688589"}],"version-history":[{"count":9,"href":"https:\/\/www.upo.es\/diario\/wp-json\/wp\/v2\/posts\/23688589\/revisions"}],"predecessor-version":[{"id":23709739,"href":"https:\/\/www.upo.es\/diario\/wp-json\/wp\/v2\/posts\/23688589\/revisions\/23709739"}],"wp:attachment":[{"href":"https:\/\/www.upo.es\/diario\/wp-json\/wp\/v2\/media?parent=23688589"}],"wp:term":[{"taxonomy":"category","embeddable":true,"href":"https:\/\/www.upo.es\/diario\/wp-json\/wp\/v2\/categories?post=23688589"},{"taxonomy":"post_tag","embeddable":true,"href":"https:\/\/www.upo.es\/diario\/wp-json\/wp\/v2\/tags?post=23688589"}],"curies":[{"name":"wp","href":"https:\/\/api.w.org\/{rel}","templated":true}]}}