{"id":23743293,"date":"2017-09-21T15:11:06","date_gmt":"2017-09-21T15:11:06","guid":{"rendered":"https:\/\/www.upo.es\/diario\/?p=23743293"},"modified":"2017-09-26T12:15:39","modified_gmt":"2017-09-26T12:15:39","slug":"el-rector-reivindica-el-papel-de-la-universidad-en-la-sociedad-en-el-acto-de-apertura-oficial-del-curso","status":"publish","type":"post","link":"https:\/\/www.upo.es\/diario\/institucional\/2017\/09\/el-rector-reivindica-el-papel-de-la-universidad-en-la-sociedad-en-el-acto-de-apertura-oficial-del-curso\/","title":{"rendered":"El rector reivindica el papel de la universidad en la sociedad en el acto de apertura oficial del curso"},"content":{"rendered":"<figure id=\"attachment_23743295\" aria-describedby=\"caption-attachment-23743295\" style=\"width: 320px\" class=\"wp-caption alignright\"><a href=\"https:\/\/www.upo.es\/diario\/wp-content\/uploads\/2017\/09\/Apertura-Curso-2017-18_2.jpg\"><img loading=\"lazy\" decoding=\"async\" class=\"size-medium wp-image-23743295\" alt=\"Antonio Ram\u00edrez de Arellano, Vicente Guzm\u00e1n y Sonia Gaya\" src=\"https:\/\/www.upo.es\/diario\/wp-content\/uploads\/2017\/09\/Apertura-Curso-2017-18_2-320x213.jpg\" width=\"320\" height=\"213\" srcset=\"https:\/\/www.upo.es\/diario\/wp-content\/uploads\/2017\/09\/Apertura-Curso-2017-18_2-320x213.jpg 320w, https:\/\/www.upo.es\/diario\/wp-content\/uploads\/2017\/09\/Apertura-Curso-2017-18_2-600x400.jpg 600w\" sizes=\"auto, (max-width: 320px) 100vw, 320px\" \/><\/a><figcaption id=\"caption-attachment-23743295\" class=\"wp-caption-text\">Antonio Ram\u00edrez de Arellano, Vicente Guzm\u00e1n y Sonia Gaya<\/figcaption><\/figure>\n<p>La Universidad Pablo de Olavide ha celebrado este mediod\u00eda el solemne acto de apertura oficial del nuevo curso 2017\/2018, en el que contar\u00e1 con cerca de 12.000 alumnos y alumnas de grado y postgrado. En este nuevo curso, en el que se cumplen 20 a\u00f1os desde su creaci\u00f3n, la UPO oferta 33 grados, 41 m\u00e1steres universitarios, 9 doctorados y 95 programas de t\u00edtulos propios.<\/p>\n<p>A la apertura del curso, presidida por el rector <b>Vicente Guzm\u00e1n Fluja<\/b>, ha asistido el consejero de Econom\u00eda y Conocimiento de la Junta de Andaluc\u00eda, <b>Antonio Ram\u00edrez de Arellano<\/b>; la consejera de Educaci\u00f3n, <b>Sonia Gaya S\u00e1nchez<\/b>; la presidenta del Consejo Social de la UPO, <b>Amparo Rubiales Torrej\u00f3n<\/b>; y numerosas autoridades de la provincia. Tras la presentaci\u00f3n de la memoria del curso pasado por parte del secretario general, <b>Jos\u00e9 Mar\u00eda Seco Mart\u00ednez<\/b>, el catedr\u00e1tico de Derecho del Trabajo y de la Seguridad Social <b>Santiago Gonz\u00e1lez Ortega<\/b>, ha pronunciado la lecci\u00f3n inaugural \u201cEl derecho de huelga: un derecho fundamental acorralado\u201d.<\/p>\n<figure id=\"attachment_23743296\" aria-describedby=\"caption-attachment-23743296\" style=\"width: 320px\" class=\"wp-caption alignright\"><a href=\"https:\/\/www.upo.es\/diario\/wp-content\/uploads\/2017\/09\/Apertura-Curso-2017-18_3.jpg\"><img loading=\"lazy\" decoding=\"async\" class=\"size-medium wp-image-23743296\" alt=\"Santiago Gonz\u00e1lez, catedr\u00e1tico de Derecho del Trabajo y de la Seguridad Social de la UPO, durante la Lecci\u00f3n Inaugural del Curso 2017\/2018\" src=\"https:\/\/www.upo.es\/diario\/wp-content\/uploads\/2017\/09\/Apertura-Curso-2017-18_3-320x213.jpg\" width=\"320\" height=\"213\" srcset=\"https:\/\/www.upo.es\/diario\/wp-content\/uploads\/2017\/09\/Apertura-Curso-2017-18_3-320x213.jpg 320w, https:\/\/www.upo.es\/diario\/wp-content\/uploads\/2017\/09\/Apertura-Curso-2017-18_3-600x400.jpg 600w\" sizes=\"auto, (max-width: 320px) 100vw, 320px\" \/><\/a><figcaption id=\"caption-attachment-23743296\" class=\"wp-caption-text\">Santiago Gonz\u00e1lez, catedr\u00e1tico de Derecho del Trabajo y de la Seguridad Social de la UPO, durante la Lecci\u00f3n Inaugural del Curso 2017\/2018<\/figcaption><\/figure>\n<p>En su alocuci\u00f3n, el catedr\u00e1tico de la Universidad Pablo de Olavide ha hecho referencia a uno de los temas centrales del Derecho del Trabajo, el derecho a la huelga, para analizar c\u00f3mo el ordenamiento ha limitado todas sus dimensiones hasta hacer pasar a muchas de ellas de forma desapercibida, con efectos muy limitados y combatidas de forma muy efectiva por las empresas. En palabras del catedr\u00e1tico, \u201cpocos derechos est\u00e1n tan limitados como el de la huelga, aquellos que pueden ser individuales y colectivos, los que son incisivos socialmente y perturbadores potencialmente. C\u00f3mo est\u00e1 regulado este derecho es una particularidad espa\u00f1ola. Est\u00e1 en la Constituci\u00f3n, s\u00f3lo se puede regular por ley org\u00e1nica y el regulador est\u00e1 limitado por el contenido de una norma preconstitucional de 1977\u201d. La lecci\u00f3n del profesor Gonz\u00e1lez ha analizado las limitaciones del derecho a la huelga, un derecho fundamental, tales como la posible condena a la ilegalidad de cierto tipo de huelgas por parte del Tribunal Constitucional, la titularidad individual del derecho, los servicios m\u00ednimos exigidos, la posibilidad de suspender una convocatoria, el arbitraje obligatorio o las facultades de reacci\u00f3n de la empresa implicada. \u201cLa huelga ya no es una herramienta de los trabajadores. Gracias a la inadecuaci\u00f3n de la regulaci\u00f3n actual, la huelga se diluye como instrumento de presi\u00f3n sindical en un marco de precariedad e individualizaci\u00f3n de las relaciones laborales\u201d, ha concluido Gonz\u00e1lez Ortega.<\/p>\n<figure id=\"attachment_23743298\" aria-describedby=\"caption-attachment-23743298\" style=\"width: 320px\" class=\"wp-caption alignright\"><a href=\"https:\/\/www.upo.es\/diario\/wp-content\/uploads\/2017\/09\/Apertura-Curso-2017-18_1.jpg\"><img loading=\"lazy\" decoding=\"async\" class=\"size-medium wp-image-23743298\" alt=\"Miembros del claustro universitario en el Paraninfo\" src=\"https:\/\/www.upo.es\/diario\/wp-content\/uploads\/2017\/09\/Apertura-Curso-2017-18_1-320x213.jpg\" width=\"320\" height=\"213\" srcset=\"https:\/\/www.upo.es\/diario\/wp-content\/uploads\/2017\/09\/Apertura-Curso-2017-18_1-320x213.jpg 320w, https:\/\/www.upo.es\/diario\/wp-content\/uploads\/2017\/09\/Apertura-Curso-2017-18_1-600x400.jpg 600w\" sizes=\"auto, (max-width: 320px) 100vw, 320px\" \/><\/a><figcaption id=\"caption-attachment-23743298\" class=\"wp-caption-text\">Miembros del claustro universitario en el Paraninfo<\/figcaption><\/figure>\n<p>Tras la lecci\u00f3n inaugural, el rector Vicente Guzm\u00e1n ha hecho entrega de los Premios Extraordinarios de Doctorado 2015\/2016 a los doctores y doctoras de la UPO Roc\u00edo Aguilar Caro, Raquel Ara\u00fajo Legido, Jos\u00e9 Javier Brey S\u00e1nchez, Pilar Guadalupe Cruz Z\u00fa\u00f1iga, Teresa de los \u00c1ngeles Cueto Senra, Laura Garc\u00eda \u00c1lvarez, Olga Luisa Garc\u00eda Coca, Juan Garrido Maraver, Esperanza Macarena Hern\u00e1ndez Salmer\u00f3n, Elena Lucena Padr\u00f3s, Laura P\u00e9rez Prieto, M\u00f3nica Santana Hern\u00e1ndez, Elisa Isabel Alcocer G\u00f3mez, Jos\u00e9 Cruz D\u00edaz, Huemac Escalona L\u00fcttig, Vesna Vlaisavljevic, Manuel Carrasco Fern\u00e1ndez y Leire Alejaldre Biel.<\/p>\n<p>Asimismo, se ha hecho entrega de las Medallas al M\u00e9rito de la UPO concedidas en el \u00faltimo Consejo de Gobierno a Jos\u00e9 Ignacio L\u00f3pez Gonz\u00e1lez, Jos\u00e9 \u00c1ngel Merino Ortega, Santiago Lago Aranda, Cristina Villalba Quesada, Josefa Mar\u00eda Siria Garc\u00eda, Mar\u00eda Isabel Rodr\u00edguez y Teresa Dom\u00ednguez Santos \u2013en los dos \u00faltimos casos a t\u00edtulo p\u00f3stumo-, as\u00ed como la Medalla de Honor a t\u00edtulo p\u00f3stumo al que fuera vicegerente econ\u00f3mico de la UPO Jos\u00e9 Manuel Jim\u00e9nez Ca\u00f1ete, del que el rector ha se\u00f1alado: \u201cSin \u00e9l, construir esta universidad, hubiese sido imposible\u201d.<\/p>\n<p>A continuaci\u00f3n, ha intervenido el consejero de Econom\u00eda y Conocimiento de la Junta de Andaluc\u00eda, Antonio Ram\u00edrez de Arellano, quien ha felicitado a Santiago Gonz\u00e1lez por su lecci\u00f3n \u201cporque es una reflexi\u00f3n importante en este momento de recuperaci\u00f3n de derechos\u201d, as\u00ed como a la Universidad Pablo de Olavide en su conjunto \u201cpor alinearse con cuestiones del momento como la internacionalizaci\u00f3n, la excelencia o la captaci\u00f3n de recursos, caracter\u00edsticas de una instituci\u00f3n madura y solvente\u201d. Por otro lado, el consejero ha hablado de las universidades como \u201cpolos de inversi\u00f3n para los que se movilizan importantes presupuestos. El gobierno andaluz, como principal responsable de la ordenaci\u00f3n del sistema universitario, se ha propuesto la recuperaci\u00f3n de la normalidad en este sector eliminando incertidumbres y mediante la vuelta al camino de la excelencia que no deje fuera a nadie\u201d. Ram\u00edrez de Arellano se ha referido a la UPO como ejemplo en el trabajo desarrollado para acotar la deuda de las universidades y ha marcado la hoja de ruta para el acuerdo en cuanto a la financiaci\u00f3n, \u201cmediante una nueva estructura presupuestaria que contemple una financiaci\u00f3n b\u00e1sica, competitiva y con planes de excelencia\u201d.<\/p>\n<p>&nbsp;<\/p>\n<p><b>DISCURSO DEL RECTOR VICENTE GUZM\u00c1N<\/b><\/p>\n<p>Posteriormente, el rector ha pronunciado el discurso de apertura, en el que ha destacado el servicio a la sociedad y la responsabilidad de mejorar como ambiciones de la Universidad Pablo de Olavide. Vicente Guzm\u00e1n se ha referido al nuevo a\u00f1o acad\u00e9mico como un \u201ccurso diferente, por varios motivos. Debemos reivindicar la bondad del <b>sistema universitario<\/b> espa\u00f1ol frente a la creciente espiral de desacreditaci\u00f3n que viene sufriendo. Tenemos un buen sistema, a pesar de que su financiaci\u00f3n est\u00e1 por debajo de la media de los pa\u00edses de la OCDE y de la Uni\u00f3n Europea. En segundo lugar, este debe ser el a\u00f1o en que se comience a actuar para adecuar nuestro modelo universitario a las exigencias del siglo XXI\u201d. En este sentido, el rector se ha referido a mejorar la financiaci\u00f3n y la actualizaci\u00f3n de la oferta acad\u00e9mica. Por otro lado, Vicente Guzm\u00e1n ha hecho referencia a \u201cla recuperaci\u00f3n de derechos de quienes componen las universidades\u201d mediante la estabilizaci\u00f3n del personal, PDI y PAS; y \u201cla reactivaci\u00f3n de las convocatorias competitivas del PAIDI, instrumento fundamental para el desarrollo econ\u00f3mico y tecnol\u00f3gico de Andaluc\u00eda y elemento esencial para incrementar los logros del personal investigador universitario\u201d.<\/p>\n<p>Como conclusi\u00f3n, el rector de la UPO se ha referido al deber de \u201cevolucionar y ser capaces de prestar el servicio p\u00fablico de educaci\u00f3n superior cada vez con m\u00e1s calidad, excelencia, eficacia y eficiencia, disponiendo de los recursos humanos y materiales que sean precisos para lograrlo. Lo que sea un pa\u00eds, depender\u00e1 en gran parte de lo que sean sus universidades, ah\u00ed radica el enorme valor de la educaci\u00f3n superior\u201d.<\/p>\n<p>El discurso ha concluido interpelando a la comunidad universitaria de UPO para que \u201cdemuestre una vez m\u00e1s su compromiso con la m\u00e1s alta calidad en la prestaci\u00f3n del <b>servicio p\u00fablico<\/b> de la educaci\u00f3n superior\u201d y refiri\u00e9ndose a la <b>cuesti\u00f3n catalana<\/b> con el deseo de \u201ctrabajar juntos para restaurar los valores de convivencia que permitan avanzar en la construcci\u00f3n de una sociedad por y para las personas. Busquemos en cada uno de nosotros aquello que nos une a todos los dem\u00e1s para, desde la diversidad, hacer posible la convivencia, la armon\u00eda, la justicia y la paz\u201d.<\/p>\n<p>Finalmente, el rector ha declarado inaugurado el curso 2017\/2018 en la Universidad Pablo de Olavide, de Sevilla.<\/p>\n<p><a title=\"Apertura oficial del curso 2017\/2018 en la UPO\" href=\"https:\/\/www.flickr.com\/photos\/pablodeolavide\/albums\/72157685435951582\" data-flickr-embed=\"true\" data-header=\"true\"><img loading=\"lazy\" decoding=\"async\" alt=\"Apertura oficial del curso 2017\/2018 en la UPO\" src=\"https:\/\/farm5.staticflickr.com\/4343\/37239522461_8fd3e0dd27.jpg\" width=\"500\" height=\"333\" \/><\/a><script charset=\"utf-8\" type=\"text\/javascript\" src=\"\/\/embedr.flickr.com\/assets\/client-code.js\" async=\"\"><\/script><\/p>\n","protected":false},"excerpt":{"rendered":"<p>La Universidad Pablo de Olavide ha celebrado el solemne acto de apertura oficial del nuevo curso 2017\/2018, en el que contar\u00e1 con cerca de 12.000 alumnos y alumnas de grado y postgrado. En este nuevo curso, en el que se cumplen 20 a\u00f1os desde su creaci\u00f3n, la UPO oferta 33 grados, 41 m\u00e1steres universitarios, 9 doctorados y 95 programas de t\u00edtulos propios.<\/p>\n","protected":false},"author":6,"featured_media":0,"comment_status":"closed","ping_status":"open","sticky":false,"template":"","format":"standard","meta":{"_monsterinsights_skip_tracking":false,"_monsterinsights_sitenote_active":false,"_monsterinsights_sitenote_note":"","_monsterinsights_sitenote_category":0,"footnotes":""},"categories":[6],"tags":[190,3611,2744,785,3895,203,2720,38,39,106],"class_list":["post-23743293","post","type-post","status-publish","format-standard","hentry","category-institucional","tag-andalucia","tag-apertura-curso","tag-consejeria-de-economia","tag-consejeria-educacion","tag-curso-2017-2018","tag-junta-de-andalucia","tag-leccion-inaugural","tag-rector","tag-universidades","tag-vicente-c-guzman"],"_links":{"self":[{"href":"https:\/\/www.upo.es\/diario\/wp-json\/wp\/v2\/posts\/23743293","targetHints":{"allow":["GET"]}}],"collection":[{"href":"https:\/\/www.upo.es\/diario\/wp-json\/wp\/v2\/posts"}],"about":[{"href":"https:\/\/www.upo.es\/diario\/wp-json\/wp\/v2\/types\/post"}],"author":[{"embeddable":true,"href":"https:\/\/www.upo.es\/diario\/wp-json\/wp\/v2\/users\/6"}],"replies":[{"embeddable":true,"href":"https:\/\/www.upo.es\/diario\/wp-json\/wp\/v2\/comments?post=23743293"}],"version-history":[{"count":5,"href":"https:\/\/www.upo.es\/diario\/wp-json\/wp\/v2\/posts\/23743293\/revisions"}],"predecessor-version":[{"id":23872277,"href":"https:\/\/www.upo.es\/diario\/wp-json\/wp\/v2\/posts\/23743293\/revisions\/23872277"}],"wp:attachment":[{"href":"https:\/\/www.upo.es\/diario\/wp-json\/wp\/v2\/media?parent=23743293"}],"wp:term":[{"taxonomy":"category","embeddable":true,"href":"https:\/\/www.upo.es\/diario\/wp-json\/wp\/v2\/categories?post=23743293"},{"taxonomy":"post_tag","embeddable":true,"href":"https:\/\/www.upo.es\/diario\/wp-json\/wp\/v2\/tags?post=23743293"}],"curies":[{"name":"wp","href":"https:\/\/api.w.org\/{rel}","templated":true}]}}