{"id":23899305,"date":"2017-09-27T11:22:11","date_gmt":"2017-09-27T11:22:11","guid":{"rendered":"https:\/\/www.upo.es\/diario\/?p=23899305"},"modified":"2020-10-27T14:22:46","modified_gmt":"2020-10-27T13:22:46","slug":"el-area-de-historia-medieval-y-el-ceira-de-la-upo-organizan-el-congreso-la-ciudad-que-construyen-las-mujeres","status":"publish","type":"post","link":"https:\/\/www.upo.es\/diario\/institucional\/2017\/09\/el-area-de-historia-medieval-y-el-ceira-de-la-upo-organizan-el-congreso-la-ciudad-que-construyen-las-mujeres\/","title":{"rendered":"El \u00c1rea de Historia Medieval y el CEIRA de la UPO organizan el congreso \u201cLa ciudad que construyen las mujeres\u201d"},"content":{"rendered":"<p><span style=\"text-decoration: underline;\"><a href=\"https:\/\/www.upo.es\/diario\/wp-content\/uploads\/2017\/09\/congre_CiudadMujeres.jpg\"><img loading=\"lazy\" decoding=\"async\" class=\"alignright size-medium wp-image-23899306\" alt=\"congre_CiudadMujeres\" src=\"https:\/\/www.upo.es\/diario\/wp-content\/uploads\/2017\/09\/congre_CiudadMujeres-150x320.jpg\" width=\"150\" height=\"320\" \/><\/a>El <b>\u00c1rea de Historia Medieval<\/b> del Departamento de Geograf\u00eda, Historia y Filosof\u00eda, y el <b>Centro de Estudios e Investigaci\u00f3n de la Religiosidad Andaluza<\/b> (CEIRA) de la Universidad Pablo de Olavide organizan la reuni\u00f3n cient\u00edfica \u201c<b>Construir la memoria de la ciudad: Espacios, poderes e identidades en la Edad Media (XII-XV). La ciudad que construyen las mujeres<\/b>\u201d.<\/span> Este congreso internacional se desarrollar\u00e1 en dos sesiones: el jueves 28 de septiembre en la Sala de Grados del edificio 6 del campus de la UPO y el viernes 29 en la Sala Calder\u00f3n Quijano de la Escuela de Estudios Hispanoamericanos (C\/ Alfonso XII).<\/p>\n<p>La inauguraci\u00f3n estar\u00e1 a cargo de <b>Jos\u00e9 S\u00e1nchez Herrero<\/b>, catedr\u00e1tico de Historia Medieval de la Universidad de Sevilla, licenciado en Filosof\u00eda por la Universidad Pontificia de Salamanca, en Teolog\u00eda por la Universidad Gregoriana de Roma, en Filosof\u00eda y Letras por la Universidad Central de Madrid y doctor en Historia por la Universidad de La Laguna. S\u00e1nchez Herrero ha creado una escuela de medievalistas a trav\u00e9s de su docencia en clase, la direcci\u00f3n de tesis y la fundaci\u00f3n del Grupo CEIRA.<\/p>\n<p>Posteriormente, se suceder\u00e1n las ponencias de los representantes de otras entidades que tambi\u00e9n participan en la reuni\u00f3n cient\u00edfica como la Universidad de Oviedo, la Universidad de Le\u00f3n, la Universidade do Minho, la Universidad K\u00e1roli G\u00e1sp\u00e1r (Hungr\u00eda) y la Universit\u00e0 de Siena (Italia). En ellas se abordar\u00e1n temas como la mujer en la Edad Media, la familia del clero, los trabajos destinados a f\u00e9minas, religiosidad femenina, las mujeres en las cofrad\u00edas, las fundaciones religiosas femeninas o las mujeres de las colonias de extranjeros.<\/p>\n<p>Por parte de la Universidad Pablo de Olavide participar\u00e1n <b>Jos\u00e9 Mar\u00eda Miura Andrades<\/b>, director del Departamento de Geograf\u00eda, Historia y Filosof\u00eda y del Grupo CEIRA; <b>Silvia P\u00e9rez G\u00f3nzalez<\/b>, profesora del \u00c1rea de Historia Medieval; y <b>Juan Carlos Arboleda<\/b>, <b>David Granado Hermos\u00edn<\/b> y <b>Jos\u00e9 Antonio Mingorance Ruiz<\/b> del mismo departamento.<\/p>\n<p>El Centro de Estudios e Investigaci\u00f3n de la Religiosidad Andaluza (CEIRA HUM-686) es un Grupo de Investigaci\u00f3n financiado por el Plan Andaluz de Investigaci\u00f3n y radicado en la Universidad Pablo de Olavide. Sus l\u00edneas de investigaci\u00f3n se centran en favorecer el conocimiento sobre la Historia de la Religiosidad Andaluza y fomentar la preservaci\u00f3n, puesta en valor y difusi\u00f3n del patrimonio documental y religioso andaluz.<\/p>\n","protected":false},"excerpt":{"rendered":"<p>El \u00c1rea de Historia Medieval del Departamento de Geograf\u00eda, Historia y Filosof\u00eda, y el Centro de Estudios e Investigaci\u00f3n de la Religiosidad Andaluza (CEIRA) de la Universidad Pablo de Olavide organizan la reuni\u00f3n cient\u00edfica \u201cConstruir la memoria de la ciudad: Espacios, poderes e identidades en la Edad Media (XII-XV). La ciudad que construyen las mujeres\u201d. Este congreso internacional se desarrollar\u00e1 en dos sesiones: el jueves 28 de septiembre en la Sala de Grados del edificio 6 del campus de la UPO y el viernes 29 en la Sala Calder\u00f3n Quijano de la Escuela de Estudios Hispanoamericanos.<\/p>\n","protected":false},"author":14,"featured_media":0,"comment_status":"closed","ping_status":"open","sticky":false,"template":"","format":"standard","meta":{"_monsterinsights_skip_tracking":false,"_monsterinsights_sitenote_active":false,"_monsterinsights_sitenote_note":"","_monsterinsights_sitenote_category":0,"footnotes":""},"categories":[6],"tags":[4405,354,1113,1083,1053,2826],"class_list":["post-23899305","post","type-post","status-publish","format-standard","hentry","category-institucional","tag-ceira","tag-congreso","tag-eeha","tag-historia-medieval","tag-mujeres","tag-reunion-cientifica"],"_links":{"self":[{"href":"https:\/\/www.upo.es\/diario\/wp-json\/wp\/v2\/posts\/23899305","targetHints":{"allow":["GET"]}}],"collection":[{"href":"https:\/\/www.upo.es\/diario\/wp-json\/wp\/v2\/posts"}],"about":[{"href":"https:\/\/www.upo.es\/diario\/wp-json\/wp\/v2\/types\/post"}],"author":[{"embeddable":true,"href":"https:\/\/www.upo.es\/diario\/wp-json\/wp\/v2\/users\/14"}],"replies":[{"embeddable":true,"href":"https:\/\/www.upo.es\/diario\/wp-json\/wp\/v2\/comments?post=23899305"}],"version-history":[{"count":2,"href":"https:\/\/www.upo.es\/diario\/wp-json\/wp\/v2\/posts\/23899305\/revisions"}],"predecessor-version":[{"id":30862271,"href":"https:\/\/www.upo.es\/diario\/wp-json\/wp\/v2\/posts\/23899305\/revisions\/30862271"}],"wp:attachment":[{"href":"https:\/\/www.upo.es\/diario\/wp-json\/wp\/v2\/media?parent=23899305"}],"wp:term":[{"taxonomy":"category","embeddable":true,"href":"https:\/\/www.upo.es\/diario\/wp-json\/wp\/v2\/categories?post=23899305"},{"taxonomy":"post_tag","embeddable":true,"href":"https:\/\/www.upo.es\/diario\/wp-json\/wp\/v2\/tags?post=23899305"}],"curies":[{"name":"wp","href":"https:\/\/api.w.org\/{rel}","templated":true}]}}