{"id":23953781,"date":"2017-09-29T12:58:51","date_gmt":"2017-09-29T12:58:51","guid":{"rendered":"https:\/\/www.upo.es\/diario\/?p=23953781"},"modified":"2017-10-02T06:43:01","modified_gmt":"2017-10-02T06:43:01","slug":"la-upo-pone-en-marcha-la-primera-edicion-del-master-en-analisis-bioinformatico-avanzado","status":"publish","type":"post","link":"https:\/\/www.upo.es\/diario\/docencia-formacion\/2017\/09\/la-upo-pone-en-marcha-la-primera-edicion-del-master-en-analisis-bioinformatico-avanzado\/","title":{"rendered":"La UPO pone en marcha la primera edici\u00f3n del M\u00e1ster en An\u00e1lisis Bioinform\u00e1tico Avanzado"},"content":{"rendered":"<figure id=\"attachment_23953784\" aria-describedby=\"caption-attachment-23953784\" style=\"width: 320px\" class=\"wp-caption alignright\"><img loading=\"lazy\" decoding=\"async\" class=\"size-medium wp-image-23953784\" alt=\"Mapa de genoma circular Imagen: MARTIN KRZYWINSKI \/ SCIENCE PHOTO LIBRARY \/ Universal Images Group\" src=\"https:\/\/www.upo.es\/diario\/wp-content\/uploads\/2017\/09\/132_1243658-320x320.jpg\" width=\"320\" height=\"320\" srcset=\"https:\/\/www.upo.es\/diario\/wp-content\/uploads\/2017\/09\/132_1243658-320x320.jpg 320w, https:\/\/www.upo.es\/diario\/wp-content\/uploads\/2017\/09\/132_1243658-150x150.jpg 150w, https:\/\/www.upo.es\/diario\/wp-content\/uploads\/2017\/09\/132_1243658-600x600.jpg 600w, https:\/\/www.upo.es\/diario\/wp-content\/uploads\/2017\/09\/132_1243658.jpg 800w\" sizes=\"auto, (max-width: 320px) 100vw, 320px\" \/><figcaption id=\"caption-attachment-23953784\" class=\"wp-caption-text\">Mapa de genoma circular. MARTIN KRZYWINSKI \/ SCIENCE PHOTO LIBRARY \/ Universal Images G.<\/figcaption><\/figure>\n<p>La Universidad Pablo de Olavide pone en marcha por primera vez el<strong> M\u00e1ster en An\u00e1lisis Bioinform\u00e1tico Avanzado<\/strong>, un t\u00edtulo propio gestionado por la Fundaci\u00f3n de la universidad, que responde a las necesidades del mercado laboral. De hecho, la creciente demanda de expertos en el \u00e1mbito de la bioinform\u00e1tica ha convertido a estos estudios en una especializaci\u00f3n con una tasa de inserci\u00f3n laboral muy elevada. \u201cLa especializaci\u00f3n en bioinform\u00e1tica es muy demandada en la actualidad en los laboratorios de todo el mundo y son pocos investigadores aun los que pueden proporcionar este plus en sus respectivos grupos de investigaci\u00f3n\u201d, tal y como afirma Antonio J. P\u00e9rez Pulido, director del m\u00e1ster.<\/p>\n<p><strong>En los \u00faltimos a\u00f1os, el an\u00e1lisis bioinform\u00e1tico est\u00e1 adquiriendo dimensiones propias dentro de un campo, el de la investigaci\u00f3n en ciencia, en el que este trabajo estaba siendo realizado hasta ahora por parte de bi\u00f3logos e inform\u00e1ticos<\/strong> sin una formaci\u00f3n integrativa. Ahora, un nuevo perfil profesional surge de la miscel\u00e1nea de ambas \u00e1reas, ya que como afirma P\u00e9rez Pulido \u201cse hace necesaria una especializaci\u00f3n m\u00e1s integrada en la que los estudiantes de bioinform\u00e1tica aprendan las bases de ambas ciencias desde abajo, siendo competentes tanto en algoritmia y programaci\u00f3n, como en la comprensi\u00f3n de las bases moleculares de la biolog\u00eda\u201d.<\/p>\n<p>La incorporaci\u00f3n de estos nuevos profesionales a los laboratorios ha permitido no solo un mejor tratamiento de los datos biol\u00f3gicos que se generan en masa, tambi\u00e9n seg\u00fan indica su director ha supuesto \u201cun avance en la obtenci\u00f3n de resultados y en la complejidad de los objetivos que pueden plantearse, en paralelo al an\u00e1lisis computacional de datos, que van desde el an\u00e1lisis de mutaciones, hasta la caracterizaci\u00f3n de nuevos genomas o la comparaci\u00f3n de variantes de los mismos\u201d.<\/p>\n<p>El Diploma de Especializaci\u00f3n que precede a este m\u00e1ster ha justificado la necesidad de formar a profesionales en este \u00e1mbito, exigiendo incluso una especializaci\u00f3n mucho mayor. \u201cUno de los mayores objetivos de este nuevo m\u00e1ster es permitir a los estudiantes embarcarse en proyectos bioinform\u00e1ticos reales\u201d, ya que para el director, las pr\u00e1cticas de estos alumnos en organismos como el Centro Nacional de Supercomputaci\u00f3n de Barcelona, el Centro de Investigaci\u00f3n del C\u00e1ncer de Salamanca o el Instutito de Biomedicina de Sevilla aportar\u00e1n nuevas habilidades al alumnado.<\/p>\n<p>El Diploma de Especializaci\u00f3n, en el que se han titulado en los \u00faltimos dos cursos m\u00e1s de cien alumnos, comenzar\u00e1 este a\u00f1o con sesenta nuevos alumnos y supondr\u00e1n la puerta de entrada al m\u00e1ster en el que este a\u00f1o estudiar\u00e1n veinte egresados de las dos primeras ediciones del diploma. \u201cSe ha limitado el acceso al m\u00e1ster a veinte estudiantes, los cuales van a ser seleccionados por el aprovechamiento y rendimiento anterior en el diploma\u201d afirma P\u00e9rez Pulido.<\/p>\n<p>Se trata de unos T\u00edtulos Propios que se imparten de forma online y que dar\u00e1n comienzo en las primeras semanas de octubre, el d\u00eda 2 el m\u00e1ster y el d\u00eda 9 el diploma, proporcionando a sus alumnos las herramientas necesarias para queadquieran una formaci\u00f3n espec\u00edfica en t\u00e9cnicas como el <i>big data<\/i> o el <i>machine learning,<\/i> que tratan de sacar todo el partido a la gran cantidad de datos biol\u00f3gicos que existen en la actualidad.<\/p>\n<p>Entre los m\u00f3dulos que se imparten en este t\u00edtulo de m\u00e1ster se encuentran: Bases y fundamentos de la Bioinform\u00e1tica, An\u00e1lisis de datos biol\u00f3gicos a gran escala y Bioinform\u00e1tica Avanzada. Tres m\u00f3dulos y m\u00e1s de trece asignaturas con las que los alumnos se especializar\u00e1n en Bioinform\u00e1tica a lo largo del a\u00f1o, hasta finalizar en octubre de 2018.<\/p>\n<p>M\u00e1s informaci\u00f3n en: <a href=\"http:\/\/www.upo.es\/postgrado\/Master-Analisis-Bioinformatico-Avanzado?opcion=\">M\u00e1ster en An\u00e1lisis Bioinform\u00e1tico Avanzado<\/a><\/p>\n","protected":false},"excerpt":{"rendered":"<p>La Universidad Pablo de Olavide pone en marcha por primera vez el M\u00e1ster en An\u00e1lisis Bioinform\u00e1tico Avanzado, un t\u00edtulo propio gestionado por la Fundaci\u00f3n de la universidad, que responde a las necesidades del mercado laboral. De hecho, la creciente demanda de expertos en el \u00e1mbito de la bioinform\u00e1tica ha convertido a estos estudios en una especializaci\u00f3n con una tasa de inserci\u00f3n laboral muy elevada. \u201cLa especializaci\u00f3n en bioinform\u00e1tica es muy demandada en los laboratorios y son pocos investigadores a\u00fan los que pueden proporcionar este plus en sus grupos de investigaci\u00f3n\u201d, afirma Antonio J. P\u00e9rez Pulido, director del m\u00e1ster. <\/p>\n","protected":false},"author":6,"featured_media":0,"comment_status":"closed","ping_status":"open","sticky":false,"template":"","format":"standard","meta":{"_monsterinsights_skip_tracking":false,"_monsterinsights_sitenote_active":false,"_monsterinsights_sitenote_note":"","_monsterinsights_sitenote_category":0,"footnotes":""},"categories":[2779],"tags":[246,609,2474,392,118,166],"class_list":["post-23953781","post","type-post","status-publish","format-standard","hentry","category-docencia-formacion","tag-biologia","tag-especializacion","tag-fundacion-universidad-pablo-de-olavide","tag-informatica","tag-master","tag-titulo-propio"],"_links":{"self":[{"href":"https:\/\/www.upo.es\/diario\/wp-json\/wp\/v2\/posts\/23953781","targetHints":{"allow":["GET"]}}],"collection":[{"href":"https:\/\/www.upo.es\/diario\/wp-json\/wp\/v2\/posts"}],"about":[{"href":"https:\/\/www.upo.es\/diario\/wp-json\/wp\/v2\/types\/post"}],"author":[{"embeddable":true,"href":"https:\/\/www.upo.es\/diario\/wp-json\/wp\/v2\/users\/6"}],"replies":[{"embeddable":true,"href":"https:\/\/www.upo.es\/diario\/wp-json\/wp\/v2\/comments?post=23953781"}],"version-history":[{"count":4,"href":"https:\/\/www.upo.es\/diario\/wp-json\/wp\/v2\/posts\/23953781\/revisions"}],"predecessor-version":[{"id":23953786,"href":"https:\/\/www.upo.es\/diario\/wp-json\/wp\/v2\/posts\/23953781\/revisions\/23953786"}],"wp:attachment":[{"href":"https:\/\/www.upo.es\/diario\/wp-json\/wp\/v2\/media?parent=23953781"}],"wp:term":[{"taxonomy":"category","embeddable":true,"href":"https:\/\/www.upo.es\/diario\/wp-json\/wp\/v2\/categories?post=23953781"},{"taxonomy":"post_tag","embeddable":true,"href":"https:\/\/www.upo.es\/diario\/wp-json\/wp\/v2\/tags?post=23953781"}],"curies":[{"name":"wp","href":"https:\/\/api.w.org\/{rel}","templated":true}]}}