{"id":23962714,"date":"2017-09-29T21:29:14","date_gmt":"2017-09-29T21:29:14","guid":{"rendered":"https:\/\/www.upo.es\/diario\/?p=23962714"},"modified":"2017-10-03T07:09:53","modified_gmt":"2017-10-03T07:09:53","slug":"la-ciencia-sale-a-las-calles-de-sevilla-con-la-noche-europea-de-los-investigadores","status":"publish","type":"post","link":"https:\/\/www.upo.es\/diario\/ciencia\/2017\/09\/la-ciencia-sale-a-las-calles-de-sevilla-con-la-noche-europea-de-los-investigadores\/","title":{"rendered":"La ciencia sale a las calles de Sevilla con la Noche Europea de los Investigadores"},"content":{"rendered":"<figure id=\"attachment_23962715\" aria-describedby=\"caption-attachment-23962715\" style=\"width: 600px\" class=\"wp-caption aligncenter\"><a href=\"https:\/\/www.upo.es\/diario\/wp-content\/uploads\/2017\/09\/IMG_1655.jpg\"><img loading=\"lazy\" decoding=\"async\" class=\"size-large wp-image-23962715\" alt=\"Ha habido microencuentros, talleres, espect\u00e1culos, conciertos, exposiciones y demostraciones relacionadas con todas las \u00e1reas del conocimiento. \" src=\"https:\/\/www.upo.es\/diario\/wp-content\/uploads\/2017\/09\/IMG_1655-600x400.jpg\" width=\"600\" height=\"400\" srcset=\"https:\/\/www.upo.es\/diario\/wp-content\/uploads\/2017\/09\/IMG_1655-600x400.jpg 600w, https:\/\/www.upo.es\/diario\/wp-content\/uploads\/2017\/09\/IMG_1655-320x213.jpg 320w\" sizes=\"auto, (max-width: 600px) 100vw, 600px\" \/><\/a><figcaption id=\"caption-attachment-23962715\" class=\"wp-caption-text\">Ha habido microencuentros, talleres, espect\u00e1culos, conciertos, exposiciones y demostraciones relacionadas con todas las \u00e1reas del conocimiento.<\/figcaption><\/figure>\n<p>Doscientos cuarenta investigadores, doctorandos y estudiantes universitarios sevillanos se han unido a miles de profesionales de investigaci\u00f3n de todo el continente en la <strong>Noche Europea de l@s Investigador@s<\/strong>. Con el eslogan de <strong>\u201cMujeres y hombres que hacen ciencia para ti\u201d<\/strong> y bajo la coordinaci\u00f3n de la Fundaci\u00f3n Descubre, Sevilla se ha unido por sexto a\u00f1o consecutivo a las m\u00e1s de 250 ciudades europeas que participan en este evento de divulgaci\u00f3n cient\u00edfica promovido por la Comisi\u00f3n Europea dentro de las acciones Marie Sktodowska-Curie del programa Horizonte 2020.<\/p>\n<figure id=\"attachment_23962716\" aria-describedby=\"caption-attachment-23962716\" style=\"width: 320px\" class=\"wp-caption alignright\"><a href=\"https:\/\/www.upo.es\/diario\/wp-content\/uploads\/2017\/09\/IMG_1561.jpg\"><img loading=\"lazy\" decoding=\"async\" class=\"size-medium wp-image-23962716\" alt=\"La cita se ha desarrollado en la Plaza Nueva y el CICUS\" src=\"https:\/\/www.upo.es\/diario\/wp-content\/uploads\/2017\/09\/IMG_1561-320x213.jpg\" width=\"320\" height=\"213\" srcset=\"https:\/\/www.upo.es\/diario\/wp-content\/uploads\/2017\/09\/IMG_1561-320x213.jpg 320w, https:\/\/www.upo.es\/diario\/wp-content\/uploads\/2017\/09\/IMG_1561-600x399.jpg 600w\" sizes=\"auto, (max-width: 320px) 100vw, 320px\" \/><\/a><figcaption id=\"caption-attachment-23962716\" class=\"wp-caption-text\">La cita se ha desarrollado en la Plaza Nueva y el CICUS<\/figcaption><\/figure>\n<p><strong>La cita se ha desarrollado en dos espacios: la Plaza Nueva y el Centro de Iniciativas Culturales de la Universidad de Sevilla (CICUS)<\/strong>, que han albergado una programaci\u00f3n conjunta dise\u00f1ada por la Universidad Pablo de Olavide (UPO), la Universidad de Sevilla (US) y el Consejo Superior de Investigaciones Cient\u00edficas (CSIC), con la colaboraci\u00f3n del Servicio de Salud del Ayuntamiento de Sevilla y del Centro Com\u00fan de Investigaci\u00f3n (JRC en sus siglas en ingl\u00e9s \u2013Joint Research Centre), el servicio cient\u00edfico de la Comisi\u00f3n Europea.<\/p>\n<p>Los organizadores estiman que m\u00e1s de 10.000 personas han participado en alguno de los eventos de esta nueva edici\u00f3n de la Noche Europea de l@s Investigador@s. Han sido alrededor de 60 actividades, entre las que ha habido microencuentros, talleres, espect\u00e1culos, conciertos, exposiciones y demostraciones relacionadas con todas las \u00e1reas del conocimiento. De forma paralela se han realizado visitas guiadas por especialistas en Historia y Arte a espacios culturales y urbanos emblem\u00e1ticos, como el Museo de Bellas Artes o el Parque Mar\u00eda Luisa. La programaci\u00f3n completa puede consultarse en la p\u00e1gina web (<a href=\"https:\/\/lanochedelosinvestigadores.fundaciondescubre.es\/\">https:\/\/lanochedelosinvestigadores.fundaciondescubre.es<\/a>).<\/p>\n<p>Entre las carpas situadas en la Plaza Nueva, la denominada Corner Europeo se ha dedicado especialmente a los proyectos de investigaci\u00f3n financiados por los diferentes programas de la Comisi\u00f3n Europea. Adem\u00e1s, en los diferentes expositores, se han abordado de la mano de investigadores de US, UPO y CSIC temas tan diversos como por qu\u00e9 no hay canguros en Europa, los efectos del placebo o los sensores \u00f3pticos de gases y su particular forma de \u201cver el olor\u201d, entre otros.<\/p>\n<p>Arte y ciencia tambi\u00e9n han convivido en esta cita. El teatro, la m\u00fasica y su relaci\u00f3n con la ciencia han tenido gran protagonismo entre la oferta de actividades programadas en el CICUS. Un equipo del CSIC, con la colaboraci\u00f3n de peque\u00f1os alumnos de los conservatorios de m\u00fasica de Triana y Mairena del Aljarafe, ha presentado su \u201corquesta epigen\u00e9tica\u201d. Por su parte, el Teatro Grecolatino de la Facultad de Humanidades de la UPO, bajo la direcci\u00f3n de investigadoras de las \u00c1reas de Filolog\u00eda Latina y Lengua Espa\u00f1ola, ha ofrecido una representaci\u00f3n de la obra \u2018Clitemnestra encadenada\u2019. Asimismo, desde la Facultad de F\u00edsica de la US se ha puesto en escena una obra de teatro sobre la vida del cient\u00edfico y navegante sevillano Antonio de Ulloa.<\/p>\n<p><a href=\"https:\/\/www.upo.es\/diario\/wp-content\/uploads\/2017\/07\/Cartel2017.jpg\"><img loading=\"lazy\" decoding=\"async\" class=\"alignright size-medium wp-image-22255029\" alt=\"Cartel2017\" src=\"https:\/\/www.upo.es\/diario\/wp-content\/uploads\/2017\/07\/Cartel2017-227x320.jpg\" width=\"227\" height=\"320\" srcset=\"https:\/\/www.upo.es\/diario\/wp-content\/uploads\/2017\/07\/Cartel2017-227x320.jpg 227w, https:\/\/www.upo.es\/diario\/wp-content\/uploads\/2017\/07\/Cartel2017-426x600.jpg 426w, https:\/\/www.upo.es\/diario\/wp-content\/uploads\/2017\/07\/Cartel2017-600x843.jpg 600w\" sizes=\"auto, (max-width: 227px) 100vw, 227px\" \/><\/a>El Ayuntamiento de Sevilla ha colaborado en el evento, a trav\u00e9s de su Servicio de Salud, con el Kid Corner, situado en la Plaza Nueva. En este espacio se han desarrollado diferentes talleres destinados a ni\u00f1os de entre 4 y 12 a\u00f1os, como \u2018Emoci\u00f3nate con los sentidos\u2019, destinado a hacer conscientes a los peque\u00f1os de sus sentidos y a percibir las emociones, para poder gestionarlas adecuadamente. El taller de arte y creatividad con mandalas se ha propuesto fomentar la atenci\u00f3n y concentraci\u00f3n a trav\u00e9s de una actividad placentera como es el dibujo, favoreciendo fortalezas personales como la creatividad e imaginaci\u00f3n de los ni\u00f1os y ni\u00f1as, y ayudando a desarrollar otras habilidades como la paciencia y la perseverancia trabajando conceptos geom\u00e9tricos. Por \u00faltimo, el taller Saludifrutate con Colores ha pretendido fomentar el consumo de fruta, as\u00ed como analizar el consumo propio de frutas de los menores e intentar introducir peque\u00f1os cambios en sus h\u00e1bitos para consumir frutas de forma variada.<\/p>\n<p>La sede en Sevilla del Centro Com\u00fan de Investigaci\u00f3n, \u00fanica sede en Espa\u00f1a y una de las cinco que el JRC tiene en toda Europa, tambi\u00e9n ha estado presente en los actos de la Plaza Nueva con carpa propia. Economistas, psic\u00f3logos e ingenieros del servicio cient\u00edfico de la Comisi\u00f3n Europea han hablado de su trabajo en competencias digitales, innovaci\u00f3n territorial, pol\u00edtica agraria o consumo sostenible, y de c\u00f3mo su labor cient\u00edfica realizada desde Sevilla informa y sustenta las pol\u00edticas europeas.<\/p>\n<p>La Fundaci\u00f3n La Caixa ha instalado en la Plaza Nueva el espacio expositivo de experimentaci\u00f3n sobre la percepci\u00f3n \u00f3ptica \u201cLa habitaci\u00f3n de Ames\u201d. Por su parte, la US ha invitado a los asistentes a visitar la exposici\u00f3n \u201cCient\u00edficas: pasado, presente y futuro\u201d.<\/p>\n<p>Como broche final, el \u00c1rea de Sociolog\u00eda de la UPO ha ofrecido el espect\u00e1culo de cierre \u201cEl sonido de la ciencia: m\u00fasica a pie de calle\u201d. Adem\u00e1s, justo antes de terminar la jornada, sobre las 00.00 horas, la empresa educativa Engranajes Ciencia ha sorteado un bono-regalo de cinco experiencias de divulgaci\u00f3n cient\u00edfica para dos personas.<\/p>\n<p>&nbsp;<\/p>\n","protected":false},"excerpt":{"rendered":"<p>Doscientos cuarenta investigadores, doctorandos y estudiantes universitarios sevillanos se han unido a miles de profesionales de investigaci\u00f3n de todo el continente en la Noche Europea de l@s Investigador@s. Con el eslogan de \u201cMujeres y hombres que hacen ciencia para ti\u201d y bajo la coordinaci\u00f3n de la Fundaci\u00f3n Descubre, Sevilla se ha unido por sexto a\u00f1o consecutivo a las m\u00e1s de 250 ciudades europeas que participan en este evento de divulgaci\u00f3n cient\u00edfica promovido por la Comisi\u00f3n Europea .<\/p>\n","protected":false},"author":6,"featured_media":0,"comment_status":"closed","ping_status":"open","sticky":false,"template":"","format":"standard","meta":{"_monsterinsights_skip_tracking":false,"_monsterinsights_sitenote_active":false,"_monsterinsights_sitenote_note":"","_monsterinsights_sitenote_category":0,"footnotes":""},"categories":[3],"tags":[],"class_list":["post-23962714","post","type-post","status-publish","format-standard","hentry","category-ciencia"],"_links":{"self":[{"href":"https:\/\/www.upo.es\/diario\/wp-json\/wp\/v2\/posts\/23962714","targetHints":{"allow":["GET"]}}],"collection":[{"href":"https:\/\/www.upo.es\/diario\/wp-json\/wp\/v2\/posts"}],"about":[{"href":"https:\/\/www.upo.es\/diario\/wp-json\/wp\/v2\/types\/post"}],"author":[{"embeddable":true,"href":"https:\/\/www.upo.es\/diario\/wp-json\/wp\/v2\/users\/6"}],"replies":[{"embeddable":true,"href":"https:\/\/www.upo.es\/diario\/wp-json\/wp\/v2\/comments?post=23962714"}],"version-history":[{"count":3,"href":"https:\/\/www.upo.es\/diario\/wp-json\/wp\/v2\/posts\/23962714\/revisions"}],"predecessor-version":[{"id":24052249,"href":"https:\/\/www.upo.es\/diario\/wp-json\/wp\/v2\/posts\/23962714\/revisions\/24052249"}],"wp:attachment":[{"href":"https:\/\/www.upo.es\/diario\/wp-json\/wp\/v2\/media?parent=23962714"}],"wp:term":[{"taxonomy":"category","embeddable":true,"href":"https:\/\/www.upo.es\/diario\/wp-json\/wp\/v2\/categories?post=23962714"},{"taxonomy":"post_tag","embeddable":true,"href":"https:\/\/www.upo.es\/diario\/wp-json\/wp\/v2\/tags?post=23962714"}],"curies":[{"name":"wp","href":"https:\/\/api.w.org\/{rel}","templated":true}]}}