{"id":24031504,"date":"2017-10-02T12:34:32","date_gmt":"2017-10-02T12:34:32","guid":{"rendered":"https:\/\/www.upo.es\/diario\/?p=24031504"},"modified":"2020-10-27T14:22:40","modified_gmt":"2020-10-27T13:22:40","slug":"el-rector-de-la-upo-firma-el-manifiesto-en-favor-de-la-ley-de-regularizacion-de-la-profesion-de-educacion-social","status":"publish","type":"post","link":"https:\/\/www.upo.es\/diario\/institucional\/2017\/10\/el-rector-de-la-upo-firma-el-manifiesto-en-favor-de-la-ley-de-regularizacion-de-la-profesion-de-educacion-social\/","title":{"rendered":"El rector de la UPO firma el manifiesto en favor de la ley de regularizaci\u00f3n de la profesi\u00f3n de Educaci\u00f3n Social"},"content":{"rendered":"<figure id=\"attachment_24031506\" aria-describedby=\"caption-attachment-24031506\" style=\"width: 320px\" class=\"wp-caption alignright\"><a href=\"https:\/\/www.upo.es\/diario\/wp-content\/uploads\/2017\/10\/UPO-Ley-Prof-EdSocial_20171002.jpg\"><img loading=\"lazy\" decoding=\"async\" class=\"size-medium wp-image-24031506\" alt=\"Vicente Guzm\u00e1n y Jos\u00e9 Ram\u00f3n Gonz\u00e1lez de Rueda\" src=\"https:\/\/www.upo.es\/diario\/wp-content\/uploads\/2017\/10\/UPO-Ley-Prof-EdSocial_20171002-320x213.jpg\" width=\"320\" height=\"213\" \/><\/a><figcaption id=\"caption-attachment-24031506\" class=\"wp-caption-text\">Vicente Guzm\u00e1n y Jos\u00e9 Ram\u00f3n Gonz\u00e1lez de Rueda<\/figcaption><\/figure>\n<p><span style=\"text-decoration: underline;\">El rector de la Universidad Pablo de Olavide, <b>Vicente Guzm\u00e1n Fluja<\/b>, ha firmado hoy en la Sala de Prensa del Rectorado el <b>Manifiesto de Derecho de Petici\u00f3n en relaci\u00f3n a la creaci\u00f3n de una ley de regularizaci\u00f3n de la profesi\u00f3n de Educaci\u00f3n Social<\/b>, que ya suscribi\u00f3 el decanato de la Facultad de Ciencias Sociales de esta universidad el pasado mes de marzo. El acto tambi\u00e9n ha contado con la presencia de <b>Jos\u00e9 Ram\u00f3n Gonz\u00e1lez de Rueda Ruiz<\/b>, presidente del Colegio Profesional de Educadoras y Educadores Sociales de Andaluc\u00eda, y <b>Rosa Mar\u00eda D\u00edaz Jim\u00e9nez<\/b>, decana de la Facultad de Ciencias Sociales.<\/span><\/p>\n<p>Aunque el reconocimiento acad\u00e9mico y formativo de la Educaci\u00f3n Social se articul\u00f3 a partir de la aprobaci\u00f3n en el a\u00f1o 1991 del Real Decreto 1420\/1991, de fecha 30 de agosto, y la figura del educador o educadora social existe tanto en la empresa privada como en la administraci\u00f3n p\u00fablica, la falta de regularizaci\u00f3n de la profesi\u00f3n hace que no est\u00e9n claros los l\u00edmites y el alcance de la misma, produci\u00e9ndose <span style=\"text-decoration: underline;\">intrusismo profesional y desconocimiento en los procesos de selecci\u00f3n<\/span>, as\u00ed como en sus funciones asignadas. La propuesta que hace el manifiesto es adecuar la denominaci\u00f3n de educador o educadora social a los cargos ocupados, con los requisitos necesarios para el acceso en funci\u00f3n de la titulaci\u00f3n y la elaboraci\u00f3n de planes de desarrollo de sus acciones.<\/p>\n<p>El rector de la UPO ha se\u00f1alado que no solo firma \u201ccomo representante de una instituci\u00f3n sino en nombre de un conjunto de personas preocupadas por el ejercicio de la profesi\u00f3n de Educaci\u00f3n Social. Es una obligaci\u00f3n y, en este caso, tambi\u00e9n una devoci\u00f3n por el cari\u00f1o mutuo y la cooperaci\u00f3n que existe y seguir\u00e1 existiendo con los colegios profesionales de Educaci\u00f3n Social\u201d. Vicente Guzm\u00e1n ha destacado la relevancia del momento en que se pide un marco legal para esta \u201cprofesi\u00f3n fundamental que toca los problemas de la sociedad actual\u201d.<\/p>\n<p>Jos\u00e9 Ram\u00f3n Gonz\u00e1lez de Rueda ha querido destacar en su intervenci\u00f3n que Vicente Guzm\u00e1n es el primer rector en adherirse a esta iniciativa, lo que \u201csupone un hecho muy importante para nosotros en nuestro camino hacia el Parlamento. Esta petici\u00f3n reclama una ley que garantice a la ciudadan\u00eda el derecho a una Educaci\u00f3n Social con las mayores garant\u00edas\u201d.<\/p>\n<p>Seg\u00fan se hace constar en el manifiesto, la consciencia de responsabilidad p\u00fablica frente a los problemas de convivencia, el surgimiento de nuevas modalidades de exclusi\u00f3n y marginaci\u00f3n social y el reparto de los bienes de forma m\u00e1s equitativa son algunos de los factores que explican y justifican la relevancia social que ha adquirido la Educaci\u00f3n Social en las \u00faltimas d\u00e9cadas. De hecho, la demanda y oferta de tareas socioeducativas se ha multiplicado de manera que se han ido abriendo nuevos espacios sociales para atender necesidades educativas. El documento se refiere a la Educaci\u00f3n Social como un derecho de la ciudadan\u00eda al servicio de los valores fundamentales de un Estado de Derecho: igualdad, justicia social y consciencia democr\u00e1tica. \u201c<i>La Educaci\u00f3n Social es una profesi\u00f3n de car\u00e1cter pedag\u00f3gico, generadora de contextos educativos y acciones mediadoras y formativas<\/i>\u201d, que se desarrolla en \u00e1mbitos de intervenci\u00f3n como: adicciones; diversidad funcional; educaci\u00f3n ambiental; orientaci\u00f3n familiar; igualdad de g\u00e9nero; infancia y juventud; salud mental; educaci\u00f3n de personas adultas; migraciones, solidaridad y cooperaci\u00f3n internacional; instituciones penitenciarias; prevenci\u00f3n de la dependencia; o mediaci\u00f3n.<\/p>\n<p><b>D\u00cdA INTERNACIONAL DE LA EDUCACI\u00d3N SOCIAL<\/b><\/p>\n<p>Bajo el lema \u201cEducaci\u00f3n Social \u2013 Compromiso con las personas\u201d, la Universidad Pablo de Olavide celebra, hoy lunes 2 y ma\u00f1ana martes 3 de octubre, el <b>D\u00eda Internacional de la Educaci\u00f3n Social<\/b> con diversas actividades. A la firma del manifiesto por parte del rector de la UPO, ma\u00f1ana martes desde las 12:00, seguir\u00e1 una mesa informativa de COPESA en el campus dirigida a estudiantes. Posteriormente, a las 12:30 horas, el educador social <b>Jos\u00e9 Luis G\u00e1mez<\/b> desarrollar\u00e1 el taller gratuito \u201cSonr\u00ede y s\u00e9 feliz. Risoterapia constructiva\u201d y ya por la tarde, a las 16:00 horas, se realizar\u00e1 un mural conmemorativo dinamizado por <b>Antonio Rinc\u00f3n<\/b>, educador social.<\/p>\n","protected":false},"excerpt":{"rendered":"<p>El rector de la Universidad Pablo de Olavide, Vicente Guzm\u00e1n Fluja, ha firmado el Manifiesto de Derecho de Petici\u00f3n en relaci\u00f3n a la creaci\u00f3n de una ley de regularizaci\u00f3n de la profesi\u00f3n de Educaci\u00f3n Social, que ya suscribi\u00f3 el decanato de la Facultad de Ciencias Sociales de esta universidad el pasado mes de marzo. El acto tambi\u00e9n ha contado con la presencia de Jos\u00e9 Ram\u00f3n Gonz\u00e1lez de Rueda Ruiz, presidente del Colegio Profesional de Educadoras y Educadores Sociales de Andaluc\u00eda, y Rosa Mar\u00eda D\u00edaz Jim\u00e9nez, decana de la Facultad de Ciencias Sociales.<\/p>\n","protected":false},"author":14,"featured_media":0,"comment_status":"closed","ping_status":"open","sticky":false,"template":"","format":"standard","meta":{"_monsterinsights_skip_tracking":false,"_monsterinsights_sitenote_active":false,"_monsterinsights_sitenote_note":"","_monsterinsights_sitenote_category":0,"footnotes":""},"categories":[6],"tags":[2808,628,4407,487,4406,461,38],"class_list":["post-24031504","post","type-post","status-publish","format-standard","hentry","category-institucional","tag-copesa","tag-educacion-social","tag-educadora-social","tag-facultad-ciencias-sociales","tag-intrusismo-profesional","tag-ley","tag-rector"],"_links":{"self":[{"href":"https:\/\/www.upo.es\/diario\/wp-json\/wp\/v2\/posts\/24031504","targetHints":{"allow":["GET"]}}],"collection":[{"href":"https:\/\/www.upo.es\/diario\/wp-json\/wp\/v2\/posts"}],"about":[{"href":"https:\/\/www.upo.es\/diario\/wp-json\/wp\/v2\/types\/post"}],"author":[{"embeddable":true,"href":"https:\/\/www.upo.es\/diario\/wp-json\/wp\/v2\/users\/14"}],"replies":[{"embeddable":true,"href":"https:\/\/www.upo.es\/diario\/wp-json\/wp\/v2\/comments?post=24031504"}],"version-history":[{"count":1,"href":"https:\/\/www.upo.es\/diario\/wp-json\/wp\/v2\/posts\/24031504\/revisions"}],"predecessor-version":[{"id":24058830,"href":"https:\/\/www.upo.es\/diario\/wp-json\/wp\/v2\/posts\/24031504\/revisions\/24058830"}],"wp:attachment":[{"href":"https:\/\/www.upo.es\/diario\/wp-json\/wp\/v2\/media?parent=24031504"}],"wp:term":[{"taxonomy":"category","embeddable":true,"href":"https:\/\/www.upo.es\/diario\/wp-json\/wp\/v2\/categories?post=24031504"},{"taxonomy":"post_tag","embeddable":true,"href":"https:\/\/www.upo.es\/diario\/wp-json\/wp\/v2\/tags?post=24031504"}],"curies":[{"name":"wp","href":"https:\/\/api.w.org\/{rel}","templated":true}]}}