{"id":24217532,"date":"2017-10-09T11:28:43","date_gmt":"2017-10-09T11:28:43","guid":{"rendered":"https:\/\/www.upo.es\/diario\/?p=24217532"},"modified":"2017-10-10T11:30:57","modified_gmt":"2017-10-10T11:30:57","slug":"arranca-en-la-upo-un-curso-de-formacion-para-la-busqueda-eficiente-de-empleo-para-estudiantes-con-discapacidad","status":"publish","type":"post","link":"https:\/\/www.upo.es\/diario\/institucional\/2017\/10\/arranca-en-la-upo-un-curso-de-formacion-para-la-busqueda-eficiente-de-empleo-para-estudiantes-con-discapacidad\/","title":{"rendered":"Arranca en la UPO un curso de formaci\u00f3n para la b\u00fasqueda eficiente de empleo para estudiantes con discapacidad"},"content":{"rendered":"<figure id=\"attachment_24217533\" aria-describedby=\"caption-attachment-24217533\" style=\"width: 600px\" class=\"wp-caption aligncenter\"><a href=\"https:\/\/www.upo.es\/diario\/wp-content\/uploads\/2017\/10\/coaching_once.jpg\"><img loading=\"lazy\" decoding=\"async\" class=\"size-large wp-image-24217533\" alt=\"En la imagen, la facilitadora del Instituto Ben Pensante Mar Ruiz junto a los estudiantes del curso. \" src=\"https:\/\/www.upo.es\/diario\/wp-content\/uploads\/2017\/10\/coaching_once-600x400.jpg\" width=\"600\" height=\"400\" srcset=\"https:\/\/www.upo.es\/diario\/wp-content\/uploads\/2017\/10\/coaching_once-600x400.jpg 600w, https:\/\/www.upo.es\/diario\/wp-content\/uploads\/2017\/10\/coaching_once-320x213.jpg 320w\" sizes=\"auto, (max-width: 600px) 100vw, 600px\" \/><\/a><figcaption id=\"caption-attachment-24217533\" class=\"wp-caption-text\">En la imagen, la facilitadora del Instituto Ben Pensante Mar Ruiz junto a los estudiantes del curso.<\/figcaption><\/figure>\n<p>La Universidad Pablo de Olavide ha puesto en marcha un curso de <b>formaci\u00f3n y coaching profesional para b\u00fasqueda eficiente de empleo destinada a universitarios con diversidad funcional<\/b>. Se trata de una iniciativa financiada por <a href=\"http:\/\/www.fundaciononce.es\/\">Fundaci\u00f3n ONCE<\/a> a trav\u00e9s del Fondo Social Europeo y con la colaboraci\u00f3n del <a href=\"http:\/\/benpensante.com\/\">Instituto Ben Pensante<\/a> y la UPO, a trav\u00e9s del Servicio de Atenci\u00f3n a la Diversidad Funcional del Vicerrectorado de Cultura y Compromiso Social.<\/p>\n<p>El objetivo general del programa es mejorar la empleabilidad de estos estudiantes a trav\u00e9s de un proceso de formaci\u00f3n y entrenamiento grupal utilizando t\u00e9cnicas de programaci\u00f3n neuroling\u00fc\u00edstica, inteligencia emocional y sesiones de coaching personales con cada participante. Se consigue con ello ampliar su autoconocimiento, competencias laborales, su potencial y sus t\u00e9cnicas de comunicaci\u00f3n en diversos medios como parte del proceso de b\u00fasqueda activa de empleo y finalmente mejorar fortalezas en entrevistas profesionales.<\/p>\n<p>Los 13 estudiantes que realizar\u00e1n esta formaci\u00f3n, desde hoy lunes 9 de octubre hasta el 7 de noviembre, obtendr\u00e1n las respuestas y las pistas necesarias para comenzar a dise\u00f1ar su trayectoria profesional de una manera optimista, eficiente y estructurada. Adem\u00e1s, conseguir\u00e1n recursos que ser\u00e1n \u00fatiles en cualquier b\u00fasqueda de empleo que se plantee en un futuro.<\/p>\n<p>El curso se estructura en 7 sesiones que ser\u00e1n impartidas por los facilitadores del Instituto Ben Pensante Mar Ruiz y Daniel \u00c1lvarez.<\/p>\n","protected":false},"excerpt":{"rendered":"<p>La Universidad Pablo de Olavide ha puesto en marcha un curso de formaci\u00f3n y coaching profesional para b\u00fasqueda eficiente de empleo destinada a universitarios con diversidad funcional. Se trata de una iniciativa financiada por Fundaci\u00f3n ONCE a trav\u00e9s del Fondo Social Europeo y con la colaboraci\u00f3n del Instituto Ben Pensante y la UPO, a trav\u00e9s del Servicio de Atenci\u00f3n a la Diversidad Funcional del Vicerrectorado de Cultura y Compromiso Social.<\/p>\n","protected":false},"author":2,"featured_media":0,"comment_status":"closed","ping_status":"open","sticky":false,"template":"","format":"standard","meta":{"_monsterinsights_skip_tracking":false,"_monsterinsights_sitenote_active":false,"_monsterinsights_sitenote_note":"","_monsterinsights_sitenote_category":0,"footnotes":""},"categories":[6],"tags":[2039,757,2355,509,2878,804,4427],"class_list":["post-24217532","post","type-post","status-publish","format-standard","hentry","category-institucional","tag-busqueda-de-empleo","tag-coaching","tag-diversidad-funcional","tag-formacion","tag-fundacion-once","tag-inteligencia-emocional","tag-programacion-neurolinguistica"],"_links":{"self":[{"href":"https:\/\/www.upo.es\/diario\/wp-json\/wp\/v2\/posts\/24217532","targetHints":{"allow":["GET"]}}],"collection":[{"href":"https:\/\/www.upo.es\/diario\/wp-json\/wp\/v2\/posts"}],"about":[{"href":"https:\/\/www.upo.es\/diario\/wp-json\/wp\/v2\/types\/post"}],"author":[{"embeddable":true,"href":"https:\/\/www.upo.es\/diario\/wp-json\/wp\/v2\/users\/2"}],"replies":[{"embeddable":true,"href":"https:\/\/www.upo.es\/diario\/wp-json\/wp\/v2\/comments?post=24217532"}],"version-history":[{"count":2,"href":"https:\/\/www.upo.es\/diario\/wp-json\/wp\/v2\/posts\/24217532\/revisions"}],"predecessor-version":[{"id":24244936,"href":"https:\/\/www.upo.es\/diario\/wp-json\/wp\/v2\/posts\/24217532\/revisions\/24244936"}],"wp:attachment":[{"href":"https:\/\/www.upo.es\/diario\/wp-json\/wp\/v2\/media?parent=24217532"}],"wp:term":[{"taxonomy":"category","embeddable":true,"href":"https:\/\/www.upo.es\/diario\/wp-json\/wp\/v2\/categories?post=24217532"},{"taxonomy":"post_tag","embeddable":true,"href":"https:\/\/www.upo.es\/diario\/wp-json\/wp\/v2\/tags?post=24217532"}],"curies":[{"name":"wp","href":"https:\/\/api.w.org\/{rel}","templated":true}]}}