{"id":2435781,"date":"2013-12-23T12:00:11","date_gmt":"2013-12-23T12:00:11","guid":{"rendered":"https:\/\/www.upo.es\/diario\/?p=2435781"},"modified":"2014-01-07T13:58:31","modified_gmt":"2014-01-07T13:58:31","slug":"diputacion-convenia-destinar-10-000-euros-para-el-fondo-de-ayudas-sociales-de-la-universidad-pablo-de-olavide","status":"publish","type":"post","link":"https:\/\/www.upo.es\/diario\/institucional\/2013\/12\/diputacion-convenia-destinar-10-000-euros-para-el-fondo-de-ayudas-sociales-de-la-universidad-pablo-de-olavide\/","title":{"rendered":"Diputaci\u00f3n destina 10.000 euros para el fondo de ayudas sociales de la Universidad Pablo de Olavide"},"content":{"rendered":"<figure id=\"attachment_2435782\" aria-describedby=\"caption-attachment-2435782\" style=\"width: 320px\" class=\"wp-caption alignright\"><a href=\"https:\/\/www.upo.es\/diario\/wp-content\/uploads\/2014\/01\/23122013-_MOT7975.jpg\"><img loading=\"lazy\" decoding=\"async\" class=\"size-medium wp-image-2435782\" alt=\"El presidente de la Diputaci\u00f3n de Sevilla ha firmado sendos convenios con los rectores de la Universidad de Sevilla y de la Pablo de Olavide por el que la Instituci\u00f3n Provincial contribuye al fondo de ayudas sociales de las mismas con un total de 30.000 euros.\" src=\"https:\/\/www.upo.es\/diario\/wp-content\/uploads\/2014\/01\/23122013-_MOT7975-320x213.jpg\" width=\"320\" height=\"213\" srcset=\"https:\/\/www.upo.es\/diario\/wp-content\/uploads\/2014\/01\/23122013-_MOT7975-320x213.jpg 320w, https:\/\/www.upo.es\/diario\/wp-content\/uploads\/2014\/01\/23122013-_MOT7975-1024x682.jpg 1024w, https:\/\/www.upo.es\/diario\/wp-content\/uploads\/2014\/01\/23122013-_MOT7975-600x400.jpg 600w\" sizes=\"auto, (max-width: 320px) 100vw, 320px\" \/><\/a><figcaption id=\"caption-attachment-2435782\" class=\"wp-caption-text\">El presidente de la Diputaci\u00f3n de Sevilla ha firmado sendos convenios con los rectores de la Universidad de Sevilla y de la Pablo de Olavide.<\/figcaption><\/figure>\n<p style=\"text-align: justify;\">El presidente de la Diputaci\u00f3n de Sevilla, Fernando Rodr\u00edguez Villalobos, ha firmado esta ma\u00f1ana sendos convenios con los rectores de la Universidad de Sevilla, Antonio Ram\u00edrez de Arellano L\u00f3pez, y de la Pablo de Olavide, Vicente Carlos Guzm\u00e1n Fluja, por el que la Instituci\u00f3n Provincial contribuye al fondo de ayudas sociales de las mismas con un total de 30.000 euros.<\/p>\n<p style=\"text-align: justify;\">\u00a0La Diputaci\u00f3n aporta con este acuerdo al fondo social de la Universidad Pablo de Olavide la cantidad de 10.000 euros destinados a sufragar gastos de manutenci\u00f3n, transporte o alojamiento y que la instituci\u00f3n educativa distribuir\u00e1 entre el alumnado a trav\u00e9s de sus convocatorias particulares.<\/p>\n<p style=\"text-align: justify;\">Villalobos ha lamentado el cambio de r\u00e9gimen para la concesi\u00f3n de becas impuesto por el Ministerio al tiempo que ha declarado que \u2018si otras administraciones hicieran bien las cosas, la Diputaci\u00f3n de Sevilla no tendr\u00eda que firmar este acuerdo con ambas Universidades, pero no debemos permitir que ning\u00fan estudiante de la provincia interrumpa sus estudios superiores por motivo de su situaci\u00f3n econ\u00f3mica\u2019.<\/p>\n<p style=\"text-align: justify;\">El mandatario provincial ha anunciado que no descarta \u2018la ampliaci\u00f3n en un futuro de este apoyo econ\u00f3mico para proteger a los j\u00f3venes de la provincia que cursan sus licenciaturas; mantendr\u00e9 el contacto con los rectores para evitar en lo posible que el cambio normativo en la concesi\u00f3n de becas y la actual crisis deje a nuestros estudiantes sin formaci\u00f3n universitaria\u2019.<\/p>\n<p style=\"text-align: justify;\">El rector de la Universidad Pablo de Olavide ha agradecido la ayuda de la Diputaci\u00f3n de Sevilla. Vicente Guzm\u00e1n ha explicado que \u2018el impacto real de la modificaci\u00f3n del sistema de becas lo veremos en marzo o abril, cuando lleguen las negativas a las solicitudes de las mismas\u2019, por lo que ha agradecido la intenci\u00f3n expresada por el presidente de la Diputaci\u00f3n de Sevilla de ampliar el apoyo de la Instituci\u00f3n en un futuro si fuera necesario.<\/p>\n<p style=\"text-align: justify;\">El rector de la Olavide ha comentado que esta Universidad \u2018cuenta con un colectivo de entre 600 y 700 estudiantes en riesgo de exclusi\u00f3n motivado por el cambio del sistema de concesi\u00f3n de becas del Ministerio\u2019 y ha anotado, como dato significativo del trabajo en el campo social de su entidad, las \u201850 intervenciones de distinto tipo\u2019 que\u00a0 ha llevado a cabo su Universidad entre sus estudiantes entre septiembre y diciembre de este a\u00f1o.<\/p>\n<p style=\"text-align: justify;\">\n","protected":false},"excerpt":{"rendered":"<p> La Diputaci\u00f3n de Sevilla aporta con este acuerdo al fondo social de la Universidad Pablo de Olavide la cantidad de 10.000 euros destinados a sufragar gastos de manutenci\u00f3n, transporte o alojamiento y que la instituci\u00f3n educativa distribuir\u00e1 entre el alumnado a trav\u00e9s de sus convocatorias particulares.<\/p>\n","protected":false},"author":4,"featured_media":0,"comment_status":"closed","ping_status":"open","sticky":false,"template":"","format":"standard","meta":{"_monsterinsights_skip_tracking":false,"_monsterinsights_sitenote_active":false,"_monsterinsights_sitenote_note":"","_monsterinsights_sitenote_category":0,"footnotes":""},"categories":[6],"tags":[1062,326,327],"class_list":["post-2435781","post","type-post","status-publish","format-standard","hentry","category-institucional","tag-ayudas-sociales","tag-convenio","tag-diputacion"],"_links":{"self":[{"href":"https:\/\/www.upo.es\/diario\/wp-json\/wp\/v2\/posts\/2435781","targetHints":{"allow":["GET"]}}],"collection":[{"href":"https:\/\/www.upo.es\/diario\/wp-json\/wp\/v2\/posts"}],"about":[{"href":"https:\/\/www.upo.es\/diario\/wp-json\/wp\/v2\/types\/post"}],"author":[{"embeddable":true,"href":"https:\/\/www.upo.es\/diario\/wp-json\/wp\/v2\/users\/4"}],"replies":[{"embeddable":true,"href":"https:\/\/www.upo.es\/diario\/wp-json\/wp\/v2\/comments?post=2435781"}],"version-history":[{"count":5,"href":"https:\/\/www.upo.es\/diario\/wp-json\/wp\/v2\/posts\/2435781\/revisions"}],"predecessor-version":[{"id":2435785,"href":"https:\/\/www.upo.es\/diario\/wp-json\/wp\/v2\/posts\/2435781\/revisions\/2435785"}],"wp:attachment":[{"href":"https:\/\/www.upo.es\/diario\/wp-json\/wp\/v2\/media?parent=2435781"}],"wp:term":[{"taxonomy":"category","embeddable":true,"href":"https:\/\/www.upo.es\/diario\/wp-json\/wp\/v2\/categories?post=2435781"},{"taxonomy":"post_tag","embeddable":true,"href":"https:\/\/www.upo.es\/diario\/wp-json\/wp\/v2\/tags?post=2435781"}],"curies":[{"name":"wp","href":"https:\/\/api.w.org\/{rel}","templated":true}]}}