{"id":2437261,"date":"2014-01-02T13:29:39","date_gmt":"2014-01-02T13:29:39","guid":{"rendered":"https:\/\/www.upo.es\/diario\/?p=2437261"},"modified":"2014-01-09T13:09:59","modified_gmt":"2014-01-09T13:09:59","slug":"la-universidad-pablo-de-olavide-oferta-el-primer-master-para-emprendedores","status":"publish","type":"post","link":"https:\/\/www.upo.es\/diario\/institucional\/2014\/01\/la-universidad-pablo-de-olavide-oferta-el-primer-master-para-emprendedores\/","title":{"rendered":"La Universidad Pablo de Olavide oferta el primer m\u00e1ster para emprendedores"},"content":{"rendered":"<figure id=\"attachment_2437262\" aria-describedby=\"caption-attachment-2437262\" style=\"width: 226px\" class=\"wp-caption alignright\"><a href=\"https:\/\/www.upo.es\/diario\/wp-content\/uploads\/2014\/01\/cartel_master_emprendedores.jpg\"><img loading=\"lazy\" decoding=\"async\" class=\"size-medium wp-image-2437262\" alt=\"El objetivo de este M\u00e1ster es capacitar a los estudiantes con inquietudes emprendedoras y ayudarles con sus proyectos\" src=\"https:\/\/www.upo.es\/diario\/wp-content\/uploads\/2014\/01\/cartel_master_emprendedores-226x320.jpg\" width=\"226\" height=\"320\" srcset=\"https:\/\/www.upo.es\/diario\/wp-content\/uploads\/2014\/01\/cartel_master_emprendedores-226x320.jpg 226w, https:\/\/www.upo.es\/diario\/wp-content\/uploads\/2014\/01\/cartel_master_emprendedores-724x1024.jpg 724w, https:\/\/www.upo.es\/diario\/wp-content\/uploads\/2014\/01\/cartel_master_emprendedores-600x848.jpg 600w, https:\/\/www.upo.es\/diario\/wp-content\/uploads\/2014\/01\/cartel_master_emprendedores.jpg 1750w\" sizes=\"auto, (max-width: 226px) 100vw, 226px\" \/><\/a><figcaption id=\"caption-attachment-2437262\" class=\"wp-caption-text\">El objetivo de este M\u00e1ster es capacitar a los estudiantes con inquietudes emprendedoras y ayudarles con sus proyectos<\/figcaption><\/figure>\n<p style=\"text-align: justify;\">La Universidad Pablo de Olavide oferta para este a\u00f1o la I edici\u00f3n de M\u00e1ster Iniciativa Emprendedora y Creaci\u00f3n de Empresas, un t\u00edtulo propio con el que esta instituci\u00f3n contin\u00faa en su l\u00ednea de fomento de la cultura emprendedora entre los j\u00f3venes universitarios.<\/p>\n<p style=\"text-align: justify;\">El objetivo de este M\u00e1ster es capacitar a los estudiantes con inquietudes emprendedoras y ayudarles con sus proyectos. M\u00e1s concretamente, esta formaci\u00f3n tiene como finalidad investigar y conocer el entorno sectorial y detectar oportunidades de negocio que se puedan desarrollar, superando el \u201cmiedo a emprender\u201d. Adem\u00e1s, los estudiantes aprender\u00e1n a desarrollar y valorar planes de viabilidad de nuevas iniciativas empresariales y a gestionar de manera integral el proceso de creaci\u00f3n de una empresa.<\/p>\n<p style=\"text-align: justify;\">Por ello, este t\u00edtulo propio va a dirigido a personas que carezcan de una base s\u00f3lida sobre modelos de negocio, marketing, finanzas, operaciones, recursos humanos o aspectos legales y fiscales; o bien, personas que necesiten profundizar en alg\u00fan aspecto o con dudas concretas sobre la creaci\u00f3n de empresas, es decir, cualquiera que se est\u00e9 planteando dar un giro hacia el emprendimiento en su carrera profesional.<\/p>\n<p style=\"text-align: justify;\">El Master, que se impartir\u00e1 los martes y jueves en horario de tarde, se desarrollar\u00e1 a trav\u00e9s de siete m\u00f3dulos en los que los estudiantes conocer\u00e1n la realidad econ\u00f3mica y empresarial, aprender\u00e1n c\u00f3mo hacen negocio las empresas, cu\u00e1les son las habilidades emprendedoras, profundizaran en la importancia de Internet, las herramientas 2.0 y las redes sociales en los modelos de negocio, abordar\u00e1n el r\u00e9gimen legal y fiscal de las empresas y por \u00faltimo, aprender\u00e1n a desarrollar su plan de negocio y el control de gesti\u00f3n.<\/p>\n<p style=\"text-align: justify;\">Adem\u00e1s, todos los profesores del M\u00e1ster son emprendedores, un detalle que aporta un valor a\u00f1adido a esta formaci\u00f3n, ya que podr\u00e1n trasladar a los estudiantes sus experiencias, resolver sus dudas y explicarles las dificultades y los aspectos m\u00e1s positivos de la creaci\u00f3n de empresa de una manera directa y real.<\/p>\n<p style=\"text-align: justify;\">Para m\u00e1s informaci\u00f3n: <a href=\"http:\/\/www.upo.es\/postgrado\/Master-Iniciativa-Emprendedora-y-Creacion-de-Empresas\">http:\/\/www.upo.es\/postgrado\/Master-Iniciativa-Emprendedora-y-Creacion-de-Empresas<\/a><\/p>\n","protected":false},"excerpt":{"rendered":"<p>El objetivo de este M\u00e1ster es capacitar a los estudiantes con inquietudes emprendedoras y ayudarles con sus proyectos. M\u00e1s concretamente, esta formaci\u00f3n tiene como finalidad investigar y conocer el entorno sectorial y detectar oportunidades de negocio que se puedan desarrollar, superando el \u201cmiedo a emprender\u201d. Adem\u00e1s, los estudiantes aprender\u00e1n a desarrollar y valorar planes de viabilidad de nuevas iniciativas empresariales y a gestionar de manera integral el proceso de creaci\u00f3n de una empresa.<\/p>\n","protected":false},"author":4,"featured_media":0,"comment_status":"closed","ping_status":"open","sticky":false,"template":"","format":"standard","meta":{"_monsterinsights_skip_tracking":false,"_monsterinsights_sitenote_active":false,"_monsterinsights_sitenote_note":"","_monsterinsights_sitenote_category":0,"footnotes":""},"categories":[6],"tags":[99,438,80,66,445,118,82],"class_list":["post-2437261","post","type-post","status-publish","format-standard","hentry","category-institucional","tag-creacion-de-empresas","tag-empleo","tag-emprendedores","tag-empresa","tag-marketing","tag-master","tag-postgrado"],"_links":{"self":[{"href":"https:\/\/www.upo.es\/diario\/wp-json\/wp\/v2\/posts\/2437261","targetHints":{"allow":["GET"]}}],"collection":[{"href":"https:\/\/www.upo.es\/diario\/wp-json\/wp\/v2\/posts"}],"about":[{"href":"https:\/\/www.upo.es\/diario\/wp-json\/wp\/v2\/types\/post"}],"author":[{"embeddable":true,"href":"https:\/\/www.upo.es\/diario\/wp-json\/wp\/v2\/users\/4"}],"replies":[{"embeddable":true,"href":"https:\/\/www.upo.es\/diario\/wp-json\/wp\/v2\/comments?post=2437261"}],"version-history":[{"count":8,"href":"https:\/\/www.upo.es\/diario\/wp-json\/wp\/v2\/posts\/2437261\/revisions"}],"predecessor-version":[{"id":2501772,"href":"https:\/\/www.upo.es\/diario\/wp-json\/wp\/v2\/posts\/2437261\/revisions\/2501772"}],"wp:attachment":[{"href":"https:\/\/www.upo.es\/diario\/wp-json\/wp\/v2\/media?parent=2437261"}],"wp:term":[{"taxonomy":"category","embeddable":true,"href":"https:\/\/www.upo.es\/diario\/wp-json\/wp\/v2\/categories?post=2437261"},{"taxonomy":"post_tag","embeddable":true,"href":"https:\/\/www.upo.es\/diario\/wp-json\/wp\/v2\/tags?post=2437261"}],"curies":[{"name":"wp","href":"https:\/\/api.w.org\/{rel}","templated":true}]}}