{"id":24483368,"date":"2017-10-19T11:50:52","date_gmt":"2017-10-19T09:50:52","guid":{"rendered":"https:\/\/www.upo.es\/diario\/?p=24483368"},"modified":"2020-10-27T15:06:24","modified_gmt":"2020-10-27T14:06:24","slug":"sergio-espinosa-egresado-de-la-upo-publica-su-primer-poemario-hacia-la-mudez-con-la-editorial-kriller71","status":"publish","type":"post","link":"https:\/\/www.upo.es\/diario\/libros\/2017\/10\/sergio-espinosa-egresado-de-la-upo-publica-su-primer-poemario-hacia-la-mudez-con-la-editorial-kriller71\/","title":{"rendered":"Sergio Espinosa, egresado de la UPO, publica su primer poemario \u201cHacia la mudez\u201d con la editorial Kriller71"},"content":{"rendered":"<figure id=\"attachment_24484009\" aria-describedby=\"caption-attachment-24484009\" style=\"width: 320px\" class=\"wp-caption alignright\"><a href=\"https:\/\/www.upo.es\/diario\/wp-content\/uploads\/2017\/10\/imagen_SergioEspinosa.jpg\"><img loading=\"lazy\" decoding=\"async\" class=\"size-medium wp-image-24484009\" alt=\"Sergio Espinosa, egresado de la UPO\" src=\"https:\/\/www.upo.es\/diario\/wp-content\/uploads\/2017\/10\/imagen_SergioEspinosa-320x213.jpg\" width=\"320\" height=\"213\" \/><\/a><figcaption id=\"caption-attachment-24484009\" class=\"wp-caption-text\">Sergio Espinosa, egresado de la UPO<\/figcaption><\/figure>\n<p><b><span style=\"text-decoration: underline;\">Sergio Espinosa<\/span><\/b><span style=\"text-decoration: underline;\"> (Jerez de la Frontera, 1988) acaba de presentar en Barcelona su primer libro \u201cHacia la mudez\u201d despu\u00e9s de su publicaci\u00f3n por parte de la editorial <b>Kriller71<\/b>. Se trata del primer poemario del autor, escrito en parte mientras cursaba sus estudios del Grado en Traducci\u00f3n e Interpretaci\u00f3n en la Universidad Pablo de Olavide.<\/span><\/p>\n<p>Algunos poemas que conforman \u201cHacia la mudez\u201d ya han sido traducidos y publicados en revistas internacionales como <a href=\"https:\/\/preludemag.com\/posts\/trusting-the-voice\/\">Prelude<\/a> (Estados Unidos), <a href=\"http:\/\/www.recoursaupoeme.fr\/sergio-espinosa\/faire-confiance-%C3%A0-la-voix\">Recours au Po\u00e8me<\/a> (Francia), <a href=\"https:\/\/www.vakxikon.gr\/%CF%83%CE%AD%CF%81%CF%87%CE%B9%CE%BF-%CE%B5%CF%83%CF%80%CE%B9%CE%BD%CF%8C%CF%83%CE%B1-%CE%B5%CF%80%CE%B9%CE%BB%CE%BF%CE%B3%CE%AE-%CF%80%CE%BF%CE%B9%CE%B7%CE%BC%CE%AC%CF%84%CF%89%CE%BD\/\">Vakxikon<\/a> (Grecia), <a href=\"http:\/\/www.lunarionuovo.it\/hacia-la-mudez-traduzione-da-sergio-espinosa-giovane-poeta-andaluso\/\">Lunarionuovo<\/a> (Italia), <a href=\"http:\/\/barcelona.lecool.com\/inspirations\/un-poema-de-hacia-la-mudez-de-sergio-espinosa\/\">Le Cool Barcelona<\/a> (Espa\u00f1a) y <a href=\"http:\/\/www.alketaba.com\/index.php\/2013-10-30-09-55-50\/item\/6335-withyou.html\">Alketaba<\/a> (Egipto), as\u00ed como poemas originales en castellano en <a href=\"https:\/\/transtierros.org\/2017\/09\/23\/hacia-la-mudez-sergio-espinosa\/\">Transtierros<\/a> (Per\u00fa). Por otra parte, en los pr\u00f3ximos meses se publicar\u00e1n otras traducciones en Finlandia, Croacia y Eslovaquia, donde Sergio Espinosa vivi\u00f3 en 2011 con una beca Erasmus Pr\u00e1cticas en la Universidad de Nitra.<\/p>\n<p>Seg\u00fan el cr\u00edtico literario Unai Velasco, \u201cSergio Espinosa apunta certeramente en este primer poemario hacia una destinaci\u00f3n que requiere audacia: la mudez, ausencia de voz por imposibilidad o por negaci\u00f3n. Lo que no sabemos es si, con ello, el autor quiere habilitar una definici\u00f3n en la que inscribir la tendencia de su dicci\u00f3n (que, en rigor, toda escritura es ineficaz en su esfuerzo por decir) o bien, aunque asumiendo esto \u00faltimo, pretende indicarnos qu\u00e9 territorio sonoro sucede al texto: el espacio que ya nada dice, porque ha dicho ya todo en su desarrollo. (\u2026) En cualquier caso, con seguridad, Espinosa es ya un poeta que tener en cuenta\u201d.<\/p>\n<p>Tras finalizar sus estudios en la Universidad Pablo de Olavide y tras dos estancias en la Universidad de Londres y la Universitat Jaume I, Sergio Espinosa ha trabajado en Eslovaquia y Francia como docente de lengua y literatura espa\u00f1olas. Tambi\u00e9n ha trabajado en el sector de las empresas de traducci\u00f3n en Barcelona, donde est\u00e1 afincado actualmente.<\/p>\n<p>Kriller71ediciones es un sello editorial independiente nacido en Barcelona con la intenci\u00f3n de operar en el panorama de la edici\u00f3n y traducci\u00f3n de poes\u00eda en Espa\u00f1a. Enfocada en la traducci\u00f3n y edici\u00f3n de poetas contempor\u00e1neos con obras consolidadas en sus pa\u00edses de nacimiento pero no publicadas en Espa\u00f1a, la editorial tambi\u00e9n apuesta por dar a conocer a otros autores y autoras interesantes.<\/p>\n<p>Sergio Espinosa: \u201cHacia la mudez\u201d <a href=\"http:\/\/kriller71ediciones.com\/sergio-espinosa-hacia-la-mudez\/\">http:\/\/kriller71ediciones.com\/sergio-espinosa-hacia-la-mudez\/<\/a><\/p>\n","protected":false},"excerpt":{"rendered":"<p>Sergio Espinosa (Jerez de la Frontera, 1988) acaba de presentar en Barcelona su primer libro \u201cHacia la mudez\u201d despu\u00e9s de su publicaci\u00f3n por parte de la editorial Kriller71. Se trata del primer poemario del autor, escrito en parte mientras cursaba sus estudios del Grado en Traducci\u00f3n e Interpretaci\u00f3n en la Universidad Pablo de Olavide.<\/p>\n","protected":false},"author":14,"featured_media":0,"comment_status":"closed","ping_status":"open","sticky":false,"template":"","format":"standard","meta":{"_monsterinsights_skip_tracking":false,"_monsterinsights_sitenote_active":false,"_monsterinsights_sitenote_note":"","_monsterinsights_sitenote_category":0,"footnotes":""},"categories":[5842,77],"tags":[878,669,5835,1739,4440],"class_list":["post-24483368","post","type-post","status-publish","format-standard","hentry","category-comunidad","category-libros","tag-editorial","tag-egresados","tag-libros","tag-poesia","tag-sergio-espinosa"],"_links":{"self":[{"href":"https:\/\/www.upo.es\/diario\/wp-json\/wp\/v2\/posts\/24483368","targetHints":{"allow":["GET"]}}],"collection":[{"href":"https:\/\/www.upo.es\/diario\/wp-json\/wp\/v2\/posts"}],"about":[{"href":"https:\/\/www.upo.es\/diario\/wp-json\/wp\/v2\/types\/post"}],"author":[{"embeddable":true,"href":"https:\/\/www.upo.es\/diario\/wp-json\/wp\/v2\/users\/14"}],"replies":[{"embeddable":true,"href":"https:\/\/www.upo.es\/diario\/wp-json\/wp\/v2\/comments?post=24483368"}],"version-history":[{"count":2,"href":"https:\/\/www.upo.es\/diario\/wp-json\/wp\/v2\/posts\/24483368\/revisions"}],"predecessor-version":[{"id":30862240,"href":"https:\/\/www.upo.es\/diario\/wp-json\/wp\/v2\/posts\/24483368\/revisions\/30862240"}],"wp:attachment":[{"href":"https:\/\/www.upo.es\/diario\/wp-json\/wp\/v2\/media?parent=24483368"}],"wp:term":[{"taxonomy":"category","embeddable":true,"href":"https:\/\/www.upo.es\/diario\/wp-json\/wp\/v2\/categories?post=24483368"},{"taxonomy":"post_tag","embeddable":true,"href":"https:\/\/www.upo.es\/diario\/wp-json\/wp\/v2\/tags?post=24483368"}],"curies":[{"name":"wp","href":"https:\/\/api.w.org\/{rel}","templated":true}]}}