{"id":24696670,"date":"2017-10-27T12:38:14","date_gmt":"2017-10-27T12:38:14","guid":{"rendered":"https:\/\/www.upo.es\/diario\/?p=24696670"},"modified":"2020-10-27T14:20:23","modified_gmt":"2020-10-27T13:20:23","slug":"mas-de-350-estudiantes-de-bachillerato-han-visitado-la-upo-para-la-jornada-mujeres-que-hacen-historia","status":"publish","type":"post","link":"https:\/\/www.upo.es\/diario\/institucional\/2017\/10\/mas-de-350-estudiantes-de-bachillerato-han-visitado-la-upo-para-la-jornada-mujeres-que-hacen-historia\/","title":{"rendered":"M\u00e1s de 350 estudiantes de Bachillerato han visitado la UPO para la Jornada \u201cMujeres que hacen Historia\u201d"},"content":{"rendered":"<figure id=\"attachment_24696671\" aria-describedby=\"caption-attachment-24696671\" style=\"width: 320px\" class=\"wp-caption alignright\"><a href=\"https:\/\/www.upo.es\/diario\/wp-content\/uploads\/2017\/10\/Mujeres-Historia_20171027.jpg\"><img loading=\"lazy\" decoding=\"async\" class=\"size-medium wp-image-24696671\" alt=\"El alumnado de Bachillerato ha llenado el Paraninfo de la UPO\" src=\"https:\/\/www.upo.es\/diario\/wp-content\/uploads\/2017\/10\/Mujeres-Historia_20171027-320x213.jpg\" width=\"320\" height=\"213\" \/><\/a><figcaption id=\"caption-attachment-24696671\" class=\"wp-caption-text\">El alumnado de Bachillerato ha llenado el Paraninfo de la UPO<\/figcaption><\/figure>\n<p>Desde las 9 de la ma\u00f1ana, el campus de la Universidad Pablo de Olavide ha acogido a los m\u00e1s de 350 estudiantes que han participado en \u201c<b>Mujeres que hacen Historia<\/b>\u201d, una jornada organizada por la <b>Facultad de Humanidades<\/b> destinada al alumnado de Bachillerato de las modalidades de Humanidades y Ciencias Sociales. Se trata de una actividad que nace con el objetivo de repensar el papel de las f\u00e9minas en la historia y visibilizar la investigaci\u00f3n hist\u00f3rica hecha por mujeres, que ha sido posible gracias al patrocinio de la <b>Oficina para la Igualdad<\/b> del Vicerrectorado de Cultura y Compromiso Social.<\/p>\n<p>La jornada ha comenzado con una charla introductoria en la que se ha hablado a los alumnos y alumnas sobre la mujer en la historia y la historiograf\u00eda hecha por mujeres. Mediante el uso de la aplicaci\u00f3n <i>Kahoot<\/i>, la empresa <b>La Odisea de la Historia<\/b> ha desarrollado un juego por equipos de preguntas y respuestas en el que se ha premiado a los estudiantes ganadores.<\/p>\n<p>A continuaci\u00f3n, han tenido lugar los talleres sobre las tem\u00e1ticas de investigaci\u00f3n hist\u00f3rica que se realiza en la Facultad de Humanidades. <b>\u201c\u00bfQu\u00e9 hac\u00edan las mujeres cuando no hac\u00edan nada?<\/b>\u201d; \u201c<b>Corte en femenino. Mujeres y poder pol\u00edtico en la Edad Moderna<\/b>\u201d; \u201c<b>Mujeres entre dos orillas: poder, sociedad y religi\u00f3n en la Am\u00e9rica colonial<\/b>\u201d; \u201c<b>Mujeres en la conquista y colonizaci\u00f3n de Am\u00e9rica<\/b>\u201d; \u201c<b>Pensando a contracorriente<\/b>\u201d; \u201c<b>El lugar de las mujeres en la Historia del Arte<\/b>\u201d; \u00a0\u201c<b>Ese oscuro objeto del deseo: estereotipos sobre la mujer en la Historia Antigua<\/b>\u201d han sido los t\u00edtulos de los talleres que han desarrollado las profesoras.<\/p>\n<p>El acercamiento l\u00fadico al tema de la jornada ha concluido con una gymkana en la que los nombres de los edificios del campus de la UPO se han sustituido por biograf\u00edas de mujeres ilustres para que los grupos de cada centro educativo puedan descubrirlas.<\/p>\n<p>En el acto de clausura, la decana de la Facultad de Humanidades, <b>Rosario Moreno Soldevila<\/b>, ha dado las gracias a todos los participantes en la jornada por su implicaci\u00f3n y ha destacado la labor de la universidad por visibilizar el papel de la mujer en la Historia. \u201cComo humanistas, tenemos una responsabilidad social estudiando la historia de las mujeres y formando ciudadanos y ciudadanas que luchen por la igualdad\u201d ha se\u00f1alado.<\/p>\n<p>Por otra parte, la decana ha presentado al alumnado y profesorado de Bachillerato la convocatoria de la cuarta edici\u00f3n del <b>Premio Humanitas<\/b>, un concurso destinado a j\u00f3venes investigadores que pretende fomentar el conocimiento de las disciplinas human\u00edsticas y la iniciaci\u00f3n a la actividad investigadora en diversos campos del saber como la Historia, Historia del Arte, Arqueolog\u00eda, Literatura, Estudios Filol\u00f3gicos, Filosof\u00eda, Geograf\u00eda, as\u00ed como cualquier otro \u00e1mbito de las Humanidades.<\/p>\n<p>La acogida por parte de los centros educativos ha sido excelente y ya se ha programado una segunda fecha para repetir la jornada el pr\u00f3ximo 3 de noviembre. Los institutos de ense\u00f1anza secundaria han visto con muy buenos ojos una actividad que se adapta perfectamente al Programa de Coeducaci\u00f3n. Hoy han participado en la primera jornada de \u201cMujeres que hacen Historia\u201d los centros educativos: <b>IES Chaves Nogales<\/b>; <b>IES Luca de Tena<\/b>; <b>IES San Jer\u00f3nimo<\/b>; <b>IES Vel\u00e1zquez<\/b>; <b>IES Mart\u00ednez Monta\u00f1\u00e9s<\/b>; <b>IES El Molinillo<\/b> (Guillena); <b>IES Mar\u00eda Galiana<\/b> y <b>Colegio San Alberto Magno<\/b> (Dos Hermanas); e <b>IES N\u00e9stor Almendros<\/b> (Tomares).<\/p>\n<p>M\u00e1s informaci\u00f3n sobre \u201c<a href=\"https:\/\/eventos.upo.es\/event_detail\/12681\/detail\/mujeres-que-hacen-historia.html\">Mujeres que hacen Historia<\/a>\u201d.<\/p>\n","protected":false},"excerpt":{"rendered":"<p>En el acto de clausura, la decana de la Facultad de Humanidades, Rosario Moreno Soldevila, ha dado las gracias a todos los participantes en la jornada por su implicaci\u00f3n y ha destacado la labor de la universidad por visibilizar el papel de la mujer en la Historia. \u201cComo humanistas, tenemos una responsabilidad social estudiando la historia de las mujeres y formando ciudadanos y ciudadanas que luchen por la igualdad\u201d ha se\u00f1alado.<\/p>\n","protected":false},"author":14,"featured_media":0,"comment_status":"closed","ping_status":"open","sticky":false,"template":"","format":"standard","meta":{"_monsterinsights_skip_tracking":false,"_monsterinsights_sitenote_active":false,"_monsterinsights_sitenote_note":"","_monsterinsights_sitenote_category":0,"footnotes":""},"categories":[6],"tags":[96,150,132,4462,1053,2209,2667],"class_list":["post-24696670","post","type-post","status-publish","format-standard","hentry","category-institucional","tag-facultad-de-humanidades","tag-historia","tag-humanidades","tag-la-odisea-de-la-historia","tag-mujeres","tag-oficina-para-la-igualdad","tag-vicerrectorado-de-cultura-y-compromiso-social"],"_links":{"self":[{"href":"https:\/\/www.upo.es\/diario\/wp-json\/wp\/v2\/posts\/24696670","targetHints":{"allow":["GET"]}}],"collection":[{"href":"https:\/\/www.upo.es\/diario\/wp-json\/wp\/v2\/posts"}],"about":[{"href":"https:\/\/www.upo.es\/diario\/wp-json\/wp\/v2\/types\/post"}],"author":[{"embeddable":true,"href":"https:\/\/www.upo.es\/diario\/wp-json\/wp\/v2\/users\/14"}],"replies":[{"embeddable":true,"href":"https:\/\/www.upo.es\/diario\/wp-json\/wp\/v2\/comments?post=24696670"}],"version-history":[{"count":2,"href":"https:\/\/www.upo.es\/diario\/wp-json\/wp\/v2\/posts\/24696670\/revisions"}],"predecessor-version":[{"id":30862295,"href":"https:\/\/www.upo.es\/diario\/wp-json\/wp\/v2\/posts\/24696670\/revisions\/30862295"}],"wp:attachment":[{"href":"https:\/\/www.upo.es\/diario\/wp-json\/wp\/v2\/media?parent=24696670"}],"wp:term":[{"taxonomy":"category","embeddable":true,"href":"https:\/\/www.upo.es\/diario\/wp-json\/wp\/v2\/categories?post=24696670"},{"taxonomy":"post_tag","embeddable":true,"href":"https:\/\/www.upo.es\/diario\/wp-json\/wp\/v2\/tags?post=24696670"}],"curies":[{"name":"wp","href":"https:\/\/api.w.org\/{rel}","templated":true}]}}