{"id":24784721,"date":"2017-10-31T14:04:39","date_gmt":"2017-10-31T13:04:39","guid":{"rendered":"https:\/\/www.upo.es\/diario\/?p=24784721"},"modified":"2020-10-27T15:10:17","modified_gmt":"2020-10-27T14:10:17","slug":"inauguradas-las-exposiciones-de-la-9a-conferencia-sobre-la-diaspora-mundial-africana-que-se-celebrara-en-la-upo","status":"publish","type":"post","link":"https:\/\/www.upo.es\/diario\/cultura\/2017\/10\/inauguradas-las-exposiciones-de-la-9a-conferencia-sobre-la-diaspora-mundial-africana-que-se-celebrara-en-la-upo\/","title":{"rendered":"Inauguradas las exposiciones de la 9\u00aa Conferencia sobre la Di\u00e1spora Mundial Africana que se celebrar\u00e1 en la UPO"},"content":{"rendered":"<figure id=\"attachment_24784722\" aria-describedby=\"caption-attachment-24784722\" style=\"width: 320px\" class=\"wp-caption alignright\"><a href=\"https:\/\/www.upo.es\/diario\/wp-content\/uploads\/2017\/10\/Expo-9ASWAD-UPO_20171031_3.jpg\"><img loading=\"lazy\" decoding=\"async\" class=\"size-medium wp-image-24784722\" alt=\"Exposici\u00f3n en la Biblioteca de la UPO\" src=\"https:\/\/www.upo.es\/diario\/wp-content\/uploads\/2017\/10\/Expo-9ASWAD-UPO_20171031_3-320x213.jpg\" width=\"320\" height=\"213\" \/><\/a><figcaption id=\"caption-attachment-24784722\" class=\"wp-caption-text\">Exposici\u00f3n en la Biblioteca de la UPO<\/figcaption><\/figure>\n<p>La decana de la Facultad de Humanidades de la Universidad Pablo de Olavide, <b>Rosario Moreno Soldevila<\/b>, ha inaugurado esta ma\u00f1ana las cuatro exposiciones que la Biblioteca de la UPO acoge en el marco de la 9\u00aa Conferencia Bienal de la Asociaci\u00f3n para el Estudio de la Di\u00e1spora Mundial Africana (ASWAD) que se celebrar\u00e1 en el campus entre el 7 y el 11 de noviembre. Las obras de la muestra han sido cedidas por la Asociaci\u00f3n Cultura y Cooperaci\u00f3n con \u00c1frica <b>El Gulmu<\/b> y los artistas <b>Jes\u00fas Cosano<\/b> y <b>Berta Luna<\/b>.<\/p>\n<p>Tras la inauguraci\u00f3n, <b>Manuel M\u00e9ndez Parra<\/b>, pintor y profesor em\u00e9rito de la Escuela de Arte Dionisio Ortiz de C\u00f3rdoba, ha presentado su conferencia \u201cInfluencia del arte tradicional africano en la vanguardia occidental. Breve introducci\u00f3n hist\u00f3rica\u201d; y el acto ha concluido con la visita guiada por los propios artistas a las exposiciones. La muestra podr\u00e1 visitarse hasta el 15 de noviembre.<\/p>\n<p>Esta ser\u00e1 la primera vez que la Conferencia sobre la Di\u00e1spora Mundial Africana se celebre en Europa, concretamente en la Universidad Pablo de Olavide. M\u00e1s de cuatrocientos investigadores e investigadoras de todo el mundo participan en este congreso para presentar sus conclusiones sobre el estudio de la emigraci\u00f3n africana al resto de continentes desde todas las perspectivas: pol\u00edtica, hist\u00f3rica, art\u00edstica, de g\u00e9nero, antropol\u00f3gica, sociol\u00f3gica, activista, etc\u00e9tera.<\/p>\n<p>La protecci\u00f3n y la promoci\u00f3n de los derechos humanos han adquirido mayor significado y urgencia frente a la crisis poblacional africana y otras migraciones desde el oeste de Asia y Europa oriental. A medida que estas personas y grupos han buscado refugio y participaci\u00f3n social humanitaria y equitativa dentro de las sociedades europeas, han desafiado conceptos acerca de la formaci\u00f3n de estados y ciudadan\u00eda, forzando nuevos argumentos y conceptos de patria y pertenencia. La conferencia analizar\u00e1 estos flujos migratorios actuales y recurrentes al mismo tiempo, fruto de una larga relaci\u00f3n entre Europa y \u00c1frica que abarca siglos.<\/p>\n<p>Durante las cinco jornadas del congreso, con el objetivo de dar a conocer el rico pasado y presente de las relaciones de Sevilla con el continente africano, adem\u00e1s de las exposiciones que se pueden visitar en la Biblioteca de la UPO, paralelamente a la conferencia tendr\u00e1n lugar conciertos, performances, el rodaje de un documental y hasta visitas guiadas \u2013\u201cSevilla Africana\u201d-, dise\u00f1adas como resultado del Trabajo Fin de Grado de una estudiante del Doble Grado en Humanidades y Traducci\u00f3n e Interpretaci\u00f3n, <b>Ana Moreno<\/b>.<\/p>\n<p>M\u00e1s informaci\u00f3n sobre la <a href=\"http:\/\/aswadiaspora.org\/conferences\/\">9\u00aa Conferencia Bienal de la Asociaci\u00f3n para el Estudio de la Di\u00e1spora Mundial Africana (ASWAD)<\/a><\/p>\n","protected":false},"excerpt":{"rendered":"<p>La decana de la Facultad de Humanidades de la Universidad Pablo de Olavide, Rosario Moreno Soldevila, ha inaugurado las cuatro exposiciones que la Biblioteca de la UPO acoge en el marco de la 9\u00aa Conferencia Bienal de la Asociaci\u00f3n para el Estudio de la Di\u00e1spora Mundial Africana (ASWAD) que se celebrar\u00e1 en el campus entre el 7 y el 11 de noviembre.<\/p>\n","protected":false},"author":14,"featured_media":0,"comment_status":"closed","ping_status":"open","sticky":false,"template":"","format":"standard","meta":{"_monsterinsights_skip_tracking":false,"_monsterinsights_sitenote_active":false,"_monsterinsights_sitenote_note":"","_monsterinsights_sitenote_category":0,"footnotes":""},"categories":[7],"tags":[4479,125,227,4478,74],"class_list":["post-24784721","post","type-post","status-publish","format-standard","hentry","category-cultura","tag-aswad","tag-biblioteca","tag-conferencia","tag-diaspora-africana","tag-exposiciones"],"_links":{"self":[{"href":"https:\/\/www.upo.es\/diario\/wp-json\/wp\/v2\/posts\/24784721","targetHints":{"allow":["GET"]}}],"collection":[{"href":"https:\/\/www.upo.es\/diario\/wp-json\/wp\/v2\/posts"}],"about":[{"href":"https:\/\/www.upo.es\/diario\/wp-json\/wp\/v2\/types\/post"}],"author":[{"embeddable":true,"href":"https:\/\/www.upo.es\/diario\/wp-json\/wp\/v2\/users\/14"}],"replies":[{"embeddable":true,"href":"https:\/\/www.upo.es\/diario\/wp-json\/wp\/v2\/comments?post=24784721"}],"version-history":[{"count":2,"href":"https:\/\/www.upo.es\/diario\/wp-json\/wp\/v2\/posts\/24784721\/revisions"}],"predecessor-version":[{"id":30862293,"href":"https:\/\/www.upo.es\/diario\/wp-json\/wp\/v2\/posts\/24784721\/revisions\/30862293"}],"wp:attachment":[{"href":"https:\/\/www.upo.es\/diario\/wp-json\/wp\/v2\/media?parent=24784721"}],"wp:term":[{"taxonomy":"category","embeddable":true,"href":"https:\/\/www.upo.es\/diario\/wp-json\/wp\/v2\/categories?post=24784721"},{"taxonomy":"post_tag","embeddable":true,"href":"https:\/\/www.upo.es\/diario\/wp-json\/wp\/v2\/tags?post=24784721"}],"curies":[{"name":"wp","href":"https:\/\/api.w.org\/{rel}","templated":true}]}}