{"id":24805895,"date":"2017-11-03T03:28:31","date_gmt":"2017-11-03T03:28:31","guid":{"rendered":"https:\/\/www.upo.es\/diario\/?p=24805895"},"modified":"2017-11-09T08:51:00","modified_gmt":"2017-11-09T08:51:00","slug":"la-universidad-pablo-de-olavide-se-suma-a-la-semana-de-la-ciencia-en-andalucia","status":"publish","type":"post","link":"https:\/\/www.upo.es\/diario\/institucional\/2017\/11\/la-universidad-pablo-de-olavide-se-suma-a-la-semana-de-la-ciencia-en-andalucia\/","title":{"rendered":"Comienza la Semana de la Ciencia en la Universidad Pablo de Olavide"},"content":{"rendered":"<figure id=\"attachment_24833451\" aria-describedby=\"caption-attachment-24833451\" style=\"width: 600px\" class=\"wp-caption aligncenter\"><a href=\"https:\/\/www.upo.es\/diario\/wp-content\/uploads\/2017\/11\/Semana-Ciencia-2017-UPO_20171107.jpg\"><img loading=\"lazy\" decoding=\"async\" class=\"size-large wp-image-24833451\" alt=\"Javier Mar\" src=\"https:\/\/www.upo.es\/diario\/wp-content\/uploads\/2017\/11\/Semana-Ciencia-2017-UPO_20171107-600x400.jpg\" width=\"600\" height=\"400\" srcset=\"https:\/\/www.upo.es\/diario\/wp-content\/uploads\/2017\/11\/Semana-Ciencia-2017-UPO_20171107-600x400.jpg 600w, https:\/\/www.upo.es\/diario\/wp-content\/uploads\/2017\/11\/Semana-Ciencia-2017-UPO_20171107-320x213.jpg 320w\" sizes=\"auto, (max-width: 600px) 100vw, 600px\" \/><\/a><figcaption id=\"caption-attachment-24833451\" class=\"wp-caption-text\">Javier M\u00e1rquez durante el encuentro &#8216;Comunicaci\u00f3n entre cerebro y ordenador&#8217;<\/figcaption><\/figure>\n<p>La Universidad Pablo de Olavide se suma a la <a href=\"https:\/\/www.upo.es\/semanadelaciencia\">Semana de la Ciencia 2017<\/a>, que se celebra en Andaluc\u00eda del 6 al 19 de noviembre coordinada por la Fundaci\u00f3n Descubre. <strong>Las actividades programadas en el campus de la UPO para esta edici\u00f3n han comenzado en la ma\u00f1ana de hoy martes con los encuentros <i>Caf\u00e9 con Ciencia<\/i><\/strong>, donde estudiantes de secundaria, bachillerato y ciclos formativos han compartido desayuno junto a cient\u00edficos y cient\u00edficas de la Universidad. As\u00ed, en grupos reducidos, asisten a charlas cient\u00edficas donde podr\u00e1n preguntar sus dudas sobre el tema planteado, \u00a0siendo una actividad din\u00e1mica concebida para despertar el inter\u00e9s por la ciencia. <i>Caf\u00e9 con Ciencia<\/i> se desarrollar\u00e1 durante tres jornadas, hasta el jueves d\u00eda 9, entre las 10 y las 11.30 horas en el rectorado.<\/p>\n<p><img loading=\"lazy\" decoding=\"async\" class=\"alignright size-full wp-image-24805899\" alt=\"Semana de la Ciencia\" src=\"https:\/\/www.upo.es\/diario\/wp-content\/uploads\/2017\/11\/SemanaCiencia2017_cartel.png\" width=\"300\" height=\"431\" srcset=\"https:\/\/www.upo.es\/diario\/wp-content\/uploads\/2017\/11\/SemanaCiencia2017_cartel.png 300w, https:\/\/www.upo.es\/diario\/wp-content\/uploads\/2017\/11\/SemanaCiencia2017_cartel-222x320.png 222w\" sizes=\"auto, (max-width: 300px) 100vw, 300px\" \/>Previamente, a las\u00a0 9.30 horas, el vicerrector de Investigaci\u00f3n y Transferencia de Tecnolog\u00eda de la Universidad, Bruno Mart\u00ednez Haya, y la directora de la Oficina de Transferencia de Resultados de Investigaci\u00f3n, Rosario Jim\u00e9nez Rodr\u00edguez, han dado la bienvenida a estudiantes y profesores, abriendo la Semana de la Ciencia 2017 en la UPO, un evento anual de divulgaci\u00f3n cient\u00edfica que se celebra a nivel europeo, con el objetivo de acercar la ciencia a la sociedad y despertar la vocaci\u00f3n cient\u00edfica entre la juventud.<\/p>\n<p>Para la segunda semana, del 13 al 19 de noviembre, han sido programados por la Universidad Pablo de Olavide talleres \u2013 \u2018De viaje a la sostenibilidad\u2019; \u2018El d\u00eda de ma\u00f1ana: kit b\u00e1sico de predicci\u00f3n meteorol\u00f3gica\u2019; \u2018Extracci\u00f3n de ADN vegetal\u2019; \u2018Analiza huellas dactilares como en CSI\u2019\u2013, las jornadas \u2018Las patentes como fuente de informaci\u00f3n para la investigaci\u00f3n. Nueva ley de patentes\u2019, as\u00ed como tres Jornadas de Puertas Abiertas en el Centro Andaluz de Biolog\u00eda del Desarrollo (CABD), donde adem\u00e1s los alumnos y alumnas asistir\u00e1n a talleres te\u00f3rico-pr\u00e1cticos sobre temas en los que trabajan los cient\u00edficos del CABD, de este modo podr\u00e1n conocer m\u00e1s de cerca c\u00f3mo se investiga en biolog\u00eda del desarrollo.<\/p>\n<p>&nbsp;<\/p>\n<p><b>SEMANA DE LA CIENCIA 2017 EN LA UPO<\/b><\/p>\n<p><b>Encuentros \u2018Caf\u00e9 con Ciencia\u2019<br \/>\n<\/b>De 10 a 11.30 horas<br \/>\nUniversidad Pablo de Olavide. Rectorado, planta baja.<\/p>\n<p><b>Programa:<\/b><\/p>\n<p><span style=\"text-decoration: underline;\" data-mce-mark=\"1\">Martes, 7 de noviembre<\/span><\/p>\n<p><b>Investigar en enfermedades raras: ciencia con conciencia. <\/b><\/p>\n<p>Responsable cient\u00edfico: Juan Carlos Rodr\u00edguez Aguilera.<\/p>\n<p><b>Mis h\u00e1bitos condicionan mi envejecimiento. <\/b><\/p>\n<p>Responsable cient\u00edfico: Guillermo L\u00f3pez Lluch.<\/p>\n<p><b>\u00bfQu\u00e9 responder\u00edas si un extraterrestre te preguntara cu\u00e1ntas especies distintas tenemos en el planeta Tierra?: explorando las dimensiones y amenazas de la biodiversidad. <\/b><\/p>\n<p>Responsable cient\u00edfico: Santiago Mart\u00edn Bravo.<\/p>\n<p><b>Comunicaci\u00f3n entre cerebro y ordenador: hacia la Neurociencia del futuro. <\/b><\/p>\n<p>Responsable cient\u00edfico: Javier M\u00e1rquez Ruiz.<\/p>\n<p>&nbsp;<\/p>\n<p><span style=\"text-decoration: underline;\" data-mce-mark=\"1\">Mi\u00e9rcoles, 8 de noviembre<\/span><\/p>\n<p><b>\u00bfPor qu\u00e9 nuestros pol\u00edticos no son tan diferentes de los ciudadanos? Las ciencias sociales<\/b><\/p>\n<p><b>como \u201cdestroza-mitos\u201d. <\/b><\/p>\n<p>Responsable cient\u00edfico: Xavier Coller Porta<\/p>\n<p><b>Retos actuales a los que se debe enfrentar un traductor: \u00bfc\u00f3mo se traduce aquello que \u201cno tiene traducci\u00f3n\u201d en las pel\u00edculas? \u00bfPuede un ordenador traducir como las personas y dejarnos sin trabajo? <\/b><\/p>\n<p>Responsables cient\u00edficas: Isabel Briales Bell\u00f3n y Lorena P\u00e9rez Mac\u00edas.<\/p>\n<p><b>Seremos capaces de romper la barrera de las 2 horas en el marat\u00f3n. <\/b><\/p>\n<p>Responsable cient\u00edfico: Pablo Flor\u00eda Mart\u00edn<\/p>\n<p><b>Investigaci\u00f3n sobre Aprendizaje Servicio (ApS) de la UPO. <\/b><\/p>\n<p>Responsables cient\u00edficos: Rosa M\u00aa Rodr\u00edguez Izquierdo y Rafael Hern\u00e1ndez Carrera<\/p>\n<p>&nbsp;<\/p>\n<p><span style=\"text-decoration: underline;\" data-mce-mark=\"1\">Jueves, 9 de noviembre<\/span><\/p>\n<p><b>Por qu\u00e9 el coenzima Q es mucho m\u00e1s que eso que llevan las cremas. <\/b><\/p>\n<p>Responsable cient\u00edfica: Gloria Brea Calvo. \u00c1rea de Biolog\u00eda Celular<\/p>\n<p><b>La evoluci\u00f3n biol\u00f3gica de d\u00eda a d\u00eda. <\/b><\/p>\n<p>Responsable cient\u00edfico: Pim Edelaar.<\/p>\n<p><b>Lo esencial es invisible al ojo humano (como nuestras amigas las bacterias). <\/b><\/p>\n<p>Responsable cient\u00edfica: Bel\u00e9n Floriano Pardal.<\/p>\n<p><b>\u00bfQui\u00e9n hace los diccionarios especializados? \u00bfQui\u00e9n crea los subt\u00edtulos de las pel\u00edculas<\/b><\/p>\n<p><b>en versi\u00f3n original? <\/b><\/p>\n<p>Responsable cient\u00edfico: Gustavo Filsinger Senftleben.<\/p>\n<p><b>M\u00e1s informaci\u00f3n sobre la Semana de la Ciencia 2017 en la UPO:<\/b><\/p>\n<ul>\n<li><a href=\"http:\/\/www.upo.es\/semanadelaciencia\">www.upo.es\/semanadelaciencia<\/a><\/li>\n<li><a href=\"https:\/\/www.upo.es\/cms1\/export\/sites\/upo\/semanadelaciencia\/Programa_Semana-de-la-CienciaUPO_2017.pdf\">Programa \u2013PDF\u2013<\/a><\/li>\n<\/ul>\n","protected":false},"excerpt":{"rendered":"<p>La Universidad Pablo de Olavide se suma a la Semana de la Ciencia 2017, que se celebra en Andaluc\u00eda del 6 al 19 de noviembre coordinada por la Fundaci\u00f3n Descubre. Las actividades programadas en el campus de la UPO para esta edici\u00f3n han comenzado con los encuentros Caf\u00e9 con Ciencia, donde estudiantes de secundaria, bachillerato y ciclos formativos han compartido desayuno junto a cient\u00edficos y cient\u00edficas de la Universidad.<\/p>\n","protected":false},"author":6,"featured_media":0,"comment_status":"closed","ping_status":"open","sticky":false,"template":"","format":"standard","meta":{"_monsterinsights_skip_tracking":false,"_monsterinsights_sitenote_active":false,"_monsterinsights_sitenote_note":"","_monsterinsights_sitenote_category":0,"footnotes":""},"categories":[6],"tags":[43,544,2645,2312,83,969,549],"class_list":["post-24805895","post","type-post","status-publish","format-standard","hentry","category-institucional","tag-cabd","tag-conferencias","tag-divulgacion-cientifica","tag-jornadas-de-puertas-abiertas","tag-otri","tag-semana-de-la-ciencia","tag-talleres"],"_links":{"self":[{"href":"https:\/\/www.upo.es\/diario\/wp-json\/wp\/v2\/posts\/24805895","targetHints":{"allow":["GET"]}}],"collection":[{"href":"https:\/\/www.upo.es\/diario\/wp-json\/wp\/v2\/posts"}],"about":[{"href":"https:\/\/www.upo.es\/diario\/wp-json\/wp\/v2\/types\/post"}],"author":[{"embeddable":true,"href":"https:\/\/www.upo.es\/diario\/wp-json\/wp\/v2\/users\/6"}],"replies":[{"embeddable":true,"href":"https:\/\/www.upo.es\/diario\/wp-json\/wp\/v2\/comments?post=24805895"}],"version-history":[{"count":8,"href":"https:\/\/www.upo.es\/diario\/wp-json\/wp\/v2\/posts\/24805895\/revisions"}],"predecessor-version":[{"id":24846749,"href":"https:\/\/www.upo.es\/diario\/wp-json\/wp\/v2\/posts\/24805895\/revisions\/24846749"}],"wp:attachment":[{"href":"https:\/\/www.upo.es\/diario\/wp-json\/wp\/v2\/media?parent=24805895"}],"wp:term":[{"taxonomy":"category","embeddable":true,"href":"https:\/\/www.upo.es\/diario\/wp-json\/wp\/v2\/categories?post=24805895"},{"taxonomy":"post_tag","embeddable":true,"href":"https:\/\/www.upo.es\/diario\/wp-json\/wp\/v2\/tags?post=24805895"}],"curies":[{"name":"wp","href":"https:\/\/api.w.org\/{rel}","templated":true}]}}