{"id":24826866,"date":"2017-11-07T05:06:42","date_gmt":"2017-11-07T04:06:42","guid":{"rendered":"https:\/\/www.upo.es\/diario\/?p=24826866"},"modified":"2020-10-27T15:11:41","modified_gmt":"2020-10-27T14:11:41","slug":"la-primera-conferencia-mundial-sobre-la-diaspora-africana-que-se-celebra-en-europa-tendra-lugar-en-la-upo","status":"publish","type":"post","link":"https:\/\/www.upo.es\/diario\/docencia-formacion\/2017\/11\/la-primera-conferencia-mundial-sobre-la-diaspora-africana-que-se-celebra-en-europa-tendra-lugar-en-la-upo\/","title":{"rendered":"La primera Conferencia Mundial sobre la Di\u00e1spora Africana que se celebra en Europa, en la UPO"},"content":{"rendered":"<figure id=\"attachment_24855382\" aria-describedby=\"caption-attachment-24855382\" style=\"width: 320px\" class=\"wp-caption alignright\"><a href=\"https:\/\/www.upo.es\/diario\/wp-content\/uploads\/2017\/11\/ASWAD_2017_11_08_12.jpg\"><img loading=\"lazy\" decoding=\"async\" class=\"size-medium wp-image-24855382\" alt=\"Sesi\u00f3n plenaria del Congreso en el Paraninfo\" src=\"https:\/\/www.upo.es\/diario\/wp-content\/uploads\/2017\/11\/ASWAD_2017_11_08_12-320x213.jpg\" width=\"320\" height=\"213\" srcset=\"https:\/\/www.upo.es\/diario\/wp-content\/uploads\/2017\/11\/ASWAD_2017_11_08_12-320x213.jpg 320w, https:\/\/www.upo.es\/diario\/wp-content\/uploads\/2017\/11\/ASWAD_2017_11_08_12-600x400.jpg 600w\" sizes=\"auto, (max-width: 320px) 100vw, 320px\" \/><\/a><figcaption id=\"caption-attachment-24855382\" class=\"wp-caption-text\">Sesi\u00f3n plenaria del Congreso en el Paraninfo<\/figcaption><\/figure>\n<p><span style=\"text-decoration: underline;\">Desde el martes 7 hasta el s\u00e1bado 11 de noviembre, la Universidad Pablo de Olavide \u00a0\u2013a trav\u00e9s del \u00c1rea de Historia Moderna\u2013 y con la colaboraci\u00f3n de la Fundaci\u00f3n Tres Culturas del Mediterr\u00e1neo, acoge la 9\u00aa Conferencia Bienal de la Asociaci\u00f3n para el Estudio de la Di\u00e1spora Mundial Africana (ASWAD), la primera edici\u00f3n que se celebra en Europa.<\/span> <b>Leslie Alexander<\/b>, presidenta de ASWAD (Asociaci\u00f3n para el Estudio de la Di\u00e1spora Mundial Africana); <b>Pilar Rodr\u00edguez Reina<\/b>, vicerrectora de Relaciones Institucionales y Comunicaci\u00f3n de la UPO; y <b>Jos\u00e9 Manuel Cervera Grajera<\/b>, director gerente de Fundaci\u00f3n Tres Culturas, inaugurar\u00e1n la conferencia en el Pabell\u00f3n de Marruecos de la Isla de la Cartuja (C\/ Max Planck, 2. Sevilla). La entrada es libre y gratuita hasta completar aforo.<\/p>\n<p><span style=\"text-decoration: underline;\"><a href=\"https:\/\/www.upo.es\/diario\/wp-content\/uploads\/2017\/11\/imagen_DiasporaAfricana.jpg\"><img loading=\"lazy\" decoding=\"async\" class=\"alignright size-medium wp-image-24826867\" alt=\"imagen_DiasporaAfricana\" src=\"https:\/\/www.upo.es\/diario\/wp-content\/uploads\/2017\/11\/imagen_DiasporaAfricana-247x320.jpg\" width=\"247\" height=\"320\" \/><\/a><\/span>M\u00e1s de cuatrocientos investigadores e investigadoras de todo el mundo participan en este congreso para presentar sus conclusiones sobre el estudio de la emigraci\u00f3n africana al resto de continentes desde todas las perspectivas: pol\u00edtica, hist\u00f3rica, art\u00edstica, de g\u00e9nero, antropol\u00f3gica, sociol\u00f3gica, activista, etc\u00e9tera.<\/p>\n<p>En palabras de <b>Leslie M. Alexander<\/b>, presidenta de ASWAD, \u201cdada la corriente de clima pol\u00edtico global, sentimos que era particularmente importante celebrar esta conferencia en Europa, donde podemos apreciar de forma \u00fanica el aspecto hist\u00f3rico y los problemas contempor\u00e1neos de las desigualdades sociales sistem\u00e1ticas y desde hace tiempo con los pueblos de \u00c1frica. En los d\u00edas de la conferencia, analizaremos c\u00f3mo los pueblos africanos se han resistido en todo el mundo a la opresi\u00f3n, c\u00f3mo forjaron nuevas identidades y culturas, desafiaron las conceptualizaciones de estado y ciudadan\u00eda, y obligaron a nuevas consideraciones de los conceptos de hogar y pertenencia. Estos debates son particularmente oportunos y urgentes dado el resurgimiento del racismo, nacionalismo, neonazismo, islamofobia, misoginia y homofobia en los \u00faltimos a\u00f1os\u201d.<\/p>\n<p>En esta edici\u00f3n de la conferencia de ASWAD, ser\u00e1 la primera vez que se desarrollen sesiones con tem\u00e1tica activista, de manera que se brindar\u00e1 un espacio para que activistas de todo el mundo puedan exponer sus experiencias y desarrollar nuevas estrategias. Adem\u00e1s, durante las cinco jornadas del congreso, con el objetivo de dar a conocer el rico pasado y presente de las relaciones de Sevilla con el continente africano, paralelamente a la conferencia tendr\u00e1n lugar conciertos, performances, el rodaje de un documental y hasta visitas guiadas \u2013\u201cSevilla Africana\u201d- dise\u00f1adas como resultado del Trabajo Fin de Grado de una estudiante del Doble Grado en Humanidades y Traducci\u00f3n e Interpretaci\u00f3n, <b>Ana Moreno<\/b>.<\/p>\n<p>En el marco de esta conferencia mundial, la Biblioteca de la Universidad Pablo de Olavide acoge, desde el pasado 31 de octubre, cuatro exposiciones de arte africano con obras cedidas por la Asociaci\u00f3n Cultura y Cooperaci\u00f3n con \u00c1frica <b>El Gulmu<\/b> y los artistas <b>Jes\u00fas Cosano<\/b> y <b>Berta Luna. <\/b>La muestra puede visitarse hasta el 15 de noviembre.<\/p>\n<p>La ASWAD es una asociaci\u00f3n sin \u00e1nimo de lucro de expertos y expertas internacionales que tuvo su origen en Estados Unidos. Su objetivo es la comprensi\u00f3n de la di\u00e1spora africana, es decir, la dispersi\u00f3n de afrodescendientes por todo el mundo. A trav\u00e9s del examen de la historia, danza, antropolog\u00eda, literatura, estudios de la mujer, educaci\u00f3n, geolog\u00eda, ciencias pol\u00edticas, sociolog\u00eda, lenguaje, arte, m\u00fasica, cine, teatro, biolog\u00eda, fotograf\u00eda, etc\u00e9tera, la asociaci\u00f3n busca compartir las investigaciones m\u00e1s recientes mediante simposios, publicaciones y conferencias como la que tiene lugar en la Universidad Pablo de Olavide.<\/p>\n<p>M\u00e1s informaci\u00f3n sobre la <a href=\"http:\/\/aswadiaspora.org\/conferences\/\">9\u00aa Conferencia Bienal de la Asociaci\u00f3n para el Estudio de la Di\u00e1spora Mundial Africana (ASWAD)<\/a><\/p>\n","protected":false},"excerpt":{"rendered":"<p>Desde el martes 7 hasta el s\u00e1bado 11 de noviembre, la Universidad Pablo de Olavide \u2013a trav\u00e9s del \u00c1rea de Historia Moderna- y con la colaboraci\u00f3n de la Fundaci\u00f3n Tres Culturas del Mediterr\u00e1neo, acoge la 9\u00aa Conferencia Bienal de la Asociaci\u00f3n para el Estudio de la Di\u00e1spora Mundial Africana (ASWAD), la primera edici\u00f3n que se celebra en Europa. La entrada es libre y gratuita.<\/p>\n","protected":false},"author":14,"featured_media":0,"comment_status":"closed","ping_status":"open","sticky":false,"template":"","format":"standard","meta":{"_monsterinsights_skip_tracking":false,"_monsterinsights_sitenote_active":false,"_monsterinsights_sitenote_note":"","_monsterinsights_sitenote_category":0,"footnotes":""},"categories":[2779],"tags":[911,1516,4479,4493,4478,56,1284],"class_list":["post-24826866","post","type-post","status-publish","format-standard","hentry","category-docencia-formacion","tag-africa","tag-area-de-historia-moderna","tag-aswad","tag-conferencia-mundial","tag-diaspora-africana","tag-investigacion","tag-migracion"],"_links":{"self":[{"href":"https:\/\/www.upo.es\/diario\/wp-json\/wp\/v2\/posts\/24826866","targetHints":{"allow":["GET"]}}],"collection":[{"href":"https:\/\/www.upo.es\/diario\/wp-json\/wp\/v2\/posts"}],"about":[{"href":"https:\/\/www.upo.es\/diario\/wp-json\/wp\/v2\/types\/post"}],"author":[{"embeddable":true,"href":"https:\/\/www.upo.es\/diario\/wp-json\/wp\/v2\/users\/14"}],"replies":[{"embeddable":true,"href":"https:\/\/www.upo.es\/diario\/wp-json\/wp\/v2\/comments?post=24826866"}],"version-history":[{"count":5,"href":"https:\/\/www.upo.es\/diario\/wp-json\/wp\/v2\/posts\/24826866\/revisions"}],"predecessor-version":[{"id":30862291,"href":"https:\/\/www.upo.es\/diario\/wp-json\/wp\/v2\/posts\/24826866\/revisions\/30862291"}],"wp:attachment":[{"href":"https:\/\/www.upo.es\/diario\/wp-json\/wp\/v2\/media?parent=24826866"}],"wp:term":[{"taxonomy":"category","embeddable":true,"href":"https:\/\/www.upo.es\/diario\/wp-json\/wp\/v2\/categories?post=24826866"},{"taxonomy":"post_tag","embeddable":true,"href":"https:\/\/www.upo.es\/diario\/wp-json\/wp\/v2\/tags?post=24826866"}],"curies":[{"name":"wp","href":"https:\/\/api.w.org\/{rel}","templated":true}]}}