{"id":2482880,"date":"2014-01-08T05:55:12","date_gmt":"2014-01-08T05:55:12","guid":{"rendered":"https:\/\/www.upo.es\/diario\/?p=2482880"},"modified":"2014-01-08T07:04:52","modified_gmt":"2014-01-08T07:04:52","slug":"manana-en-la-upo-conferencia-de-manuel-zafra-sobre-representacion-y-participacion-en-la-democracia-el-caso-de-los-municipios","status":"publish","type":"post","link":"https:\/\/www.upo.es\/diario\/institucional\/2014\/01\/manana-en-la-upo-conferencia-de-manuel-zafra-sobre-representacion-y-participacion-en-la-democracia-el-caso-de-los-municipios\/","title":{"rendered":"Hoy en la UPO, conferencia de Manuel Zafra sobre \u201cRepresentaci\u00f3n y participaci\u00f3n en la democracia. El caso de los municipios\u201d"},"content":{"rendered":"<p style=\"text-align: justify;\">Hoy mi\u00e9rcoles, 8 de enero, a las 16:30 horas en el aula B.04 del edificio 45 de la Universidad Pablo de Olavide, Manuel Zafra, profesor de Ciencia Pol\u00edtica y de la Administraci\u00f3n en la Universidad de Granada, impartir\u00e1 la conferencia \u201cRepresentaci\u00f3n y participaci\u00f3n en la democracia. El caso de los municipios\u201d. Esta actividad se celebra en el marco del \u00c1gora del <a href=\"http:\/\/www.upo.es\/postgrado\/Master-Oficial-Sociedad-Administracion-y-Politica\">m\u00e1ster universitario \u201cSociedad, Administraci\u00f3n y Pol\u00edtica\u201d <\/a>de la UPO.<\/p>\n<p style=\"text-align: justify;\">Manuel Zafra V\u00edctor es doctor en Derecho y profesor titular de Ciencia Pol\u00edtica y de la Administraci\u00f3n P\u00fablica de la Universidad de Granada. Ha sido director general de Cooperaci\u00f3n Local en el Ministerio de Administraciones P\u00fablicas (2004-2007), director general de Administraci\u00f3n Local en la Junta de Andaluc\u00eda (2008-2010) y director del Plan Estrat\u00e9gico de la Diputaci\u00f3n de Granada (2003-2004). Es director acad\u00e9mico de Gesti\u00f3n P\u00fablica en el M\u00e1ster de Administraciones P\u00fablicas del CEMCI-Universidad Carlos III y director de Perspectiva Hist\u00f3rica de la Universidad de Granada.<\/p>\n<p style=\"text-align: justify;\">La conferencia de Manuel Zafra forma parte del ciclo de ponencias presentadas en el m\u00e1ster universitario \u201cSociedad, Administraci\u00f3n y Pol\u00edtica\u201d de la UPO, que tiene como objetivo analizar los problemas sociopol\u00edticos actuales derivados de las relaciones cambiantes entre la pol\u00edtica, la administraci\u00f3n y una sociedad en transformaci\u00f3n continua. De este modo, el m\u00f3dulo \u00c1gora es un espacio de deliberaci\u00f3n p\u00fablica en el que acad\u00e9micos de prestigio ofrecen sus reflexiones sobre aspectos relevantes y actuales de la vida social y pol\u00edtica.<\/p>\n","protected":false},"excerpt":{"rendered":"<p>Hoy mi\u00e9rcoles, 8 de enero, a las 16:30 horas en el aula B.04 del edificio 45 de la Universidad Pablo de Olavide, Manuel Zafra, profesor de Ciencia Pol\u00edtica y de la Administraci\u00f3n en la Universidad de Granada, impartir\u00e1 la conferencia \u201cRepresentaci\u00f3n y participaci\u00f3n en la democracia. El caso de los municipios\u201d. Esta actividad se celebra en el marco del \u00c1gora del m\u00e1ster universitario \u201cSociedad, Administraci\u00f3n y Pol\u00edtica\u201d de la UPO.<\/p>\n","protected":false},"author":4,"featured_media":0,"comment_status":"closed","ping_status":"open","sticky":false,"template":"","format":"standard","meta":{"_monsterinsights_skip_tracking":false,"_monsterinsights_sitenote_active":false,"_monsterinsights_sitenote_note":"","_monsterinsights_sitenote_category":0,"footnotes":""},"categories":[6],"tags":[85,227,118,663,1071],"class_list":["post-2482880","post","type-post","status-publish","format-standard","hentry","category-institucional","tag-agora","tag-conferencia","tag-master","tag-musap","tag-sociedad-administracion-y-politica"],"_links":{"self":[{"href":"https:\/\/www.upo.es\/diario\/wp-json\/wp\/v2\/posts\/2482880","targetHints":{"allow":["GET"]}}],"collection":[{"href":"https:\/\/www.upo.es\/diario\/wp-json\/wp\/v2\/posts"}],"about":[{"href":"https:\/\/www.upo.es\/diario\/wp-json\/wp\/v2\/types\/post"}],"author":[{"embeddable":true,"href":"https:\/\/www.upo.es\/diario\/wp-json\/wp\/v2\/users\/4"}],"replies":[{"embeddable":true,"href":"https:\/\/www.upo.es\/diario\/wp-json\/wp\/v2\/comments?post=2482880"}],"version-history":[{"count":2,"href":"https:\/\/www.upo.es\/diario\/wp-json\/wp\/v2\/posts\/2482880\/revisions"}],"predecessor-version":[{"id":2490020,"href":"https:\/\/www.upo.es\/diario\/wp-json\/wp\/v2\/posts\/2482880\/revisions\/2490020"}],"wp:attachment":[{"href":"https:\/\/www.upo.es\/diario\/wp-json\/wp\/v2\/media?parent=2482880"}],"wp:term":[{"taxonomy":"category","embeddable":true,"href":"https:\/\/www.upo.es\/diario\/wp-json\/wp\/v2\/categories?post=2482880"},{"taxonomy":"post_tag","embeddable":true,"href":"https:\/\/www.upo.es\/diario\/wp-json\/wp\/v2\/tags?post=2482880"}],"curies":[{"name":"wp","href":"https:\/\/api.w.org\/{rel}","templated":true}]}}