{"id":24834034,"date":"2017-11-07T10:37:03","date_gmt":"2017-11-07T10:37:03","guid":{"rendered":"https:\/\/www.upo.es\/diario\/?p=24834034"},"modified":"2017-11-08T08:32:29","modified_gmt":"2017-11-08T08:32:29","slug":"marta-rojas-y-jesus-marinelli-premiados-con-un-ipad-por-participar-en-la-evaluacion-de-la-docencia","status":"publish","type":"post","link":"https:\/\/www.upo.es\/diario\/institucional\/2017\/11\/marta-rojas-y-jesus-marinelli-premiados-con-un-ipad-por-participar-en-la-evaluacion-de-la-docencia\/","title":{"rendered":"Marta Rojas y Jes\u00fas Marinelli, premiados con un iPad por participar en la evaluaci\u00f3n de la docencia"},"content":{"rendered":"<figure id=\"attachment_24834329\" aria-describedby=\"caption-attachment-24834329\" style=\"width: 600px\" class=\"wp-caption aligncenter\"><a href=\"https:\/\/www.upo.es\/diario\/wp-content\/uploads\/2017\/11\/Premios-Est-Ev-PDI_20171107.jpg\"><img loading=\"lazy\" decoding=\"async\" class=\"size-large wp-image-24834329\" alt=\"Bel\u00e9n Floriano, Jes\u00fas Marinelli, Marta Rojas y Vicente Guzm\u00e1n\" src=\"https:\/\/www.upo.es\/diario\/wp-content\/uploads\/2017\/11\/Premios-Est-Ev-PDI_20171107-600x337.jpg\" width=\"600\" height=\"337\" srcset=\"https:\/\/www.upo.es\/diario\/wp-content\/uploads\/2017\/11\/Premios-Est-Ev-PDI_20171107-600x337.jpg 600w, https:\/\/www.upo.es\/diario\/wp-content\/uploads\/2017\/11\/Premios-Est-Ev-PDI_20171107-320x179.jpg 320w\" sizes=\"auto, (max-width: 600px) 100vw, 600px\" \/><\/a><figcaption id=\"caption-attachment-24834329\" class=\"wp-caption-text\">Bel\u00e9n Floriano, Jes\u00fas Marinelli, Marta Rojas y Vicente Guzm\u00e1n<\/figcaption><\/figure>\n<p>Jes\u00fas Manuel Marinelli, estudiante de segundo curso del doble grado en Derecho y Criminolog\u00eda, y Marta Rojas Rodr\u00edguez, que actualmente cursa el segundo curso del M\u00e1ster en Biotecnolog\u00eda Sanitaria, han recibido hoy de manos del rector Vicente Guzm\u00e1n un iPad Mini, premio sorteado entre los alumnos y alumnas de grado y postgrado que han participado durante el curso 2016\/2017 en las encuestas de evaluaci\u00f3n del profesorado de la Universidad.<\/p>\n<p>Bel\u00e9n Floriano, delegada del rector para la Calidad de la Universidad Pablo de Olavide, ha asistido al acto de entrega de los premios y ha agradecido a los estudiantes la participaci\u00f3n en la evaluaci\u00f3n de la actividad docente, una herramienta fundamental para mejorar la docencia impartida por la UPO tanto en titulaciones de grado como de postgrado.<\/p>\n<p>Con objeto de fomentar la participaci\u00f3n y reconocer el esfuerzo realizado por el alumnado, se realizan dos sorteos, uno entre los estudiantes de grado y otro para los alumnos y alumnas de postgrado, que han completado todas las encuestas de los profesores que han tenido durante el curso acad\u00e9mico. La evaluaci\u00f3n de la docencia se realiza de forma <i>online<\/i>, facilitando as\u00ed a los estudiantes evaluar a sus profesores y profesoras a trav\u00e9s de la web la Universidad, mediante el acceso personalizado.<\/p>\n<p>&nbsp;<\/p>\n<p><iframe loading=\"lazy\" src=\"https:\/\/www.youtube.com\/embed\/erDNmFP5LCQ\" height=\"315\" width=\"560\" allowfullscreen=\"\" frameborder=\"0\"><\/iframe><\/p>\n","protected":false},"excerpt":{"rendered":"<p>Jes\u00fas Manuel Marinelli, estudiante de segundo curso del doble grado en Derecho y Criminolog\u00eda, y Marta Rojas Rodr\u00edguez, que actualmente cursa el segundo curso del M\u00e1ster en Biotecnolog\u00eda Sanitaria, han recibido de manos del rector Vicente Guzm\u00e1n un iPad Mini, premio sorteado entre los alumnos y alumnas de grado y postgrado que han participado durante el curso 2016\/2017 en las encuestas de evaluaci\u00f3n del profesorado de la Universidad.<\/p>\n","protected":false},"author":6,"featured_media":0,"comment_status":"closed","ping_status":"open","sticky":false,"template":"","format":"standard","meta":{"_monsterinsights_skip_tracking":false,"_monsterinsights_sitenote_active":false,"_monsterinsights_sitenote_note":"","_monsterinsights_sitenote_category":0,"footnotes":""},"categories":[6],"tags":[740,1973,21,680,82,199,38,106],"class_list":["post-24834034","post","type-post","status-publish","format-standard","hentry","category-institucional","tag-calidad","tag-docencia","tag-estudiantes","tag-grado","tag-postgrado","tag-profesorado","tag-rector","tag-vicente-c-guzman"],"_links":{"self":[{"href":"https:\/\/www.upo.es\/diario\/wp-json\/wp\/v2\/posts\/24834034","targetHints":{"allow":["GET"]}}],"collection":[{"href":"https:\/\/www.upo.es\/diario\/wp-json\/wp\/v2\/posts"}],"about":[{"href":"https:\/\/www.upo.es\/diario\/wp-json\/wp\/v2\/types\/post"}],"author":[{"embeddable":true,"href":"https:\/\/www.upo.es\/diario\/wp-json\/wp\/v2\/users\/6"}],"replies":[{"embeddable":true,"href":"https:\/\/www.upo.es\/diario\/wp-json\/wp\/v2\/comments?post=24834034"}],"version-history":[{"count":4,"href":"https:\/\/www.upo.es\/diario\/wp-json\/wp\/v2\/posts\/24834034\/revisions"}],"predecessor-version":[{"id":24839515,"href":"https:\/\/www.upo.es\/diario\/wp-json\/wp\/v2\/posts\/24834034\/revisions\/24839515"}],"wp:attachment":[{"href":"https:\/\/www.upo.es\/diario\/wp-json\/wp\/v2\/media?parent=24834034"}],"wp:term":[{"taxonomy":"category","embeddable":true,"href":"https:\/\/www.upo.es\/diario\/wp-json\/wp\/v2\/categories?post=24834034"},{"taxonomy":"post_tag","embeddable":true,"href":"https:\/\/www.upo.es\/diario\/wp-json\/wp\/v2\/tags?post=24834034"}],"curies":[{"name":"wp","href":"https:\/\/api.w.org\/{rel}","templated":true}]}}