{"id":24842429,"date":"2017-11-08T18:01:29","date_gmt":"2017-11-08T17:01:29","guid":{"rendered":"https:\/\/www.upo.es\/diario\/?p=24842429"},"modified":"2020-10-27T15:12:35","modified_gmt":"2020-10-27T14:12:35","slug":"kailash-satyarthi-premio-nobel-de-la-paz-investido-doctor-honoris-causa-por-la-universidad-pablo-de-olavide","status":"publish","type":"post","link":"https:\/\/www.upo.es\/diario\/institucional\/2017\/11\/kailash-satyarthi-premio-nobel-de-la-paz-investido-doctor-honoris-causa-por-la-universidad-pablo-de-olavide\/","title":{"rendered":"Kailash Satyarthi, Premio Nobel de la Paz, distinguido Doctor Honoris Causa por la Universidad Pablo de Olavide"},"content":{"rendered":"<figure id=\"attachment_24842431\" aria-describedby=\"caption-attachment-24842431\" style=\"width: 600px\" class=\"wp-caption aligncenter\"><a href=\"https:\/\/www.upo.es\/diario\/wp-content\/uploads\/2017\/11\/Kailash-Satyarthi_Vicente-Guzman.jpg\"><img loading=\"lazy\" decoding=\"async\" class=\"size-large wp-image-24842431\" alt=\"El rector Vicente Guzm\u00e1n y Kailash Satyarthi, Doctor Honoris Causa\" src=\"https:\/\/www.upo.es\/diario\/wp-content\/uploads\/2017\/11\/Kailash-Satyarthi_Vicente-Guzman-600x399.jpg\" width=\"600\" height=\"399\" \/><\/a><figcaption id=\"caption-attachment-24842431\" class=\"wp-caption-text\">El rector Vicente Guzm\u00e1n y Kailash Satyarthi, Doctor Honoris Causa<\/figcaption><\/figure>\n<p><b><span style=\"text-decoration: underline;\">Kailash Satyarthi<\/span><\/b><span style=\"text-decoration: underline;\">, presidente de la Marcha Global contra el Trabajo Infantil, ha sido distiguido esta tarde Doctor Honoris Causa de la Universidad Pablo de Olavide en un acto presidido por el rector <b>Vicente Guzm\u00e1n Fluja<\/b> que ha tenido lugar en el Paraninfo.<\/span> El 10 de octubre de 2014, Kailash Satyarthi fue galardonado con el Premio Nobel de la Paz, junto con la pakistan\u00ed Malala Yousafzai, por su lucha contra la opresi\u00f3n infantil y en favor del derecho de todos los ni\u00f1os y ni\u00f1as a la educaci\u00f3n.<\/p>\n<p>El Acto de Investidura ha estado enmarcado en la presentaci\u00f3n en Espa\u00f1a de la campa\u00f1a mundial \u201c<b>100 Millones por 100 Millones<\/b>\u201d por la erradicaci\u00f3n del trabajo infantil por parte de Kailash Satyarthi. Se trata de una iniciativa mundial que busca impulsar la acci\u00f3n de la juventud a escala local en universidades, escuelas y comunidades de todo el planeta para lograr la erradicaci\u00f3n del trabajo infantil. Es decir, una llamada a la movilizaci\u00f3n de 100 millones de j\u00f3venes en todo el mundo para que reconozcan que su determinaci\u00f3n, energ\u00eda, ideas y conocimiento les convierte en poderosos agentes de cambio.<\/p>\n<p>En su intervenci\u00f3n, Kailash Satyarthi ha agradecido la distinci\u00f3n acad\u00e9mica por parte de la Universidad Pablo de Olavide. El Premio Nobel de la Paz ha descrito sus inicios en el activismo en su pa\u00eds \u2013India- recordando que la situaci\u00f3n respecto a la esclavitud infantil y el tr\u00e1fico de ni\u00f1os y ni\u00f1as era muy diferente en 1981. \u201cEra dif\u00edcil convencer a la gente y no hab\u00eda ninguna regularizaci\u00f3n. Sin embargo, lo dej\u00e9 todo por ayudar a esos ni\u00f1os. La pobreza no es el problema, sino que las causas son sist\u00e9micas, culturales, sociales, econ\u00f3micas, etc\u00e9tera. El trabajo infantil es la negaci\u00f3n m\u00e1s evidente y absoluta de los Derechos Humanos porque a costa de estos ni\u00f1os se genera riqueza, dej\u00e1ndolos en una situaci\u00f3n de vulnerabilidad total\u201d. Satyarthi ha recordado que hoy en d\u00eda la esclavitud no est\u00e1 abolida totalmente. Sin ir m\u00e1s lejos, su organizaci\u00f3n ha liberado a 86.000 ni\u00f1os y ello a pesar de que \u201chan asesinado a dos amigos, tengo el cuerpo lleno de cicatrices y mi casa ha sido saqueada varias veces\u201d. La Marcha Global contra el Trabajo Infantil ha pasado por 103 pa\u00edses y se ha bajado de 260 a 152 millones de ni\u00f1os que trabajan, sin embargo, Kailash Satyarthi explica que \u201ces necesaria esta nueva campa\u00f1a para poner en tela de juicio y cuestionar el sistema actual\u201d, al tiempo que ha interpelado a los j\u00f3venes asistentes porque \u201cvosotros sois el cambio. Conf\u00edo en 100 millones de j\u00f3venes como vosotros que quieren y pueden cambiar la violencia que sufren otros 100 millones de personas\u201d.<\/p>\n<p>El rector ha mostrado su satisfacci\u00f3n por que la UPO haya acogido esta presentaci\u00f3n al tiempo que ha justificado la concesi\u00f3n del Doctorado Honoris Causa a Kailash Satyarthi porque \u201cesta comunidad universitaria quiere cumplir con su compromiso social y ense\u00f1ar a nuestros estudiantes que sus manos son importantes para cambiar el presente y el futuro. Al escucharle hablar sobre su trabajo, se puede comprobar que hemos acertado con nuestro humilde reconocimiento, que le incorpora a nuestra comunidad y por ello, me siento leg\u00edtimamente orgulloso\u201d. Finalmente, Vicente Guzm\u00e1n ha interpelado al Nobel de la Paz para recordarle que \u201cno estar\u00e1s solo. Quienes componemos esta universidad te acompa\u00f1aremos en tus objetivos porque somos comprometidos y estamos comprometidos con tu causa\u201d.<\/p>\n<figure id=\"attachment_24842430\" aria-describedby=\"caption-attachment-24842430\" style=\"width: 320px\" class=\"wp-caption alignright\"><a href=\"https:\/\/www.upo.es\/diario\/wp-content\/uploads\/2017\/11\/100Millonesx100Millones.jpg\"><img loading=\"lazy\" decoding=\"async\" class=\"size-medium wp-image-24842430\" alt=\"Presentaci\u00f3n de la Campa\u00f1a 100 Millones por 100 Millones\" src=\"https:\/\/www.upo.es\/diario\/wp-content\/uploads\/2017\/11\/100Millonesx100Millones-320x213.jpg\" width=\"320\" height=\"213\" \/><\/a><figcaption id=\"caption-attachment-24842430\" class=\"wp-caption-text\">Presentaci\u00f3n de la Campa\u00f1a 100 Millones por 100 Millones<\/figcaption><\/figure>\n<p>Junto al rector, han estado presentes en el Acto de Investidura del Doctorado Honoris Causa el consejero de Econom\u00eda y Conocimiento de la Junta de Andaluc\u00eda, <b>Antonio Ram\u00edrez de Arellano<\/b>, y el director de la Agencia Andaluza de Cooperaci\u00f3n Internacional para el Desarrollo, <b>N\u00e9stor Fern\u00e1ndez Rodr\u00edguez<\/b>. El consejero ha se\u00f1alado que \u201cno estamos hablando solo de justicia, ya que permitir la explotaci\u00f3n infantil es una decisi\u00f3n est\u00fapida porque condena el futuro de la sociedad\u201d. Finalmente, ha felicitado a Kailash Satyarthi y a la Universidad Pablo de Olavide\u00a0 porque \u201ceste reconocimiento en forma de Doctorado Honoris Causa liga a Satyarthi a Andaluc\u00eda y esto es una satisfacci\u00f3n para el gobierno andaluz\u201d.<\/p>\n<p>Kailash Satyarthi (Vidisha, India. 1954) curs\u00f3 estudios de ingenier\u00eda electr\u00f3nica en el Samrat Ashok Technological Institute (SATI) y fue profesor en la universidad de Bhopal. En 1980, renunci\u00f3 a su carrera docente para convertirse en secretario general del Frente de Liberaci\u00f3n del Trabajo en Servidumbre. M\u00e1s tarde, en 1983, fund\u00f3 el Bachpan Bachao Andolan (BBA), Movimiento para Salvar la Infancia. En 1998, lider\u00f3 la Global March Against Child Labor, una movilizaci\u00f3n civil que reuni\u00f3 a m\u00e1s de 7 millones de personas, dando lugar al nacimiento de la Marcha Global que organiza manifestaciones para denunciar el trabajo en condiciones de semiesclavitud de ni\u00f1os y ni\u00f1as en f\u00e1bricas indias. Adem\u00e1s, el activista ha contribuido al desarrollo de importantes convenciones internacionales sobre los derechos de la infancia, colaborando con entidades internacionales de Naciones Unidas.<\/p>\n<p>La presentaci\u00f3n de la campa\u00f1a ha sido organizada por la Universidad Pablo de Olavide junto con la AACID y se enmarca en la celebraci\u00f3n en Sevilla, durante los d\u00edas 8 y 9 de noviembre, del <b>Foro \u201cEspa\u00f1a-Am\u00e9ricas: El rol de la sociedad civil para la erradicaci\u00f3n sostenida del trabajo infantil y la protecci\u00f3n del adolescente trabajador<\/b>\u201d, con la participaci\u00f3n de la Iniciativa Regional Am\u00e9rica Latina y el Caribe libre de Trabajo Infantil y el apoyo de la Organizaci\u00f3n Internacional del Trabajo (OIT).<\/p>\n<p><a title=\"Presentaci\u00f3n de la Campa\u00f1a 100 Millones por 100 Millones\" href=\"https:\/\/www.flickr.com\/photos\/pablodeolavide\/albums\/72157666107409159\" data-flickr-embed=\"true\" data-header=\"true\"><img loading=\"lazy\" decoding=\"async\" alt=\"Presentaci\u00f3n de la Campa\u00f1a 100 Millones por 100 Millones\" src=\"https:\/\/farm5.staticflickr.com\/4553\/24413515978_ee2d9d4432_z.jpg\" width=\"640\" height=\"427\" \/><\/a><script charset=\"utf-8\" type=\"text\/javascript\" src=\"\/\/embedr.flickr.com\/assets\/client-code.js\" async=\"\"><\/script><\/p>\n","protected":false},"excerpt":{"rendered":"<p>Kailash Satyarthi, presidente de la Marcha Global contra el Trabajo Infantil, ha sido distinguido Doctor Honoris Causa de la Universidad Pablo de Olavide en un acto presidido por el rector Vicente Guzm\u00e1n Fluja que ha tenido lugar en el Paraninfo. El 10 de octubre de 2014, Kailash Satyarthi fue galardonado con el Premio Nobel de la Paz, junto con la pakistan\u00ed Malala Yousafzai, por su lucha contra la opresi\u00f3n infantil y en favor del derecho de todos los ni\u00f1os y ni\u00f1as a la educaci\u00f3n. El acto ha estado enmarcado en la presentaci\u00f3n en Espa\u00f1a de la campa\u00f1a mundial \u201c100 Millones por 100 Millones\u201d por la erradicaci\u00f3n del trabajo infantil.<\/p>\n","protected":false},"author":14,"featured_media":0,"comment_status":"closed","ping_status":"open","sticky":false,"template":"","format":"standard","meta":{"_monsterinsights_skip_tracking":false,"_monsterinsights_sitenote_active":false,"_monsterinsights_sitenote_note":"","_monsterinsights_sitenote_category":0,"footnotes":""},"categories":[6],"tags":[4477,92,1078,4475,4474,38,4476],"class_list":["post-24842429","post","type-post","status-publish","format-standard","hentry","category-institucional","tag-100-millones-por-100-millones","tag-derechos-humanos","tag-doctor-honoris-causa","tag-kailash-satyarthi","tag-nobel-de-la-paz","tag-rector","tag-trabajo-infantil"],"_links":{"self":[{"href":"https:\/\/www.upo.es\/diario\/wp-json\/wp\/v2\/posts\/24842429","targetHints":{"allow":["GET"]}}],"collection":[{"href":"https:\/\/www.upo.es\/diario\/wp-json\/wp\/v2\/posts"}],"about":[{"href":"https:\/\/www.upo.es\/diario\/wp-json\/wp\/v2\/types\/post"}],"author":[{"embeddable":true,"href":"https:\/\/www.upo.es\/diario\/wp-json\/wp\/v2\/users\/14"}],"replies":[{"embeddable":true,"href":"https:\/\/www.upo.es\/diario\/wp-json\/wp\/v2\/comments?post=24842429"}],"version-history":[{"count":5,"href":"https:\/\/www.upo.es\/diario\/wp-json\/wp\/v2\/posts\/24842429\/revisions"}],"predecessor-version":[{"id":24883376,"href":"https:\/\/www.upo.es\/diario\/wp-json\/wp\/v2\/posts\/24842429\/revisions\/24883376"}],"wp:attachment":[{"href":"https:\/\/www.upo.es\/diario\/wp-json\/wp\/v2\/media?parent=24842429"}],"wp:term":[{"taxonomy":"category","embeddable":true,"href":"https:\/\/www.upo.es\/diario\/wp-json\/wp\/v2\/categories?post=24842429"},{"taxonomy":"post_tag","embeddable":true,"href":"https:\/\/www.upo.es\/diario\/wp-json\/wp\/v2\/tags?post=24842429"}],"curies":[{"name":"wp","href":"https:\/\/api.w.org\/{rel}","templated":true}]}}