{"id":24890162,"date":"2017-11-15T11:13:12","date_gmt":"2017-11-15T11:13:12","guid":{"rendered":"https:\/\/www.upo.es\/diario\/?p=24890162"},"modified":"2017-11-15T14:33:32","modified_gmt":"2017-11-15T14:33:32","slug":"primera-de-las-jornadas-de-puertas-abiertas-del-cabd-con-motivo-de-la-semana-de-la-ciencia-en-la-upo","status":"publish","type":"post","link":"https:\/\/www.upo.es\/diario\/institucional\/2017\/11\/primera-de-las-jornadas-de-puertas-abiertas-del-cabd-con-motivo-de-la-semana-de-la-ciencia-en-la-upo\/","title":{"rendered":"Primera de las Jornadas de Puertas Abiertas del CABD con motivo de la Semana de la Ciencia en la UPO"},"content":{"rendered":"<figure id=\"attachment_24890165\" aria-describedby=\"caption-attachment-24890165\" style=\"width: 320px\" class=\"wp-caption alignright\"><a href=\"https:\/\/www.upo.es\/diario\/wp-content\/uploads\/2017\/11\/CABD_Puertas-Abiertas_07.jpg\"><img loading=\"lazy\" decoding=\"async\" class=\"size-medium wp-image-24890165\" alt=\"Estudiantes observando la Drosophila melanogaster\" src=\"https:\/\/www.upo.es\/diario\/wp-content\/uploads\/2017\/11\/CABD_Puertas-Abiertas_07-320x213.jpg\" width=\"320\" height=\"213\" srcset=\"https:\/\/www.upo.es\/diario\/wp-content\/uploads\/2017\/11\/CABD_Puertas-Abiertas_07-320x213.jpg 320w, https:\/\/www.upo.es\/diario\/wp-content\/uploads\/2017\/11\/CABD_Puertas-Abiertas_07-600x400.jpg 600w\" sizes=\"auto, (max-width: 320px) 100vw, 320px\" \/><\/a><figcaption id=\"caption-attachment-24890165\" class=\"wp-caption-text\">Estudiantes observando la Drosophila melanogaster<\/figcaption><\/figure>\n<p>La primera de las<strong> Jornadas de Puertas Abiertas del Centro Andaluz de Biolog\u00eda del Desarrollo (CABD)<\/strong>, organizadas con motivo de la <a href=\"https:\/\/www.upo.es\/semanadelaciencia\/\">Semana de la Ciencia en la Universidad Pablo de Olavide<\/a>, ha tenido lugar esta ma\u00f1ana en el campus. Estudiantes de cuarto de secundaria, de bachillerato y de ciclos formativos han visitado las instalaciones del centro de investigaci\u00f3n tras ser recibidos en el sal\u00f3n de actos por Jaime Carvajal, investigador del grupo de Regulaci\u00f3n G\u00e9nica y Morfog\u00e9nesis, recientemente distinguido como Unidad de Excelencia Mar\u00eda de Maeztu.<\/p>\n<p>Tras la introducci\u00f3n, el alumnado dividido en grupos, ha podido participar en distintos talleres te\u00f3rico-pr\u00e1cticos sobre temas en los que trabajan los cient\u00edficos y cient\u00edficas del CABD, conociendo m\u00e1s de cerca c\u00f3mo se investiga en biolog\u00eda del desarrollo. As\u00ed, han sido organizadas las siguientes actividades que continuar\u00e1n ma\u00f1ana jueves y el viernes 17: \u2018Microgusanos: observaci\u00f3n directa y \u00a0manipulaci\u00f3n del nematodo <i>C. Elegans <\/i>en lupas\u2019; \u2018Vertebrados: biolog\u00eda del desarrollo de vertebrados acu\u00e1ticos\u2019; \u2018Moscas: Drosophila melanogaster\u2019; y \u2018El uso de transg\u00e9nicos de rat\u00f3n en investigaci\u00f3n\u2019.<\/p>\n<p>La Semana de la Ciencia en Andaluc\u00eda, coordinada por la Fundaci\u00f3n Descubre, contin\u00faa en la Universidad Pablo de Olavide con actividades que han sido programadas hasta el 17 de noviembre en el campus. Se trata de un evento anual de divulgaci\u00f3n cient\u00edfica que se celebra a nivel europeo, con el objetivo de acercar la ciencia a la sociedad y despertar la vocaci\u00f3n cient\u00edfica entre la juventud. Las actividades organizadas por la UPO han sido coordinadas por la Oficina de Transferencia de Resultados de Investigaci\u00f3n (OTRI).<\/p>\n<p>&nbsp;<\/p>\n","protected":false},"excerpt":{"rendered":"<p>Estudiantes de secundaria, bachillerato y ciclos formativos han podido participar en distintos talleres te\u00f3rico-pr\u00e1cticos sobre temas en los que trabajan los cient\u00edficos y cient\u00edficas del CABD, conociendo m\u00e1s de cerca c\u00f3mo se investiga en biolog\u00eda del desarrollo. <\/p>\n","protected":false},"author":6,"featured_media":0,"comment_status":"closed","ping_status":"open","sticky":false,"template":"","format":"standard","meta":{"_monsterinsights_skip_tracking":false,"_monsterinsights_sitenote_active":false,"_monsterinsights_sitenote_note":"","_monsterinsights_sitenote_category":0,"footnotes":""},"categories":[6],"tags":[43,1411,2312,83,969],"class_list":["post-24890162","post","type-post","status-publish","format-standard","hentry","category-institucional","tag-cabd","tag-fundacion-descubre","tag-jornadas-de-puertas-abiertas","tag-otri","tag-semana-de-la-ciencia"],"_links":{"self":[{"href":"https:\/\/www.upo.es\/diario\/wp-json\/wp\/v2\/posts\/24890162","targetHints":{"allow":["GET"]}}],"collection":[{"href":"https:\/\/www.upo.es\/diario\/wp-json\/wp\/v2\/posts"}],"about":[{"href":"https:\/\/www.upo.es\/diario\/wp-json\/wp\/v2\/types\/post"}],"author":[{"embeddable":true,"href":"https:\/\/www.upo.es\/diario\/wp-json\/wp\/v2\/users\/6"}],"replies":[{"embeddable":true,"href":"https:\/\/www.upo.es\/diario\/wp-json\/wp\/v2\/comments?post=24890162"}],"version-history":[{"count":2,"href":"https:\/\/www.upo.es\/diario\/wp-json\/wp\/v2\/posts\/24890162\/revisions"}],"predecessor-version":[{"id":24890777,"href":"https:\/\/www.upo.es\/diario\/wp-json\/wp\/v2\/posts\/24890162\/revisions\/24890777"}],"wp:attachment":[{"href":"https:\/\/www.upo.es\/diario\/wp-json\/wp\/v2\/media?parent=24890162"}],"wp:term":[{"taxonomy":"category","embeddable":true,"href":"https:\/\/www.upo.es\/diario\/wp-json\/wp\/v2\/categories?post=24890162"},{"taxonomy":"post_tag","embeddable":true,"href":"https:\/\/www.upo.es\/diario\/wp-json\/wp\/v2\/tags?post=24890162"}],"curies":[{"name":"wp","href":"https:\/\/api.w.org\/{rel}","templated":true}]}}