{"id":2492249,"date":"2014-01-08T12:32:55","date_gmt":"2014-01-08T12:32:55","guid":{"rendered":"https:\/\/www.upo.es\/diario\/?p=2492249"},"modified":"2014-01-09T13:09:49","modified_gmt":"2014-01-09T13:09:49","slug":"arranca-la-segunda-edicion-del-proyecto-de-divulgacion-de-biotecnologia-febiotec-divulga","status":"publish","type":"post","link":"https:\/\/www.upo.es\/diario\/institucional\/2014\/01\/arranca-la-segunda-edicion-del-proyecto-de-divulgacion-de-biotecnologia-febiotec-divulga\/","title":{"rendered":"Arranca la segunda edici\u00f3n del proyecto de divulgaci\u00f3n de Biotecnolog\u00eda, FEBiotec Divulga"},"content":{"rendered":"<figure id=\"attachment_2492250\" aria-describedby=\"caption-attachment-2492250\" style=\"width: 320px\" class=\"wp-caption alignright\"><a href=\"https:\/\/www.upo.es\/diario\/wp-content\/uploads\/2014\/01\/febiotec.jpg\"><img loading=\"lazy\" decoding=\"async\" class=\"size-medium wp-image-2492250\" alt=\"FEBiotec Divulga tiene como objetivo dar a conocer el sector de la Biotecnolog\u00eda entre diferentes p\u00fablicos de distintas edades\" src=\"https:\/\/www.upo.es\/diario\/wp-content\/uploads\/2014\/01\/febiotec-320x214.jpg\" width=\"320\" height=\"214\" srcset=\"https:\/\/www.upo.es\/diario\/wp-content\/uploads\/2014\/01\/febiotec-320x214.jpg 320w, https:\/\/www.upo.es\/diario\/wp-content\/uploads\/2014\/01\/febiotec-1024x685.jpg 1024w, https:\/\/www.upo.es\/diario\/wp-content\/uploads\/2014\/01\/febiotec-600x401.jpg 600w, https:\/\/www.upo.es\/diario\/wp-content\/uploads\/2014\/01\/febiotec.jpg 1200w\" sizes=\"auto, (max-width: 320px) 100vw, 320px\" \/><\/a><figcaption id=\"caption-attachment-2492250\" class=\"wp-caption-text\">FEBiotec Divulga tiene como objetivo dar a conocer el sector de la Biotecnolog\u00eda entre diferentes p\u00fablicos de distintas edades<\/figcaption><\/figure>\n<p style=\"text-align: justify;\">El proyecto de divulgaci\u00f3n de Biotecnolog\u00eda, FEBiotec Divulga, arranca este a\u00f1o con su segunda edici\u00f3n a nivel nacional. Este proyecto organizado por la Federaci\u00f3n Espa\u00f1ola de Biotecn\u00f3logos (<a href=\"http:\/\/www.febiotec.es\/\">FEBiotec<\/a>) vuelve a estar presente en la red (<a href=\"http:\/\/www.febiotecdivulga.es\/\">www.febiotecdivulga.es<\/a>) y en un gran n\u00famero de provincias de todo el pa\u00eds.<\/p>\n<p style=\"text-align: justify;\">FEBiotec Divulga, que inicia sus actividades el 9 de enero en la provincia de C\u00e1diz, est\u00e1 formado por tres programas ya existentes cuyos fines son divulgativos y formativos: Biotechnofarm, Emprendevirus y Biodocentia. La finalidad de estos cursos es dar a conocer el sector biotecnol\u00f3gico entre diferentes p\u00fablicos de distintas edades. Actualmente, los programas de FEBiotec Divulga est\u00e1n presentes en 19 provincias a lo largo de la geograf\u00eda nacional, han conseguido acercar la Biotecnolog\u00eda a m\u00e1s de 5000 alumnos de Secundaria y Bachillerato y les ha hecho part\u00edcipes de su papel clave en nuestro d\u00eda a d\u00eda.<\/p>\n<p style=\"text-align: justify;\">Dentro de este proyecto se encuentra los proyectos \u201c<a href=\"http:\/\/biotechnofarm.febiotecdivulga.es\/\">Biotechnofarm<\/a>: sembrando los Biotecn\u00f3logos del futuro\u201d, un proyecto educativo que pretende fomentar las vocaciones cient\u00edficas y el conocimiento de la Biotecnolog\u00eda en j\u00f3venes de entre 16 y 17 a\u00f1os (4\u00ba de la E.S.O. y 1\u00ba de Bachillerato). Se realiza en A Coru\u00f1a, Alicante, Asturias, \u00c1vila, Burgos, C\u00e1ceres, C\u00e1diz, Castell\u00f3n, Le\u00f3n, Madrid, Murcia, Valladolid, Salamanca, Segovia, Sevilla, Soria, Tarragona, Teruel y Valencia.<\/p>\n<p style=\"text-align: justify;\">Otro de los programas m\u00e1s veteranos es \u201c<a href=\"http:\/\/emprendevirus.febiotecdivulga.es\/\">Emprendevirus <\/a>humano: inyectando\u00a0 el\u00a0 gen\u00a0 del\u00a0 emprendedor\u201d. Es la segunda de las actividades que engloba FEBiotec Divulga. Con una vocaci\u00f3n m\u00e1s profesional, el objetivo de este curso es el de fomentar el esp\u00edritu del emprendedor entre los j\u00f3venes espa\u00f1oles. El programa cuenta con la colaboraci\u00f3n de la empresa <a href=\"http:\/\/www.grupohesperides.es\/\">Grupo Hesp\u00e9rides Biotech,<\/a> compa\u00f1\u00eda Biotecnol\u00f3gica pionera creada por j\u00f3venes de la Universidad Pablo Olavide.<\/p>\n<p style=\"text-align: justify;\">La \u00faltima de las actividades coordinadas por FEBiotec Divulga es \u201c<a href=\"http:\/\/biodocentia.febiotecdivulga.es\/\">BioDocentia<\/a>\u201d, un curso de actualizaci\u00f3n en Biolog\u00eda Molecular y Biotecnolog\u00eda dirigido a profesores de ciencias de Educaci\u00f3n Secundaria. El curso, en el que ya han participado cerca de 80 profesores de toda Espa\u00f1a, se imparte este a\u00f1o en Le\u00f3n, Murcia, Valencia.<\/p>\n","protected":false},"excerpt":{"rendered":"<p>El proyecto de divulgaci\u00f3n de Biotecnolog\u00eda, FEBiotec Divulga, arranca este a\u00f1o con su segunda edici\u00f3n a nivel nacional. Este proyecto organizado por la Federaci\u00f3n Espa\u00f1ola de Biotecn\u00f3logos (FEBiotec) vuelve a estar presente en la red (www.febiotecdivulga.es) y en un gran n\u00famero de provincias de todo el pa\u00eds.<\/p>\n","protected":false},"author":4,"featured_media":0,"comment_status":"closed","ping_status":"open","sticky":false,"template":"","format":"standard","meta":{"_monsterinsights_skip_tracking":false,"_monsterinsights_sitenote_active":false,"_monsterinsights_sitenote_note":"","_monsterinsights_sitenote_category":0,"footnotes":""},"categories":[6],"tags":[121,970,396,124,167],"class_list":["post-2492249","post","type-post","status-publish","format-standard","hentry","category-institucional","tag-biotecnologia","tag-divulgacion","tag-emprendevirus","tag-febiotec","tag-grupo-hesperides"],"_links":{"self":[{"href":"https:\/\/www.upo.es\/diario\/wp-json\/wp\/v2\/posts\/2492249","targetHints":{"allow":["GET"]}}],"collection":[{"href":"https:\/\/www.upo.es\/diario\/wp-json\/wp\/v2\/posts"}],"about":[{"href":"https:\/\/www.upo.es\/diario\/wp-json\/wp\/v2\/types\/post"}],"author":[{"embeddable":true,"href":"https:\/\/www.upo.es\/diario\/wp-json\/wp\/v2\/users\/4"}],"replies":[{"embeddable":true,"href":"https:\/\/www.upo.es\/diario\/wp-json\/wp\/v2\/comments?post=2492249"}],"version-history":[{"count":4,"href":"https:\/\/www.upo.es\/diario\/wp-json\/wp\/v2\/posts\/2492249\/revisions"}],"predecessor-version":[{"id":2501770,"href":"https:\/\/www.upo.es\/diario\/wp-json\/wp\/v2\/posts\/2492249\/revisions\/2501770"}],"wp:attachment":[{"href":"https:\/\/www.upo.es\/diario\/wp-json\/wp\/v2\/media?parent=2492249"}],"wp:term":[{"taxonomy":"category","embeddable":true,"href":"https:\/\/www.upo.es\/diario\/wp-json\/wp\/v2\/categories?post=2492249"},{"taxonomy":"post_tag","embeddable":true,"href":"https:\/\/www.upo.es\/diario\/wp-json\/wp\/v2\/tags?post=2492249"}],"curies":[{"name":"wp","href":"https:\/\/api.w.org\/{rel}","templated":true}]}}