{"id":2502160,"date":"2014-01-09T14:39:29","date_gmt":"2014-01-09T14:39:29","guid":{"rendered":"https:\/\/www.upo.es\/diario\/?p=2502160"},"modified":"2014-01-09T14:39:29","modified_gmt":"2014-01-09T14:39:29","slug":"sobresaliente-cum-laude-para-la-tesis-los-nuevos-retos-del-derecho-de-comunicacion-publica-en-el-marco-de-las-nuevas-tecnologias","status":"publish","type":"post","link":"https:\/\/www.upo.es\/diario\/tesis\/2014\/01\/sobresaliente-cum-laude-para-la-tesis-los-nuevos-retos-del-derecho-de-comunicacion-publica-en-el-marco-de-las-nuevas-tecnologias\/","title":{"rendered":"Sobresaliente Cum Laude para la tesis \u201cLos nuevos retos del Derecho de Comunicaci\u00f3n P\u00fablica en el Marco de las Nuevas Tecnolog\u00edas\u201d"},"content":{"rendered":"<p>Hoy jueves ha tenido lugar en la sala de grados del edificio 7, la defensa p\u00fablica de la tesis doctoral titulada \u00abLos nuevos retos del Derecho de Comunicaci\u00f3n P\u00fablica en el Marco de las Nuevas Tecnolog\u00edas\u201d, de la que es autora Mar\u00eda del Roc\u00edo Camacho Sep\u00falveda. Esta tesis doctoral, dirigida por la profesora Mar\u00eda Serrano Fern\u00e1ndez, de la Universidad Pablo de Olavide, ha obtenido la calificaci\u00f3n de Sobresaliente Cum Laude.<\/p>\n","protected":false},"excerpt":{"rendered":"<p>Hoy jueves ha tenido lugar en la sala de grados del edificio 7, la defensa p\u00fablica de la tesis doctoral titulada \u00abLos nuevos retos del Derecho de Comunicaci\u00f3n P\u00fablica en el Marco de las Nuevas Tecnolog\u00edas\u201d, de la que es autora Mar\u00eda del Roc\u00edo Camacho Sep\u00falveda. Esta tesis doctoral, dirigida por la profesora Mar\u00eda Serrano Fern\u00e1ndez, de la Universidad Pablo de Olavide, ha obtenido la calificaci\u00f3n de Sobresaliente Cum Laude.<\/p>\n","protected":false},"author":5,"featured_media":0,"comment_status":"closed","ping_status":"open","sticky":false,"template":"","format":"standard","meta":{"_monsterinsights_skip_tracking":false,"_monsterinsights_sitenote_active":false,"_monsterinsights_sitenote_note":"","_monsterinsights_sitenote_category":0,"footnotes":""},"categories":[119],"tags":[350,87,217],"class_list":["post-2502160","post","type-post","status-publish","format-standard","hentry","category-tesis","tag-comunicacion","tag-derecho","tag-nuevas-tecnologias"],"_links":{"self":[{"href":"https:\/\/www.upo.es\/diario\/wp-json\/wp\/v2\/posts\/2502160","targetHints":{"allow":["GET"]}}],"collection":[{"href":"https:\/\/www.upo.es\/diario\/wp-json\/wp\/v2\/posts"}],"about":[{"href":"https:\/\/www.upo.es\/diario\/wp-json\/wp\/v2\/types\/post"}],"author":[{"embeddable":true,"href":"https:\/\/www.upo.es\/diario\/wp-json\/wp\/v2\/users\/5"}],"replies":[{"embeddable":true,"href":"https:\/\/www.upo.es\/diario\/wp-json\/wp\/v2\/comments?post=2502160"}],"version-history":[{"count":1,"href":"https:\/\/www.upo.es\/diario\/wp-json\/wp\/v2\/posts\/2502160\/revisions"}],"predecessor-version":[{"id":2502161,"href":"https:\/\/www.upo.es\/diario\/wp-json\/wp\/v2\/posts\/2502160\/revisions\/2502161"}],"wp:attachment":[{"href":"https:\/\/www.upo.es\/diario\/wp-json\/wp\/v2\/media?parent=2502160"}],"wp:term":[{"taxonomy":"category","embeddable":true,"href":"https:\/\/www.upo.es\/diario\/wp-json\/wp\/v2\/categories?post=2502160"},{"taxonomy":"post_tag","embeddable":true,"href":"https:\/\/www.upo.es\/diario\/wp-json\/wp\/v2\/tags?post=2502160"}],"curies":[{"name":"wp","href":"https:\/\/api.w.org\/{rel}","templated":true}]}}