{"id":25029072,"date":"2017-12-04T05:15:28","date_gmt":"2017-12-04T05:15:28","guid":{"rendered":"https:\/\/www.upo.es\/diario\/?p=25029072"},"modified":"2017-12-05T07:37:19","modified_gmt":"2017-12-05T07:37:19","slug":"la-facultad-de-ciencias-experimentales-celebra-hoy-sus-iv-jornadas-de-calidad","status":"publish","type":"post","link":"https:\/\/www.upo.es\/diario\/docencia-formacion\/2017\/12\/la-facultad-de-ciencias-experimentales-celebra-hoy-sus-iv-jornadas-de-calidad\/","title":{"rendered":"La Facultad de Ciencias Experimentales celebra sus IV Jornadas de Calidad"},"content":{"rendered":"<p>La decana de la Facultad de Experimentales de la Universidad Pablo de Olavide, <strong>Pilar Ortiz<\/strong>, y la delegada del Rector para la Calidad, <strong>Bel\u00e9n Floriano<\/strong>, abren hoy lunes,<strong> a las 9 horas en la sala de grados del edificio 6, las IV Jornadas de Calidad de este centro bajo el lema &#8216;Innovaci\u00f3n docente, calidad y coordinaci\u00f3n&#8217;<\/strong>.<\/p>\n<p>Las jornadas han sido organizadas por el equipo decanal de la Facultad con objeto de intercambiar experiencias de buenas pr\u00e1cticas docentes, conocer los proyectos de innovaci\u00f3n\u00a0 que se realizan en la Universidad en este campo y crear lazos de colaboraci\u00f3n entre las distintas facultades para acciones transversales, as\u00ed como compartir experiencias de innovaci\u00f3n, calidad y coordinaci\u00f3n. Las Jornadas, que se celebran tambi\u00e9n ma\u00f1ana martes d\u00eda 5, han sido organizadas en un formato din\u00e1mico, con ponencias de 15 minutos, m\u00e1s 5 minutos para preguntas y participaci\u00f3n del p\u00fablico asistente.<\/p>\n<p>Aunque muchas de las experiencias del programa se centran en materias impartidas en los grados de Nutrici\u00f3n, Ciencias Ambientales o Biotecnolog\u00eda, las Jornadas est\u00e1n dirigidas a toda la comunidad universitaria pues participan ponentes de varios centros y se tratar\u00e1n temas comunes en el \u00e1mbito docente como &#8216;Twitter como herramienta para la formaci\u00f3n en competencias&#8217;; &#8216;Comparativa de experiencias docentes en la Universidad Aut\u00f3noma de Madrid y la Universidad de Oxford&#8217;; y &#8216;El desarrollo de una competencia metaf\u00f3rica. Una propuesta did\u00e1ctica de innovaci\u00f3n educativa&#8217;, entre otros.<\/p>\n<p>&gt;<a href=\"https:\/\/www.upo.es\/export\/portal\/com\/bin\/portal\/fcex\/noticias\/IV_Jornada_Innovacion_Docente\/1512124786263_agenda_iv_jornadas_de_calidad_de_la_facultad_de_ciencias_experimentales.pdf\" target=\"_blank\">\u00a0IV Jornadas de Calidad de la Facultad de Ciencias Experimentales &#8211; Programa (PDF)<\/a><\/p>\n","protected":false},"excerpt":{"rendered":"<p>La decana de la Facultad de Experimentales de la Universidad Pablo de Olavide, Pilar Ortiz, y la delegada del Rector para la Calidad, Bel\u00e9n Floriano, abren hoy lunes, a las 9 horas en la sala de grados del edificio 6, las IV Jornadas de Calidad de este centro bajo el lema &#8216;Innovaci\u00f3n docente, calidad y coordinaci\u00f3n&#8217;. <\/p>\n","protected":false},"author":6,"featured_media":0,"comment_status":"closed","ping_status":"open","sticky":false,"template":"","format":"standard","meta":{"_monsterinsights_skip_tracking":false,"_monsterinsights_sitenote_active":false,"_monsterinsights_sitenote_note":"","_monsterinsights_sitenote_category":0,"footnotes":""},"categories":[2779],"tags":[2135,1973,122,2497,84,199],"class_list":["post-25029072","post","type-post","status-publish","format-standard","hentry","category-docencia-formacion","tag-calidad-e-innovacion","tag-docencia","tag-facultad-ciencias-experimentales","tag-innovacion-docente","tag-jornadas","tag-profesorado"],"_links":{"self":[{"href":"https:\/\/www.upo.es\/diario\/wp-json\/wp\/v2\/posts\/25029072","targetHints":{"allow":["GET"]}}],"collection":[{"href":"https:\/\/www.upo.es\/diario\/wp-json\/wp\/v2\/posts"}],"about":[{"href":"https:\/\/www.upo.es\/diario\/wp-json\/wp\/v2\/types\/post"}],"author":[{"embeddable":true,"href":"https:\/\/www.upo.es\/diario\/wp-json\/wp\/v2\/users\/6"}],"replies":[{"embeddable":true,"href":"https:\/\/www.upo.es\/diario\/wp-json\/wp\/v2\/comments?post=25029072"}],"version-history":[{"count":4,"href":"https:\/\/www.upo.es\/diario\/wp-json\/wp\/v2\/posts\/25029072\/revisions"}],"predecessor-version":[{"id":25031289,"href":"https:\/\/www.upo.es\/diario\/wp-json\/wp\/v2\/posts\/25029072\/revisions\/25031289"}],"wp:attachment":[{"href":"https:\/\/www.upo.es\/diario\/wp-json\/wp\/v2\/media?parent=25029072"}],"wp:term":[{"taxonomy":"category","embeddable":true,"href":"https:\/\/www.upo.es\/diario\/wp-json\/wp\/v2\/categories?post=25029072"},{"taxonomy":"post_tag","embeddable":true,"href":"https:\/\/www.upo.es\/diario\/wp-json\/wp\/v2\/tags?post=25029072"}],"curies":[{"name":"wp","href":"https:\/\/api.w.org\/{rel}","templated":true}]}}