{"id":25041615,"date":"2017-12-13T05:01:56","date_gmt":"2017-12-13T04:01:56","guid":{"rendered":"https:\/\/www.upo.es\/diario\/?p=25041615"},"modified":"2020-10-27T15:19:42","modified_gmt":"2020-10-27T14:19:42","slug":"el-estreno-del-documental-adriano-metamorfosis-tendra-lugar-el-12-de-diciembre-en-el-teatro-alameda","status":"publish","type":"post","link":"https:\/\/www.upo.es\/diario\/cultura\/2017\/12\/el-estreno-del-documental-adriano-metamorfosis-tendra-lugar-el-12-de-diciembre-en-el-teatro-alameda\/","title":{"rendered":"Estreno del documental \u201cAdriano &#8211; Metamorfosis\u201d en el Teatro Alameda"},"content":{"rendered":"<figure id=\"attachment_25103507\" aria-describedby=\"caption-attachment-25103507\" style=\"width: 600px\" class=\"wp-caption aligncenter\"><a href=\"https:\/\/www.upo.es\/diario\/wp-content\/uploads\/2017\/12\/12122017-1MOT2275.jpg\"><img loading=\"lazy\" decoding=\"async\" class=\"size-large wp-image-25103507\" alt=\"Presentaci\u00f3n del documental 'Adriano-Metamorfosis' en el Teatro Alameda\" src=\"https:\/\/www.upo.es\/diario\/wp-content\/uploads\/2017\/12\/12122017-1MOT2275-600x400.jpg\" width=\"600\" height=\"400\" srcset=\"https:\/\/www.upo.es\/diario\/wp-content\/uploads\/2017\/12\/12122017-1MOT2275-600x400.jpg 600w, https:\/\/www.upo.es\/diario\/wp-content\/uploads\/2017\/12\/12122017-1MOT2275-320x213.jpg 320w\" sizes=\"auto, (max-width: 600px) 100vw, 600px\" \/><\/a><figcaption id=\"caption-attachment-25103507\" class=\"wp-caption-text\">Presentaci\u00f3n del documental &#8216;Adriano-Metamorfosis&#8217; en el Teatro Alameda<\/figcaption><\/figure>\n<p>El rector de la Universidad Pablo de Olavide, <b>Vicente Guzm\u00e1n Fluja<\/b>, presidi\u00f3 ayer martes en el Teatro Alameda (C\/ Cr\u00e9dito, 13) el acto de presentaci\u00f3n al p\u00fablico del documental \u201c<b>Adriano \u2013 Metamorfosis<\/b>\u201d, una realizaci\u00f3n de La Nave de Tharsis coproducida por Canal Sur Televisi\u00f3n, Radio Televisi\u00f3n Espa\u00f1ola y Turismo de Turqu\u00eda con motivo de la conmemoraci\u00f3n de los 1.900 a\u00f1os del ascenso al trono de Roma por parte del Emperador Adriano.<\/p>\n<p>Bajo los auspicios de la exposici\u00f3n hom\u00f3nima que acoge el Museo Arqueol\u00f3gico de Sevilla hasta el 8 de abril de 2018 \u2013comisariada por el profesor del \u00c1rea de Historia Antigua de la Universidad Pablo de Olavide, <b>Juan Manuel Cort\u00e9s Copete<\/b>\u2013, el documental se ha rodado en siete pa\u00edses y cuenta con la participaci\u00f3n de 20 expertos y expertas, entre los que destacan Anthony Birley, Benedetta Adembri,\u00a0 Elena Calandra, Juan Manuel Abascal, Mart\u00edn Almagro, Elena Mu\u00f1iz y Alicia Canto.<\/p>\n<p>Durante 75 minutos, el director <b>Manuel Navarro<\/b> se aproxima a diferentes aspectos de la vida y obra del emperador italicense, recorriendo numerosos escenarios que acogieron cap\u00edtulos destacados de su reinado. El documental tiene fotograf\u00eda de <b>Francisco Silva<\/b> y\u00a0 montaje de <b>Carmen Mart\u00ednez Morenilla<\/b>.<\/p>\n<p>Gracias al apoyo del grupo de investigaci\u00f3n \u201cAdriano y la Integraci\u00f3n de la Diversidad Regional. Una perspectiva hist\u00f3rica e historiogr\u00e1fica\u201d, el documental profundiza en el proyecto pol\u00edtico del emperador as\u00ed como en diferentes facetas biogr\u00e1ficas del mismo. Adriano gobern\u00f3 el Imperio Romano durante su momento de mayor expansi\u00f3n y gloria, su verdadera Edad de Oro, siendo un gobernante que estuvo a la altura de las circunstancias. El documental -que recorre lugares adrianeos como Luxor, Delfos, \u00c9feso, Vindolanda, Vila Adriana o It\u00e1lica- muestra una reconstrucci\u00f3n en 3D del Traiaeum de It\u00e1lica, edificio nunca antes mostrado con esta tecnolog\u00eda.<\/p>\n<p>La exposici\u00f3n \u201cAdriano-Metamorfosis. El nacimiento de una nueva Roma\u201d en el Museo Arqueol\u00f3gico de Sevilla ha sido organizada por la Universidad Pablo de Olavide, la Universidad de Sevilla y la Consejer\u00eda de Cultura y se puede visitar en el propio museo y en el Conjunto Arqueol\u00f3gico de It\u00e1lica (Santiponce). Simult\u00e1neamente, en el Instituto de Historiograf\u00eda Julio Caro Baroja (Madrid), se ofrece una muestra sobre las lecturas e im\u00e1genes, modernas y contempor\u00e1neas, del emperador hispano. La muestra est\u00e1 concebida como una iniciativa com\u00fan conjunta de cinco pa\u00edses europeos con sede en la Universidad Pablo de Olavide y en \u00e9l participa personal investigador de instituciones acad\u00e9micas y cient\u00edficas de Grecia, Italia, Alemania y Gran Breta\u00f1a, junto con instituciones y universidades espa\u00f1olas.<\/p>\n<p>&nbsp;<\/p>\n<p><iframe loading=\"lazy\" src=\"https:\/\/www.youtube.com\/embed\/a_FA9sgdGMk\" height=\"315\" width=\"560\" allowfullscreen=\"\" frameborder=\"0\"><\/iframe><\/p>\n","protected":false},"excerpt":{"rendered":"<p>El rector de la Universidad Pablo de Olavide, Vicente Guzm\u00e1n Fluja, presidi\u00f3 en el Teatro Alameda (C\/ Cr\u00e9dito, 13) el acto de presentaci\u00f3n al p\u00fablico del documental \u201cAdriano \u2013 Metamorfosis\u201d, una realizaci\u00f3n de La Nave de Tharsis coproducida por Canal Sur Televisi\u00f3n, Radio Televisi\u00f3n Espa\u00f1ola y Turismo de Turqu\u00eda con motivo de la conmemoraci\u00f3n de los 1.900 a\u00f1os del ascenso al trono de Roma por parte del Emperador Adriano.<\/p>\n","protected":false},"author":14,"featured_media":0,"comment_status":"closed","ping_status":"open","sticky":false,"template":"","format":"standard","meta":{"_monsterinsights_skip_tracking":false,"_monsterinsights_sitenote_active":false,"_monsterinsights_sitenote_note":"","_monsterinsights_sitenote_category":0,"footnotes":""},"categories":[7],"tags":[2240,4591,222,4590,334,38,4592,4589],"class_list":["post-25041615","post","type-post","status-publish","format-standard","hentry","category-cultura","tag-adriano","tag-cansl-sur-television","tag-documental","tag-la-nave-de-tharsis","tag-presentacion","tag-rector","tag-rtve","tag-teatro-alameda"],"_links":{"self":[{"href":"https:\/\/www.upo.es\/diario\/wp-json\/wp\/v2\/posts\/25041615","targetHints":{"allow":["GET"]}}],"collection":[{"href":"https:\/\/www.upo.es\/diario\/wp-json\/wp\/v2\/posts"}],"about":[{"href":"https:\/\/www.upo.es\/diario\/wp-json\/wp\/v2\/types\/post"}],"author":[{"embeddable":true,"href":"https:\/\/www.upo.es\/diario\/wp-json\/wp\/v2\/users\/14"}],"replies":[{"embeddable":true,"href":"https:\/\/www.upo.es\/diario\/wp-json\/wp\/v2\/comments?post=25041615"}],"version-history":[{"count":9,"href":"https:\/\/www.upo.es\/diario\/wp-json\/wp\/v2\/posts\/25041615\/revisions"}],"predecessor-version":[{"id":25111171,"href":"https:\/\/www.upo.es\/diario\/wp-json\/wp\/v2\/posts\/25041615\/revisions\/25111171"}],"wp:attachment":[{"href":"https:\/\/www.upo.es\/diario\/wp-json\/wp\/v2\/media?parent=25041615"}],"wp:term":[{"taxonomy":"category","embeddable":true,"href":"https:\/\/www.upo.es\/diario\/wp-json\/wp\/v2\/categories?post=25041615"},{"taxonomy":"post_tag","embeddable":true,"href":"https:\/\/www.upo.es\/diario\/wp-json\/wp\/v2\/tags?post=25041615"}],"curies":[{"name":"wp","href":"https:\/\/api.w.org\/{rel}","templated":true}]}}